{"id":17138,"date":"2014-08-11T09:24:05","date_gmt":"2014-08-11T07:24:05","guid":{"rendered":"http:\/\/www.invarena.cz\/?p=17138"},"modified":"2014-08-11T09:24:05","modified_gmt":"2014-08-11T07:24:05","slug":"lekarna-cz-darky-pro-zakazniky-sije-chranena-dilna","status":"publish","type":"post","link":"https:\/\/www.invarena.cz\/?p=17138","title":{"rendered":"L\u00e9k\u00e1rna.cz: D\u00e1rky pro z\u00e1kazn\u00edky \u0161ije chr\u00e1n\u011bn\u00e1 d\u00edlna"},"content":{"rendered":"<p><strong>\u0160it\u00ed l\u00e1tkov\u00fdch s\u00e1\u010dk\u016f s levandul\u00ed si v chr\u00e1n\u011bn\u00e9 d\u00edln\u011b CEDR v Pardubic\u00edch zadala L\u00e9k\u00e1rna.cz, nejv\u011bt\u0161\u00ed internetov\u00fd e-shop s l\u00e9\u010div\u00fdmi p\u0159\u00edpravky, kosmetikou a drogeri\u00ed v \u010cR.<\/strong> <!--more--><\/p>\n<p>Vo\u0148av\u00e9 s\u00e1\u010dky maj\u00ed pot\u011b\u0161it z\u00e1kazn\u00edky, zak\u00e1zka zase podpo\u0159it zam\u011bstn\u00e1v\u00e1n\u00ed lidi se zdravotn\u00edm znev\u00fdhodn\u011bn\u00edm. L\u00e9k\u00e1rna.cz ji\u017e rozeslala dv\u011b tis\u00edcovky t\u011bchto vo\u0148av\u00fdch p\u0159ekvapen\u00ed sv\u00fdm z\u00e1kazn\u00edk\u016fm. \u201eVymysleli jsme ty s\u00e1\u010dky na m\u00edru a sna\u017eili se b\u00fdt do posledn\u00ed nitky origin\u00e1ln\u00ed. Nejen abychom vyhov\u011bli z\u00e1kazn\u00edkovi \u2013 L\u00e9k\u00e1rn\u011b.cz, ale proto\u017ee jsme chr\u00e1n\u011bn\u00e1 d\u00edlna, zam\u011bstn\u00e1v\u00e1me osoby se zdravotn\u00edm omezen\u00edm a ka\u017ed\u00e1 zak\u00e1zka je pro n\u00e1s velmi d\u016fle\u017eit\u00e1. D\u00edky levandulov\u00fdm s\u00e1\u010dk\u016fm jsme schopni d\u00e1t kontinu\u00e1ln\u00ed pr\u00e1ci pro na\u0161ich 5 zam\u011bstnanc\u016f v \u0161ic\u00ed d\u00edln\u011b,\u201c \u0159\u00edk\u00e1 Luk\u00e1\u0161 Hn\u00e1t, \u0159editel spole\u010dnosti CEDR Pardubice, o.p.s.<\/p>\n<p>\u201eCht\u011bli jsme te\u010f v\u00a0l\u00e9t\u011b ud\u011blat n\u011bco nav\u00edc \u2013 propojili jsme hezkou pr\u00e1ci zdravotn\u011b hendikepovan\u00fdch lid\u00ed s\u00a0radost\u00ed, kterou budou m\u00edt na\u0161i z\u00e1kazn\u00edci z\u00a0vo\u0148av\u00e9ho d\u00e1rku,\u201c vysv\u011btluje ideu d\u00e1rku Karel Klodner, \u0159editel L\u00e9k\u00e1rna.cz. Na ka\u017ed\u00e9m bal\u00ed\u010dku je tak\u00e9 dobr\u00e1 babsk\u00e1 rada pro zdrav\u00ed, proto\u017ee L\u00e9k\u00e1rna.cz se soust\u0159ed\u00ed na prodej \u0161irok\u00e9ho sortimentu produkt\u016f souvisej\u00edc\u00edch pr\u00e1v\u011b se zdrav\u00edm.<\/p>\n<p>tiskov\u00e1 zpr\u00e1va<\/p>\n<p>&nbsp;<\/p>\n","protected":false},"excerpt":{"rendered":"<div class=\"mh-excerpt\"><p>\u0160it\u00ed l\u00e1tkov\u00fdch s\u00e1\u010dk\u016f s levandul\u00ed si v chr\u00e1n\u011bn\u00e9 d\u00edln\u011b CEDR v Pardubic\u00edch zadala L\u00e9k\u00e1rna.cz, nejv\u011bt\u0161\u00ed internetov\u00fd e-shop s l\u00e9\u010div\u00fdmi p\u0159\u00edpravky, kosmetikou a drogeri\u00ed v \u010cR.<\/p>\n<\/div>","protected":false},"author":1,"featured_media":14121,"comment_status":"open","ping_status":"closed","sticky":false,"template":"","format":"standard","meta":{"footnotes":""},"categories":[7],"tags":[],"class_list":["post-17138","post","type-post","status-publish","format-standard","has-post-thumbnail","hentry","category-spolecnost"],"_links":{"self":[{"href":"https:\/\/www.invarena.cz\/index.php?rest_route=\/wp\/v2\/posts\/17138","targetHints":{"allow":["GET"]}}],"collection":[{"href":"https:\/\/www.invarena.cz\/index.php?rest_route=\/wp\/v2\/posts"}],"about":[{"href":"https:\/\/www.invarena.cz\/index.php?rest_route=\/wp\/v2\/types\/post"}],"author":[{"embeddable":true,"href":"https:\/\/www.invarena.cz\/index.php?rest_route=\/wp\/v2\/users\/1"}],"replies":[{"embeddable":true,"href":"https:\/\/www.invarena.cz\/index.php?rest_route=%2Fwp%2Fv2%2Fcomments&post=17138"}],"version-history":[{"count":0,"href":"https:\/\/www.invarena.cz\/index.php?rest_route=\/wp\/v2\/posts\/17138\/revisions"}],"wp:featuredmedia":[{"embeddable":true,"href":"https:\/\/www.invarena.cz\/index.php?rest_route=\/wp\/v2\/media\/14121"}],"wp:attachment":[{"href":"https:\/\/www.invarena.cz\/index.php?rest_route=%2Fwp%2Fv2%2Fmedia&parent=17138"}],"wp:term":[{"taxonomy":"category","embeddable":true,"href":"https:\/\/www.invarena.cz\/index.php?rest_route=%2Fwp%2Fv2%2Fcategories&post=17138"},{"taxonomy":"post_tag","embeddable":true,"href":"https:\/\/www.invarena.cz\/index.php?rest_route=%2Fwp%2Fv2%2Ftags&post=17138"}],"curies":[{"name":"wp","href":"https:\/\/api.w.org\/{rel}","templated":true}]}}