{"id":17159,"date":"2014-08-13T09:37:22","date_gmt":"2014-08-13T07:37:22","guid":{"rendered":"http:\/\/www.invarena.cz\/?p=17159"},"modified":"2014-08-13T09:37:38","modified_gmt":"2014-08-13T07:37:38","slug":"jizni-koreou-otrasly-dalsi-sebevrazdy-vojaku-zakladni-sluzby","status":"publish","type":"post","link":"https:\/\/www.invarena.cz\/?p=17159","title":{"rendered":"Ji\u017en\u00ed Koreou ot\u0159\u00e1sly dal\u0161\u00ed sebevra\u017edy voj\u00e1k\u016f"},"content":{"rendered":"<p><strong>T\u0159i nov\u00e9 sebevra\u017edy voj\u00e1k\u016f z\u00e1kladn\u00ed slu\u017eby pro\u0161et\u0159uje jihokorejsk\u00e1 arm\u00e1da. Jde o dal\u0161\u00ed p\u0159\u00edpady pokra\u010duj\u00edc\u00ed s\u00e9rie \u00famrt\u00ed, kter\u00e1 odkr\u00fdvaj\u00ed \u010dastou praktiku \u0161ikany a psychick\u00e9ho vyp\u011bt\u00ed mlad\u00fdch mu\u017e\u016f slou\u017e\u00edc\u00edch v izolovan\u00fdch jednotk\u00e1ch.<\/strong> <!--more--><\/p>\n<p>Informovala o tom dnes agentura AFP.<\/p>\n<p>Jednou z ob\u011bt\u00ed je jednadvacetilet\u00fd voj\u00e1k, kter\u00fd se zast\u0159elil ranou do obli\u010deje na st\u0159elnici sv\u00e9 jednotky asi 20 kilometr\u016f jihov\u00fdchodn\u011b od Soulu. Dva dal\u0161\u00ed voj\u00e1ci ve v\u011bku nad 20 let se spole\u010dn\u011b ob\u011bsili v dom\u011b jednoho z nich v dob\u011b, kdy byli na dovolen\u00e9.<\/p>\n<p>Oba mu\u017ei byli na seznamu voj\u00e1k\u016f vy\u017eaduj\u00edc\u00edch speci\u00e1ln\u00ed pozornost kv\u016fli psychick\u00e9 nestabilit\u011b. Jednoho z nich dokonce l\u00e9ka\u0159i v lo\u0148sk\u00e9m roce shledali nezp\u016fsobil\u00fdm pro v\u00fdkon z\u00e1kladn\u00ed vojensk\u00e9 slu\u017eby; mlad\u00edk ale na \u017e\u00e1dost sv\u00e9 matky ve vojensk\u00e9 povinnosti pokra\u010doval.<\/p>\n<p>Arm\u00e1da nyn\u00ed vy\u0161et\u0159uje, zda se mlad\u00edci nestali ter\u010dem \u0161ikany. P\u011bt voj\u00e1k\u016f ze stejn\u00e9 jednotky, jako dva posledn\u011b jmenovan\u00ed, bylo minul\u00fd m\u011bs\u00edc zadr\u017eeno v souvislosti s obvin\u011bn\u00edm z t\u00fdr\u00e1n\u00edm a \u0161ikanou t\u0159iadvacetilet\u00e9ho voj\u00e1ka, kter\u00fd se p\u0159i jejich bit\u00ed udusil kouskem j\u00eddla.<\/p>\n<p>V \u010dervnu cel\u00e1 Korea sledovala p\u0159\u00edpad dvaadvacetilet\u00e9ho ser\u017eanta, kter\u00fd za\u010dal st\u0159\u00edlet na sv\u00e9 kolegy v kas\u00e1rn\u00e1ch. P\u011bt jich zabil a sedm dal\u0161\u00edch zranil. Vy\u0161et\u0159ovatel\u016fm pozd\u011bji vypov\u011bd\u011bl, \u017ee ho neust\u00e1le zesm\u011b\u0161\u0148ovali a poni\u017eovali. Dva voj\u00e1ci ze stejn\u00e9 jednotky b\u011bhem \u010dervna sp\u00e1chali sebevra\u017edu.<\/p>\n","protected":false},"excerpt":{"rendered":"<div class=\"mh-excerpt\"><p>T\u0159i nov\u00e9 sebevra\u017edy voj\u00e1k\u016f z\u00e1kladn\u00ed slu\u017eby pro\u0161et\u0159uje jihokorejsk\u00e1 arm\u00e1da. Jde o dal\u0161\u00ed p\u0159\u00edpady pokra\u010duj\u00edc\u00ed s\u00e9rie \u00famrt\u00ed, kter\u00e1 odkr\u00fdvaj\u00ed \u010dastou praktiku \u0161ikany a psychick\u00e9ho vyp\u011bt\u00ed mlad\u00fdch <a class=\"mh-excerpt-more\" href=\"https:\/\/www.invarena.cz\/?p=17159\" title=\"Ji\u017en\u00ed Koreou ot\u0159\u00e1sly dal\u0161\u00ed sebevra\u017edy voj\u00e1k\u016f\">[&#8230;]<\/a><\/p>\n<\/div>","protected":false},"author":1,"featured_media":0,"comment_status":"open","ping_status":"closed","sticky":false,"template":"","format":"standard","meta":{"footnotes":""},"categories":[9],"tags":[],"class_list":["post-17159","post","type-post","status-publish","format-standard","hentry","category-zpravy"],"_links":{"self":[{"href":"https:\/\/www.invarena.cz\/index.php?rest_route=\/wp\/v2\/posts\/17159","targetHints":{"allow":["GET"]}}],"collection":[{"href":"https:\/\/www.invarena.cz\/index.php?rest_route=\/wp\/v2\/posts"}],"about":[{"href":"https:\/\/www.invarena.cz\/index.php?rest_route=\/wp\/v2\/types\/post"}],"author":[{"embeddable":true,"href":"https:\/\/www.invarena.cz\/index.php?rest_route=\/wp\/v2\/users\/1"}],"replies":[{"embeddable":true,"href":"https:\/\/www.invarena.cz\/index.php?rest_route=%2Fwp%2Fv2%2Fcomments&post=17159"}],"version-history":[{"count":0,"href":"https:\/\/www.invarena.cz\/index.php?rest_route=\/wp\/v2\/posts\/17159\/revisions"}],"wp:attachment":[{"href":"https:\/\/www.invarena.cz\/index.php?rest_route=%2Fwp%2Fv2%2Fmedia&parent=17159"}],"wp:term":[{"taxonomy":"category","embeddable":true,"href":"https:\/\/www.invarena.cz\/index.php?rest_route=%2Fwp%2Fv2%2Fcategories&post=17159"},{"taxonomy":"post_tag","embeddable":true,"href":"https:\/\/www.invarena.cz\/index.php?rest_route=%2Fwp%2Fv2%2Ftags&post=17159"}],"curies":[{"name":"wp","href":"https:\/\/api.w.org\/{rel}","templated":true}]}}