{"id":17174,"date":"2014-08-14T09:41:32","date_gmt":"2014-08-14T07:41:32","guid":{"rendered":"http:\/\/www.invarena.cz\/?p=17174"},"modified":"2014-08-14T10:33:29","modified_gmt":"2014-08-14T08:33:29","slug":"pacientske-rada-pomohla-dechove-rehabilitacni-pomucky-budou-od-zari-dostupnejsi","status":"publish","type":"post","link":"https:\/\/www.invarena.cz\/?p=17174","title":{"rendered":"Dechov\u00e9 rehabilita\u010dn\u00ed pom\u016fcky budou od z\u00e1\u0159\u00ed dostupn\u011bj\u0161\u00ed"},"content":{"rendered":"<p><strong>Vybran\u00e9 dechov\u00e9 rehabilita\u010dn\u00ed pom\u016fcky, kter\u00e9 pou\u017e\u00edvaj\u00ed nemocn\u00ed s r\u016fzn\u00fdmi poruchami d\u00fdch\u00e1n\u00ed, budou pro klienty VZP sn\u00e1ze dostupn\u00e9.<\/strong><\/p>\n<p><!--more--><\/p>\n<p><strong>Vybran\u00e9 dechov\u00e9 rehabilita\u010dn\u00ed pom\u016fcky, kter\u00e9 pou\u017e\u00edvaj\u00ed nemocn\u00ed s\u00a0r\u016fzn\u00fdmi poruchami d\u00fdch\u00e1n\u00ed, budou pro klienty VZP sn\u00e1ze dostupn\u00e9. Na z\u00e1klad\u011b \u017e\u00e1dosti, kter\u00e1 zazn\u011bla na jedn\u00e1n\u00ed Pacientsk\u00e9 rady VZP, se poji\u0161\u0165ovna rozhodla roz\u0161\u00ed\u0159it okruh l\u00e9ka\u0159\u016f, kte\u0159\u00ed budou moci tyto pom\u016fcky p\u0159edepisovat. <\/strong><\/p>\n<p><strong>Novinka m\u016f\u017ee usnadnit \u017eivot zejm\u00e9na pacient\u016fm s\u00a0neurologick\u00fdmi diagn\u00f3zami, jako je nap\u0159\u00edklad roztrou\u0161en\u00e1 skler\u00f3za, svalov\u00e1 dystrofie, myastenie \u010di spin\u00e1ln\u00ed svalov\u00e1 atrofie.<\/strong><\/p>\n<p><strong>\u00a0<\/strong><\/p>\n<p>Doposud mohli dechov\u00e9 rehabilita\u010dn\u00ed pom\u016fcky p\u0159edepisovat jen l\u00e9ka\u0159i odbornosti alergologie a klinick\u00e9 imunologie, pediatrie a pneumologie a ftizeologie. Od 1. z\u00e1\u0159\u00ed te\u010f nov\u011b budou moci tot\u00e9\u017e d\u011blat i neurologov\u00e9 a l\u00e9ka\u0159i s\u00a0odbornost\u00ed rehabilita\u010dn\u00ed a fyzik\u00e1ln\u00ed medic\u00edna.<\/p>\n<p>&nbsp;<\/p>\n<p>V\u00a0praxi to znamen\u00e1, \u017ee nap\u0159\u00edklad pacient\u016fm s\u00a0roztrou\u0161enou skler\u00f3zou, kte\u0159\u00ed pravideln\u011b nav\u0161t\u011bvuj\u00ed neurologa, d\u00edky tomu odpadne nutnost j\u00edt pot\u00e9 je\u0161t\u011b k\u00a0plicn\u00edmu l\u00e9ka\u0159i. Nov\u011b jim bude moci dechovou rehabilita\u010dn\u00ed pom\u016fcku napsat p\u0159i kontrole p\u0159\u00edmo i neurolog.<\/p>\n<p>&nbsp;<\/p>\n<p>P\u0159i jedn\u00e1n\u00ed Pacientsk\u00e9 rady po\u017e\u00e1dala o roz\u0161\u00ed\u0159en\u00ed okruhu p\u0159edepisuj\u00edc\u00edch l\u00e9ka\u0159\u016f Helena Br\u016fhov\u00e1, kter\u00e1 je p\u0159edsedkyn\u00ed ob\u010dansk\u00e9ho sdru\u017een\u00ed MYGRA. To sdru\u017euje pacienty s\u00a0diagn\u00f3zou myasthenia gravis. VZP uznala po\u017eadavek za opr\u00e1vn\u011bn\u00fd a bez pr\u016ftah\u016f mu vyhov\u011bla.<\/p>\n<p>&nbsp;<\/p>\n<p><strong>Mgr. Old\u0159ich Tich\u00fd<\/strong><\/p>\n<p>vedouc\u00ed tiskov\u00e9ho odd\u011blen\u00ed a tiskov\u00fd mluv\u010d\u00ed<\/p>\n<p>foto: www.advancedspinalcareandrehabilitationcoshocton.com<\/p>\n","protected":false},"excerpt":{"rendered":"<div class=\"mh-excerpt\"><p>Vybran\u00e9 dechov\u00e9 rehabilita\u010dn\u00ed pom\u016fcky, kter\u00e9 pou\u017e\u00edvaj\u00ed nemocn\u00ed s r\u016fzn\u00fdmi poruchami d\u00fdch\u00e1n\u00ed, budou pro klienty VZP sn\u00e1ze dostupn\u00e9.<\/p>\n<\/div>","protected":false},"author":1,"featured_media":17175,"comment_status":"open","ping_status":"closed","sticky":false,"template":"","format":"standard","meta":{"footnotes":""},"categories":[11],"tags":[],"class_list":["post-17174","post","type-post","status-publish","format-standard","has-post-thumbnail","hentry","category-zdravi"],"_links":{"self":[{"href":"https:\/\/www.invarena.cz\/index.php?rest_route=\/wp\/v2\/posts\/17174","targetHints":{"allow":["GET"]}}],"collection":[{"href":"https:\/\/www.invarena.cz\/index.php?rest_route=\/wp\/v2\/posts"}],"about":[{"href":"https:\/\/www.invarena.cz\/index.php?rest_route=\/wp\/v2\/types\/post"}],"author":[{"embeddable":true,"href":"https:\/\/www.invarena.cz\/index.php?rest_route=\/wp\/v2\/users\/1"}],"replies":[{"embeddable":true,"href":"https:\/\/www.invarena.cz\/index.php?rest_route=%2Fwp%2Fv2%2Fcomments&post=17174"}],"version-history":[{"count":0,"href":"https:\/\/www.invarena.cz\/index.php?rest_route=\/wp\/v2\/posts\/17174\/revisions"}],"wp:featuredmedia":[{"embeddable":true,"href":"https:\/\/www.invarena.cz\/index.php?rest_route=\/wp\/v2\/media\/17175"}],"wp:attachment":[{"href":"https:\/\/www.invarena.cz\/index.php?rest_route=%2Fwp%2Fv2%2Fmedia&parent=17174"}],"wp:term":[{"taxonomy":"category","embeddable":true,"href":"https:\/\/www.invarena.cz\/index.php?rest_route=%2Fwp%2Fv2%2Fcategories&post=17174"},{"taxonomy":"post_tag","embeddable":true,"href":"https:\/\/www.invarena.cz\/index.php?rest_route=%2Fwp%2Fv2%2Ftags&post=17174"}],"curies":[{"name":"wp","href":"https:\/\/api.w.org\/{rel}","templated":true}]}}