{"id":17177,"date":"2014-08-14T09:53:07","date_gmt":"2014-08-14T07:53:07","guid":{"rendered":"http:\/\/www.invarena.cz\/?p=17177"},"modified":"2014-08-14T09:53:07","modified_gmt":"2014-08-14T07:53:07","slug":"papousci-kamaradi-se-a-predstavi-je-vystava","status":"publish","type":"post","link":"https:\/\/www.invarena.cz\/?p=17177","title":{"rendered":"Papou\u0161ci. Kamar\u00e1d\u00ed se a p\u0159edstav\u00ed je v\u00fdstava"},"content":{"rendered":"<p><strong>I\u00a0<span style=\"color: #000000;\">\u00a0ob\u0159\u00ed barevn\u00ed papou\u0161ci mohou m\u00edt psychick\u00e9 probl\u00e9my, pak sebou \u0161kubou, hodn\u011b k\u0159i\u010d\u00ed a sebepo\u0161kozuj\u00ed se. Pr\u00e1v\u011b tito papou\u0161ci se ale stali sou\u010d\u00e1st\u00ed speci\u00e1ln\u00ed pta\u010d\u00ed skupiny, kter\u00e1 se kamar\u00e1d\u00ed s handicapovan\u00fdmi lidmi z Domova Laguna.\u00a0<\/span><\/strong><\/p>\n<p><!--more--><\/p>\n<p><span style=\"color: #000000;\">&#8222;Tento \u00fastav pe\u010duje o d\u011bti i dosp\u011bl\u00e9\u00a0<\/span><span class=\"highlight\" style=\"color: #000000;\">posti\u017een\u00e9<\/span><span style=\"color: #000000;\">\u00a0ment\u00e1ln\u00ed retardac\u00ed. Handicapovan\u00ed lid\u00e9 z\u00edskali novou \u017eivotn\u00ed motivaci, maj\u00ed za kamar\u00e1dy<\/span>\u00a0<span class=\"highlight\" style=\"color: #000000;\">posti\u017een\u00e9<\/span><span style=\"color: #000000;\">\u00a0papou\u0161ky a nav\u00edc mohou vytvo\u0159it v\u00fdtvarn\u00e1 d\u00edla s pta\u010d\u00ed tematikou. Jejich koup\u00ed m\u016f\u017eete domov podpo\u0159it,&#8220; uvedla Magdalena \u017dohov\u00e1, kter\u00e1 pat\u0159\u00ed mezi po\u0159adatele tradi\u010dn\u00ed v\u00fdstavy okrasn\u00e9ho ptactva ve sklen\u00edc\u00edch botanick\u00e9 zahrady u Karlova n\u00e1m\u011bst\u00ed.\u00a0<\/span><br style=\"color: #000000;\" \/><span style=\"color: #000000;\">Pr\u00e1v\u011b zde budou od z\u00edtra k vid\u011bn\u00ed nejen kresby, ale i n\u011bkte\u0159\u00ed z papou\u0161k\u016f a jejich pohnut\u00e9 p\u0159\u00edb\u011bhy. Celkem v\u0161ak bude mo\u017en\u00e9 na leto\u0161n\u00ed 75. v\u00fdstav\u011b obdivovat sto dvacet druh\u016f exotick\u00fdch pt\u00e1k\u016f um\u00edst\u011bn\u00fdch v pades\u00e1tce voli\u00e9r. Krom\u011b zn\u00e1m\u00fdch papou\u0161k\u016f mohou n\u00e1v\u0161t\u011bvn\u00edci vid\u011bt tak\u00e9 lorie, charmoz\u00edny, zvonky him\u00e1lajsk\u00e9, vchod bude st\u0159e\u017eit sovice Hedvika. V\u00fdstava bude ve sklen\u00edc\u00edch Na Slupi otev\u0159ena do konce srpna.\u00a0<\/span><br style=\"color: #000000;\" \/><br style=\"color: #000000;\" \/><a style=\"color: #aa653a;\" href=\"http:\/\/www.metro.cz\/\" target=\"_blank\">http:\/\/www.metro.cz<\/a><\/p>\n","protected":false},"excerpt":{"rendered":"<div class=\"mh-excerpt\"><p>I\u00a0\u00a0ob\u0159\u00ed barevn\u00ed papou\u0161ci mohou m\u00edt psychick\u00e9 probl\u00e9my, pak sebou \u0161kubou, hodn\u011b k\u0159i\u010d\u00ed a sebepo\u0161kozuj\u00ed se. Pr\u00e1v\u011b tito papou\u0161ci se ale stali sou\u010d\u00e1st\u00ed speci\u00e1ln\u00ed pta\u010d\u00ed skupiny, <a class=\"mh-excerpt-more\" href=\"https:\/\/www.invarena.cz\/?p=17177\" title=\"Papou\u0161ci. Kamar\u00e1d\u00ed se a p\u0159edstav\u00ed je v\u00fdstava\">[&#8230;]<\/a><\/p>\n<\/div>","protected":false},"author":1,"featured_media":14820,"comment_status":"open","ping_status":"closed","sticky":false,"template":"","format":"standard","meta":{"footnotes":""},"categories":[7],"tags":[],"class_list":["post-17177","post","type-post","status-publish","format-standard","has-post-thumbnail","hentry","category-spolecnost"],"_links":{"self":[{"href":"https:\/\/www.invarena.cz\/index.php?rest_route=\/wp\/v2\/posts\/17177","targetHints":{"allow":["GET"]}}],"collection":[{"href":"https:\/\/www.invarena.cz\/index.php?rest_route=\/wp\/v2\/posts"}],"about":[{"href":"https:\/\/www.invarena.cz\/index.php?rest_route=\/wp\/v2\/types\/post"}],"author":[{"embeddable":true,"href":"https:\/\/www.invarena.cz\/index.php?rest_route=\/wp\/v2\/users\/1"}],"replies":[{"embeddable":true,"href":"https:\/\/www.invarena.cz\/index.php?rest_route=%2Fwp%2Fv2%2Fcomments&post=17177"}],"version-history":[{"count":0,"href":"https:\/\/www.invarena.cz\/index.php?rest_route=\/wp\/v2\/posts\/17177\/revisions"}],"wp:featuredmedia":[{"embeddable":true,"href":"https:\/\/www.invarena.cz\/index.php?rest_route=\/wp\/v2\/media\/14820"}],"wp:attachment":[{"href":"https:\/\/www.invarena.cz\/index.php?rest_route=%2Fwp%2Fv2%2Fmedia&parent=17177"}],"wp:term":[{"taxonomy":"category","embeddable":true,"href":"https:\/\/www.invarena.cz\/index.php?rest_route=%2Fwp%2Fv2%2Fcategories&post=17177"},{"taxonomy":"post_tag","embeddable":true,"href":"https:\/\/www.invarena.cz\/index.php?rest_route=%2Fwp%2Fv2%2Ftags&post=17177"}],"curies":[{"name":"wp","href":"https:\/\/api.w.org\/{rel}","templated":true}]}}