{"id":17182,"date":"2014-08-14T10:44:28","date_gmt":"2014-08-14T08:44:28","guid":{"rendered":"http:\/\/www.invarena.cz\/?p=17182"},"modified":"2014-08-14T10:44:28","modified_gmt":"2014-08-14T08:44:28","slug":"cely-zivot-pomaha-ted-potrebuje-pomoci","status":"publish","type":"post","link":"https:\/\/www.invarena.cz\/?p=17182","title":{"rendered":"Cel\u00fd \u017eivot pom\u00e1h\u00e1, te\u010f pot\u0159ebuje pomoci"},"content":{"rendered":"<p><strong>Marcela Rebernakov\u00e1 posledn\u00ed roky \u017eivota zasv\u011btila pomoci ostatn\u00edm. D\u00edky znalosti autismu a z\u00e1kon\u016f pomohla des\u00edtk\u00e1m lid\u00ed. Nakonec pot\u0159ebuje pomoc ona sama.<\/strong> <!--more--><\/p>\n<p><em><strong> TV Barrandov &#8211; report\u00e1\u017e<\/strong><\/em><\/p>\n<p>Bojuje se smrtelnou nemoc\u00ed a boj\u00ed se o budoucnost sv\u00e9 t\u011b\u017ece <span class=\"highlight\">posti\u017een\u00e9ho<\/span> syna Erika. Sama u\u017e se o n\u011bj nedok\u00e1\u017ee postarat a tak hroz\u00ed, \u017ee ho bude muset d\u00e1t do \u00fastavu.<\/p>\n<p>Prvn\u00ed r\u00e1na p\u0159i\u0161la p\u0159ed osmi lety. Vytou\u017een\u00e9mu synovi byly dva roky a l\u00e9ka\u0159i mu diagnostikovali t\u011b\u017ekou formu autismu. To ale Marcelu nezlomilo. Vzdala se pr\u00e1ce u divadla a sv\u016fj \u017eivot zasv\u011btila p\u00e9\u010di o syna a tak\u00e9 pomoci ostatn\u00edm matk\u00e1m, kter\u00e9 vychov\u00e1vaj\u00ed autisty. P\u0159ed dv\u011bma lety ale p\u0159i\u0161la druh\u00e1 r\u00e1na. L\u00e9ka\u0159i j\u00ed diagnostikovali rakovinu.<\/p>\n<p>Marcela REBERNAKOV\u00c1<br \/>\nNejde se mi tam lehko, proto\u017ee c\u00edt\u00edm, \u017ee to nebude lehk\u00e9 obdob\u00ed, ale jsem r\u00e1da, \u017ee ta mo\u017enost l\u00e9\u010dby je.<\/p>\n<p>redaktorka:<br \/>\nJen\u017ee chemoterapie nezabraly a z \u00fast l\u00e9ka\u0159e si vyslechla ten nejhor\u0161\u00ed ortel.<\/p>\n<p>REBERNAKOV\u00c1 :<br \/>\nL\u00e9ka\u0159 v podstat\u011b ukon\u010dil l\u00e9\u010dbu s t\u00edm, \u017ee ofici\u00e1ln\u00ed medic\u00edna pro m\u011b u\u017e nem\u00e1 prost\u0159edky a \u017ee si m\u00e1m j\u00edt uspo\u0159\u00e1dat svoje v\u011bci.<\/p>\n<p>redaktorka:<br \/>\nSpol\u00e9h\u00e1 nyn\u00ed na dostatek odpo\u010dinku a tak\u00e9 p\u0159\u00e1tele, kte\u0159\u00ed j\u00ed se v\u0161\u00edm pom\u00e1haj\u00ed.<\/p>\n<p>REBERNAKOV\u00c1:<br \/>\nJ\u00e1 v\u016fbec nev\u011b\u0159\u00edm v to, \u017ee by n\u011bjak\u00e1 \u0161ance nebyla.<\/p>\n<p>redaktorka:<br \/>\nNejd\u016fle\u017eit\u011bj\u0161\u00ed pro ni st\u00e1le z\u016fst\u00e1v\u00e1 syn Erik a to, aby neskon\u010dil v \u00fastavu. Nem\u00e1 toti\u017e u\u017e dost sil, aby p\u00e9\u010di o n\u011bj zvl\u00e1dla sama. Kamar\u00e1dky proto uspo\u0159\u00e1daly sb\u00edrku.<\/p>\n<p>Monika REJSKOV\u00c1, kamar\u00e1dka:<br \/>\nSna\u017e\u00edme se nasb\u00edrat co nejv\u00edc, aby jej\u00ed syn Erik mohl z\u016fstat s maminkou doma. Pen\u011bz bude pot\u0159eba hodn\u011b, proto\u017ee asistence je velmi drah\u00e1, minim\u00e1ln\u00ed \u010d\u00e1stka je tis\u00edc korun na den.<\/p>\n<p>redaktorka:<br \/>\nKrom\u011b hl\u00edd\u00e1n\u00ed je t\u0159eba aby Erikovi n\u011bkdo va\u0159il a tak\u00e9 ho vozil do vzd\u011bl\u00e1vac\u00edho st\u0159ediska a zp\u011bt.<\/p>\n<p>REBERNAKOV\u00c1:<br \/>\nJsem stra\u0161n\u011b r\u00e1da, \u017ee m\u00e1m okolo sebe p\u0159\u00e1tele, kte\u0159\u00ed v tak t\u011b\u017ekou chv\u00edli m\u011b v\u011bnuj\u00ed jakoukoliv pozornost.<\/p>\n<p>redaktorka:<br \/>\nMarcela zat\u00edm odm\u00edt\u00e1 boj s \u010dasem vzd\u00e1t. V\u011b\u0159\u00ed, \u017ee se j\u00ed s pomoc\u00ed lid\u00ed poda\u0159\u00ed desetilet\u00e9ho handicapovan\u00e9ho syna aspo\u0148 na n\u011bjak\u00fd \u010das zabezpe\u010dit. To je te\u010f jej\u00ed nejv\u011bt\u0161\u00ed starost.<\/p>\n","protected":false},"excerpt":{"rendered":"<div class=\"mh-excerpt\"><p>Marcela Rebernakov\u00e1 posledn\u00ed roky \u017eivota zasv\u011btila pomoci ostatn\u00edm. D\u00edky znalosti autismu a z\u00e1kon\u016f pomohla des\u00edtk\u00e1m lid\u00ed. Nakonec pot\u0159ebuje pomoc ona sama.<\/p>\n<\/div>","protected":false},"author":1,"featured_media":0,"comment_status":"open","ping_status":"closed","sticky":false,"template":"","format":"standard","meta":{"footnotes":""},"categories":[9],"tags":[],"class_list":["post-17182","post","type-post","status-publish","format-standard","hentry","category-zpravy"],"_links":{"self":[{"href":"https:\/\/www.invarena.cz\/index.php?rest_route=\/wp\/v2\/posts\/17182","targetHints":{"allow":["GET"]}}],"collection":[{"href":"https:\/\/www.invarena.cz\/index.php?rest_route=\/wp\/v2\/posts"}],"about":[{"href":"https:\/\/www.invarena.cz\/index.php?rest_route=\/wp\/v2\/types\/post"}],"author":[{"embeddable":true,"href":"https:\/\/www.invarena.cz\/index.php?rest_route=\/wp\/v2\/users\/1"}],"replies":[{"embeddable":true,"href":"https:\/\/www.invarena.cz\/index.php?rest_route=%2Fwp%2Fv2%2Fcomments&post=17182"}],"version-history":[{"count":0,"href":"https:\/\/www.invarena.cz\/index.php?rest_route=\/wp\/v2\/posts\/17182\/revisions"}],"wp:attachment":[{"href":"https:\/\/www.invarena.cz\/index.php?rest_route=%2Fwp%2Fv2%2Fmedia&parent=17182"}],"wp:term":[{"taxonomy":"category","embeddable":true,"href":"https:\/\/www.invarena.cz\/index.php?rest_route=%2Fwp%2Fv2%2Fcategories&post=17182"},{"taxonomy":"post_tag","embeddable":true,"href":"https:\/\/www.invarena.cz\/index.php?rest_route=%2Fwp%2Fv2%2Ftags&post=17182"}],"curies":[{"name":"wp","href":"https:\/\/api.w.org\/{rel}","templated":true}]}}