{"id":17207,"date":"2014-08-18T18:56:01","date_gmt":"2014-08-18T16:56:01","guid":{"rendered":"http:\/\/www.invarena.cz\/?p=17207"},"modified":"2014-08-18T18:56:01","modified_gmt":"2014-08-18T16:56:01","slug":"skanzen-zve-na-dny-umeni-nevidomych-na-morave","status":"publish","type":"post","link":"https:\/\/www.invarena.cz\/?p=17207","title":{"rendered":"Skanzen zve na Dny um\u011bn\u00ed nevidom\u00fdch na Morav\u011b"},"content":{"rendered":"<p><strong><span style=\"color: #000000;\">Ro\u017enov pod Radho\u0161t\u011bm \u2013 Netradi\u010dn\u00ed hudebn\u00ed z\u00e1\u017eitek v pod\u00e1n\u00ed\u00a0<\/span><span class=\"highlight\" style=\"color: #000000;\">nevidom\u00fdch<\/span><span style=\"color: #000000;\">\u00a0zp\u011bv\u00e1k\u016f M\u00e1riana Banga a Radka \u017daluda p\u0159ipravuje ro\u017enovsk\u00fd skanzen. <\/span><\/strong><\/p>\n<p><!--more--><\/p>\n<p>&nbsp;<\/p>\n<p>&nbsp;<\/p>\n<p>&nbsp;<\/p>\n<p><span style=\"color: #000000;\">N\u00e1v\u0161t\u011bvn\u00edci se mohou t\u011b\u0161it na pestr\u00fd reperto\u00e1r. S\u00f3lov\u00e1 vystoupen\u00ed obou zp\u011bv\u00e1k\u016f i spole\u010dn\u00e9 duety.\u00a0<\/span><br style=\"color: #000000;\" \/><span style=\"color: #000000;\">Akce se kon\u00e1 v r\u00e1mci festivalu Dny um\u011bn\u00ed\u00a0<\/span><span class=\"highlight\" style=\"color: #000000;\">nevidom\u00fdch<\/span><span style=\"color: #000000;\">\u00a0na Morav\u011b. &#8222;Po\u0159\u00e1d\u00e1na je ve spolupr\u00e1ci se Sjednocenou organizac\u00ed\u00a0<\/span><span class=\"highlight\" style=\"color: #000000;\">nevidom\u00fdch<\/span><span style=\"color: #000000;\">\u00a0a slabozrak\u00fdch \u010cR, oblastn\u00ed pobo\u010dkou Vset\u00edn,&#8220; \u0159ekla tiskov\u00e1 mluv\u010d\u00ed skanzenu Petra Val\u00ed\u010dkov\u00e1.\u00a0<\/span><br style=\"color: #000000;\" \/><span style=\"color: #000000;\">Vystoupen\u00ed\u00a0<\/span><span class=\"highlight\" style=\"color: #000000;\">nevidom\u00fdch<\/span><span style=\"color: #000000;\">\u00a0um\u011blc\u016f se uskute\u010dn\u00ed 21. srpna od 15 hodin v Komorn\u00edm amfite\u00e1tru skanzenu. V p\u0159\u00edpad\u011b nep\u0159\u00edzniv\u00e9ho po\u010das\u00ed bude koncert p\u0159esunut do Jan\u00edkovy stodoly D\u0159ev\u011bn\u00e9ho m\u011bste\u010dka.\u00a0<\/span><strong><br style=\"color: #000000;\" \/><\/strong><\/p>\n<p><a style=\"color: #aa653a;\" href=\"http:\/\/www.vlp.cz\/\" target=\"_blank\">http:\/\/www.vlp.cz<\/a><\/p>\n","protected":false},"excerpt":{"rendered":"<div class=\"mh-excerpt\"><p>Ro\u017enov pod Radho\u0161t\u011bm \u2013 Netradi\u010dn\u00ed hudebn\u00ed z\u00e1\u017eitek v pod\u00e1n\u00ed\u00a0nevidom\u00fdch\u00a0zp\u011bv\u00e1k\u016f M\u00e1riana Banga a Radka \u017daluda p\u0159ipravuje ro\u017enovsk\u00fd skanzen.<\/p>\n<\/div>","protected":false},"author":1,"featured_media":1782,"comment_status":"open","ping_status":"closed","sticky":false,"template":"","format":"standard","meta":{"footnotes":""},"categories":[9],"tags":[],"class_list":["post-17207","post","type-post","status-publish","format-standard","has-post-thumbnail","hentry","category-zpravy"],"_links":{"self":[{"href":"https:\/\/www.invarena.cz\/index.php?rest_route=\/wp\/v2\/posts\/17207","targetHints":{"allow":["GET"]}}],"collection":[{"href":"https:\/\/www.invarena.cz\/index.php?rest_route=\/wp\/v2\/posts"}],"about":[{"href":"https:\/\/www.invarena.cz\/index.php?rest_route=\/wp\/v2\/types\/post"}],"author":[{"embeddable":true,"href":"https:\/\/www.invarena.cz\/index.php?rest_route=\/wp\/v2\/users\/1"}],"replies":[{"embeddable":true,"href":"https:\/\/www.invarena.cz\/index.php?rest_route=%2Fwp%2Fv2%2Fcomments&post=17207"}],"version-history":[{"count":0,"href":"https:\/\/www.invarena.cz\/index.php?rest_route=\/wp\/v2\/posts\/17207\/revisions"}],"wp:featuredmedia":[{"embeddable":true,"href":"https:\/\/www.invarena.cz\/index.php?rest_route=\/wp\/v2\/media\/1782"}],"wp:attachment":[{"href":"https:\/\/www.invarena.cz\/index.php?rest_route=%2Fwp%2Fv2%2Fmedia&parent=17207"}],"wp:term":[{"taxonomy":"category","embeddable":true,"href":"https:\/\/www.invarena.cz\/index.php?rest_route=%2Fwp%2Fv2%2Fcategories&post=17207"},{"taxonomy":"post_tag","embeddable":true,"href":"https:\/\/www.invarena.cz\/index.php?rest_route=%2Fwp%2Fv2%2Ftags&post=17207"}],"curies":[{"name":"wp","href":"https:\/\/api.w.org\/{rel}","templated":true}]}}