{"id":17211,"date":"2014-08-19T07:10:50","date_gmt":"2014-08-19T05:10:50","guid":{"rendered":"http:\/\/www.invarena.cz\/?p=17211"},"modified":"2014-08-19T08:49:37","modified_gmt":"2014-08-19T06:49:37","slug":"bolest-a-krik-tak-vypada-valka","status":"publish","type":"post","link":"https:\/\/www.invarena.cz\/?p=17211","title":{"rendered":"Bolest a k\u0159ik. Tak vypad\u00e1 v\u00e1lka"},"content":{"rendered":"<p><strong>Mezin\u00e1rodn\u00ed humanit\u00e1rn\u00ed organizace <span class=\"highlight\">l\u00e9ka\u0159\u016f<\/span> na pomoc ran\u011bn\u00fdm a nemocn\u00fdm d\u011btem v oblastech kriz\u00ed &#8211; Mezin\u00e1rodn\u00ed d\u011btsk\u00fd k\u0159\u00ed\u017e se s\u00eddlem v \u010cR &#8211; zaslala sv\u00e9 stanovisko k v\u00e1lce na v\u00fdchod\u011b Ukrajiny. <span class=\"highlight\">L\u00e9ka\u0159i, kte\u0159\u00ed <\/span>zde p\u016fsob\u00ed, poch\u00e1zej\u00ed z 29 zem\u00ed sv\u011bta.<\/strong><!--more--><\/p>\n<p>\u00bbJako <span class=\"highlight\">l\u00e9ka\u0159i<\/span> se \u0159\u00edd\u00edme Hippokratovou p\u0159\u00edsahou a poskytujeme pomoc ka\u017ed\u00e9mu, kdo ji pot\u0159ebuje. Na Majdanu jsme o\u0161et\u0159ovali ran\u011bn\u00e9 civilisty, p\u0159\u00edslu\u0161n\u00edky Berkutu i banderovce. Ti n\u00e1m zmrza\u010dili dva <span class=\"highlight\">l\u00e9ka\u0159e<\/span> proto, \u017ee mluvili rusky, ale nebyli to Rusov\u00e9. V t\u011b\u017ece zkou\u0161en\u00fdch regionech Donbasu, Don\u011bcka, Luhanska vid\u011bli na\u0161i <span class=\"highlight\">l\u00e9ka\u0159i<\/span> tolik hr\u016fzy a lidsk\u00e9ho utrpen\u00ed, \u017ee nemohou ml\u010det a vyjad\u0159uj\u00ed sv\u016fj lidsk\u00fd protest proti t\u00e9to nesmysln\u00e9 v\u00e1lce. Jsme p\u0159edev\u0161\u00edm chirurgov\u00e9, mnoz\u00ed se specializac\u00ed na v\u00e1le\u010dnou chirurgii, zvykl\u00ed na krev a r\u00e1ny, ale p\u0159edstavte si t\u011b\u017ek\u00e1 v\u00e1le\u010dn\u00e1 zran\u011bn\u00ed mal\u00fdch d\u011bt\u00ed &#8211; \u010dasto tak destruktivn\u00ed, \u017ee jim n\u00e1sledky z\u016fstanou na cel\u00fd \u017eivot. P\u0159edstavte si d\u011bti s utr\u017een\u00fdmi kon\u010detinami, s pr\u016fst\u0159ely b\u0159\u00ed\u0161ka, s t\u011b\u017ek\u00fdmi poran\u011bn\u00edmi hlavy, hrudn\u00edku apod. D\u011bti, k\u0159i\u010d\u00edc\u00ed strachem a bolest\u00ed. Mnoh\u00e9 z nich se je\u0161t\u011b nenau\u010dily chodit, mluvit, nech\u00e1pou, co se d\u011bje. P\u0159edstavte si matky a jejich utrpen\u00ed. Ano, tak vypad\u00e1 v\u00e1lka. Zn\u00e1me ji surovou a krutou v cel\u00e9 jej\u00ed podstat\u011b,\u00ab p\u00ed\u0161e se v prohl\u00e1\u0161en\u00ed podepsan\u00e9m prezidentkou organizace Ta\u0165janou Hor\u00e1kovou.<\/p>\n<p>\u017deny-l\u00e9ka\u0159ky pos\u00edlaj\u00ed trp\u00edc\u00edm matk\u00e1m projevy \u00fa\u010dasti a solidarity a oce\u0148uj\u00ed p\u0159\u00edstup Rusk\u00e9 federace ke krizov\u00e9 situaci. Rusk\u00fd prezident m\u00e1 povinnost chr\u00e1nit svou vlast a mus\u00ed si zabezpe\u010dit hranici, od kter\u00e9 p\u00e1r kilometr\u016f zu\u0159\u00ed v\u00e1lka.<\/p>\n<p>\u00bbKdo podsouv\u00e1 jin\u00e1 vysv\u011btlen\u00ed, l\u017ee,\u00ab stoj\u00ed v prohl\u00e1\u0161en\u00ed. \u00bbVl\u00eddnost, s jakou Rusov\u00e9 p\u0159ij\u00edmaj\u00ed b\u011b\u017eence, jak bez probl\u00e9mu poskytuj\u00ed pomoc ran\u011bn\u00fdm ukrajinsk\u00fdm voj\u00e1k\u016fm, jak se sna\u017eili domluvit s Kyjevem a nab\u00edzeli pomoc, p\u0159evoz nemocn\u00fdch d\u011bt\u00ed do bezpe\u010d\u00ed. Vysoce oce\u0148ujeme lidsk\u00e9 gesto rusk\u00e9 vl\u00e1dy, kter\u00e1 pos\u00edl\u00e1 posti\u017een\u00fdm oblastem konvoj t\u00e9m\u011b\u0159 t\u0159\u00ed set vozidel humanit\u00e1rn\u00ed pomoci. Nech\u00e1peme, \u017ee Kyjev d\u011bl\u00e1 obstrukce a vym\u00fd\u0161l\u00ed nesmysln\u00e9 d\u016fvody a p\u0159ek\u00e1\u017eky rychl\u00e9mu poskytnut\u00ed pomoci,\u00ab stoj\u00ed ve stanovisku.<\/p>\n<p>V\u00e1lka, to jsou i ob\u011bti na \u017eivotech. \u017del, i na \u017eivotech bezbrann\u00fdch d\u011bt\u00ed. Nejednou n\u00e1m um\u00edraj\u00ed v n\u00e1ru\u010di, ani\u017e bychom jim mohli pomoci. Ve vyhasl\u00fdch o\u010d\u00edch zabit\u00fdch d\u011bt\u00ed je v\u00fd\u010ditka. Ty o\u010di pros\u00ed, varuj\u00ed i \u017ealuj\u00ed! Vyz\u00fdv\u00e1me k m\u00edrov\u00fdm jedn\u00e1n\u00edm o okam\u017eit\u00e9m ukon\u010den\u00ed ozbrojen\u00e9ho konfliktu na jihov\u00fdchod\u011b Ukrajiny &#8211; \u010dteme d\u00e1le ve stanovisku.<\/p>\n<p>\u00bbA \u017e\u00e1d\u00e1me poslat p\u0159ed tribun\u00e1l do Haagu ty, kte\u0159\u00ed pod rou\u0161kou obrany celistvosti zem\u011b sleduj\u00ed jedin\u00fd c\u00edl, dostat Rusko na kolena. Jejich jedn\u00e1n\u00ed, \u00fatoky t\u011b\u017ekou bojovou technikou na os\u00eddlen\u00e1 m\u011bsta a vesnice jsou zlo\u010diny proti lidskosti a m\u00edru, jsou to v\u00e1le\u010dn\u00e9 zlo\u010diny, kter\u00e9 nesm\u011bj\u00ed b\u00fdt proml\u010deny. Proto m\u00edr Donbasu, Don\u011bcku, Luhansku! D\u011btem \u017eivot, sv\u011btu m\u00edr!\u00ab<\/p>\n<p>Organizace zaslala gener\u00e1ln\u00edmu tajemn\u00edku OSN nal\u00e9havou v\u00fdzvu, aby se v prostoru na jihov\u00fdchod\u011b Ukrajiny zasadil o okam\u017eit\u00e9 vytvo\u0159en\u00ed humanit\u00e1rn\u00edho koridoru, kter\u00fdm by se co nejd\u0159\u00edve dostala pomoc k civiln\u00edmu obyvatelstvu a j\u00edm\u017e by bylo mo\u017en\u00e9 evakuovat ran\u011bn\u00e9 a nemocn\u00e9.<\/p>\n<p>Hal\u00f3 noviny<\/p>\n","protected":false},"excerpt":{"rendered":"<div class=\"mh-excerpt\"><p>Mezin\u00e1rodn\u00ed humanit\u00e1rn\u00ed organizace l\u00e9ka\u0159\u016f na pomoc ran\u011bn\u00fdm a nemocn\u00fdm d\u011btem v oblastech kriz\u00ed &#8211; Mezin\u00e1rodn\u00ed d\u011btsk\u00fd k\u0159\u00ed\u017e se s\u00eddlem v \u010cR &#8211; zaslala sv\u00e9 stanovisko <a class=\"mh-excerpt-more\" href=\"https:\/\/www.invarena.cz\/?p=17211\" title=\"Bolest a k\u0159ik. Tak vypad\u00e1 v\u00e1lka\">[&#8230;]<\/a><\/p>\n<\/div>","protected":false},"author":1,"featured_media":17212,"comment_status":"open","ping_status":"closed","sticky":false,"template":"","format":"standard","meta":{"footnotes":""},"categories":[7],"tags":[],"class_list":["post-17211","post","type-post","status-publish","format-standard","has-post-thumbnail","hentry","category-spolecnost"],"_links":{"self":[{"href":"https:\/\/www.invarena.cz\/index.php?rest_route=\/wp\/v2\/posts\/17211","targetHints":{"allow":["GET"]}}],"collection":[{"href":"https:\/\/www.invarena.cz\/index.php?rest_route=\/wp\/v2\/posts"}],"about":[{"href":"https:\/\/www.invarena.cz\/index.php?rest_route=\/wp\/v2\/types\/post"}],"author":[{"embeddable":true,"href":"https:\/\/www.invarena.cz\/index.php?rest_route=\/wp\/v2\/users\/1"}],"replies":[{"embeddable":true,"href":"https:\/\/www.invarena.cz\/index.php?rest_route=%2Fwp%2Fv2%2Fcomments&post=17211"}],"version-history":[{"count":0,"href":"https:\/\/www.invarena.cz\/index.php?rest_route=\/wp\/v2\/posts\/17211\/revisions"}],"wp:featuredmedia":[{"embeddable":true,"href":"https:\/\/www.invarena.cz\/index.php?rest_route=\/wp\/v2\/media\/17212"}],"wp:attachment":[{"href":"https:\/\/www.invarena.cz\/index.php?rest_route=%2Fwp%2Fv2%2Fmedia&parent=17211"}],"wp:term":[{"taxonomy":"category","embeddable":true,"href":"https:\/\/www.invarena.cz\/index.php?rest_route=%2Fwp%2Fv2%2Fcategories&post=17211"},{"taxonomy":"post_tag","embeddable":true,"href":"https:\/\/www.invarena.cz\/index.php?rest_route=%2Fwp%2Fv2%2Ftags&post=17211"}],"curies":[{"name":"wp","href":"https:\/\/api.w.org\/{rel}","templated":true}]}}