{"id":17258,"date":"2014-08-22T13:55:30","date_gmt":"2014-08-22T11:55:30","guid":{"rendered":"http:\/\/www.invarena.cz\/?p=17258"},"modified":"2014-10-17T22:28:46","modified_gmt":"2014-10-17T20:28:46","slug":"byvala-sestra-rumburske-nemocnice-byla-obvinena-z-vrazdy","status":"publish","type":"post","link":"https:\/\/www.invarena.cz\/?p=17258","title":{"rendered":"B\u00fdval\u00e1 sestra rumbursk\u00e9 nemocnice byla obvin\u011bna z vra\u017edy"},"content":{"rendered":"<p><strong>Policie obvinila n\u011bkdej\u0161\u00ed sestru z Lu\u017eick\u00e9 nemocnice v Rumburku kv\u016fli \u010dervnov\u00e9mu \u00famrt\u00ed pacientky z vra\u017edy. Pades\u00e1tilet\u00e9 \u017een\u011b hroz\u00ed a\u017e 18 let v\u011bzen\u00ed, \u0159ekla dnes mluv\u010d\u00ed policie \u00dasteck\u00e9ho kraje Veronika Hy\u0161plerov\u00e1.<\/strong><!--more--><\/p>\n<p>Sestra podala onkologick\u00e9 pacientce podle v\u00fdsledk\u016f vy\u0161et\u0159ov\u00e1n\u00ed nemocnice l\u00e9k v rozporu s na\u0159\u00edzen\u00edm l\u00e9ka\u0159e, uvedl \u0159editel nemocnice Darek \u0160v\u00e1b. Podle l\u00e9ka\u0159e, kter\u00fd m\u011bl ten den slu\u017ebu, \u0161lo o velkou d\u00e1vku drasl\u00edku.<\/p>\n<p>Soud vyhov\u011bl n\u00e1vrhu kriminalist\u016f a vzal \u017eenu do vazby, eskorta ji odvezla do vazebn\u00ed v\u011bznice v Litom\u011b\u0159ic\u00edch, dodala policejn\u00ed mluv\u010d\u00ed.<\/p>\n<p>Dne\u0161n\u00ed Mlad\u00e1 fronta Dnes s odvol\u00e1n\u00edm na nejmenovan\u00fd policejn\u00ed zdroj uvedla, \u017ee sestra z Lu\u017eick\u00e9 nemocnice prov\u00e1d\u011bla eutanazii, ze soucitu pr\u00fd d\u00e1vala v\u00e1\u017en\u011b nemocn\u00fdm pacient\u016fm v\u011bt\u0161\u00ed d\u00e1vky l\u00e9k\u016f, a tak jim pomohla zem\u0159\u00edt. Nemocnice dala \u017een\u011b v\u00fdpov\u011b\u010f.<\/p>\n<p>V noci z 5. na 6. \u010dervna, kdy \u017eena zem\u0159ela, slou\u017eil na odd\u011blen\u00ed JIP l\u00e9ka\u0159 Petr Vondr\u00e1\u010dek, kter\u00fd podle sv\u00fdch slov p\u0159\u00edpad odhalil. &#8222;Jednalo se o l\u00e1tku obsahuj\u00edc\u00ed drasl\u00edk, kterou sestra chybn\u011b podala p\u0159\u00edmo do \u017e\u00edly m\u00edsto kapa\u010dky,&#8220; \u0159ekl novin\u00e1\u0159\u016fm. Vysok\u00e1 d\u00e1vka drasl\u00edku zp\u016fsobila u pacientky, jej\u00ed\u017e progn\u00f3za zb\u00fdvaj\u00edc\u00edho \u017eivota byla podle l\u00e9ka\u0159e v \u0159\u00e1dech dn\u016f, srde\u010dn\u00ed arytmii a n\u00e1sledn\u011b smrt.<\/p>\n<p>\u0158editel nemocnice l\u00e1tku, kterou obvin\u011bn\u00e1 \u017eena sedmdes\u00e1tilet\u00e9 pacientce \u00fadajn\u011b aplikovala, necht\u011bl specifikovat, ale rozhodn\u011b pr\u00fd ne\u0161lo o heparin. &#8222;Pod\u00e1vanou infuzi jsem okam\u017eit\u011b poslal na rozbor do laborato\u0159e, kde se potvrdila p\u0159\u00edtomnost drasl\u00edku,&#8220; \u0159ekl Vondr\u00e1\u010dek a dodal, \u017ee to pokl\u00e1dal za omyl zdravotn\u00ed sestry.<\/p>\n<p>Policejn\u00ed mluv\u010d\u00ed Hy\u0161plerov\u00e1 \u0159ekla, \u017ee \u017eena byla obvin\u011bna z vra\u017edy &#8222;podle prvn\u00edho odstavce&#8220; trestn\u00edho z\u00e1kon\u00edku. &#8222;Kdo jin\u00e9ho \u00famysln\u011b usmrt\u00ed, bude potrest\u00e1n odn\u011bt\u00edm svobody na deset a\u017e osmn\u00e1ct let,&#8220; p\u00ed\u0161e se v t\u00e9to \u010d\u00e1sti z\u00e1kon\u00edku. Policie uvedla, \u017ee nemocnice s n\u00ed p\u0159i vy\u0161et\u0159ov\u00e1n\u00ed p\u0159\u00edpadu &#8222;pln\u011b spolupracuje&#8220;.<\/p>\n<p>&#8222;Z na\u0161eho vnit\u0159n\u00edho \u0161et\u0159en\u00ed nevyplynulo nic, co by n\u00e1s p\u0159im\u011blo k roz\u0161\u00ed\u0159en\u00ed trestn\u00edho ozn\u00e1men\u00ed,&#8220; uvedl \u0160v\u00e1b. Nemocnice nepotvrdila podez\u0159en\u00ed na v\u00edc p\u0159\u00edpad\u016f. Veden\u00ed nemocnice podle \u0159editele pod\u00e1v\u00e1 trestn\u00ed ozn\u00e1men\u00ed na nezn\u00e1m\u00e9ho pachatele zhruba jednou ro\u010dn\u011b. &#8222;Abychom zajistili proveden\u00ed soudn\u00ed pitvy, co\u017e sami nem\u016f\u017eeme. V minul\u00fdch p\u0159\u00edpadech se prok\u00e1zalo, \u017ee nikdo z person\u00e1lu nemocnice nepochybil,&#8220; \u0159ekl \u0160v\u00e1b.<\/p>\n<p>\u017d\u00e1dn\u00e9 zanedb\u00e1n\u00ed ze strany l\u00e9ka\u0159e podle veden\u00ed nemocnice nenastalo, vyt\u00fdk\u00e1 mu jen to, \u017ee o ud\u00e1losti pr\u00fd neinformoval. Proti tomu se ale Vondr\u00e1\u010dek ohradil. \u0158ekl, \u017ee p\u0159\u00edpad naopak ozn\u00e1mil z\u00e1stupci prim\u00e1\u0159e, tedy sv\u00e9mu p\u0159\u00edm\u00e9mu nad\u0159\u00edzen\u00e9mu. Vzhledem k tomu, \u017ee vrchn\u00ed i stani\u010dn\u00ed sestra na JIP m\u011bly dovolenou, upozornil na ud\u00e1lost i hlavn\u00ed sestru.<\/p>\n<p>O rumbursk\u00e9 nemocnici se loni psalo v souvislosti s pochyben\u00edm ve veden\u00ed zdravotnick\u00e9 dokumentace. \u00da\u0159ad pro ochranu osobn\u00edch \u00fadaj\u016f j\u00ed letos ulo\u017eil pokutu 120.000 korun za to, \u017ee nedostate\u010dn\u011b zabezpe\u010dila listinnou podobu zdravotnick\u00e9 dokumentace z gynekologicko-porodnick\u00e9ho a chirurgick\u00e9ho odd\u011blen\u00ed. Pokuta se t\u00fdkala i toho, \u017ee nemocnice nepo\u0159izovala elektronick\u00e9 z\u00e1znamy, kter\u00e9 by umo\u017enily ur\u010dit a ov\u011b\u0159it, kdo, kdy a pro\u010d nahl\u00ed\u017eel do \u00fadaj\u016f ve zdravotnick\u00e9 dokumentaci v elektronick\u00e9 podob\u011b. Ve v\u011bci byla pod\u00e1na spr\u00e1vn\u00ed \u017ealoba a nyn\u00ed se \u0159e\u0161\u00ed u soudu, sd\u011blil dnes mluv\u010d\u00ed \u00fa\u0159adu David Pavl\u00e1t.<\/p>\n<p>Tak\u00e9 o \u0159editeli nemocnice a m\u00edstostarostovi Rumburku \u0160v\u00e1bovi m\u00e9dia v posledn\u00edch m\u011bs\u00edc\u00edch informovala v souvislosti s obvin\u011bn\u00edm z \u00fatisku, podn\u011bcov\u00e1n\u00ed k trestn\u00e9mu \u010dinu a z vyd\u00edr\u00e1n\u00ed. Policie \u0160v\u00e1ba zadr\u017eela loni v prosinci a kv\u016fli mo\u017en\u00e9mu ovliv\u0148ov\u00e1n\u00ed sv\u011bdk\u016f pak m\u011bs\u00edc str\u00e1vil ve vazb\u011b. M\u00edstostarosta \u0160v\u00e1b podle kriminalist\u016f p\u0159i porad\u011b m\u011bstsk\u00fdch policist\u016f pob\u00edzel sv\u00e9 pod\u0159\u00edzen\u00e9 k nekal\u00fdm praktik\u00e1m p\u0159i v\u00fdkonu povol\u00e1n\u00ed. Sv\u00e9 po\u017eadavky pr\u00fd podpo\u0159il zastra\u0161ov\u00e1n\u00edm. Z vyd\u00edr\u00e1n\u00ed byl obvin\u011bn pozd\u011bji. Politikovi, b\u00fdval\u00e9mu \u010dlenovi \u010cSSD, podle dosavadn\u00edch informac\u00ed hroz\u00ed a\u017e osmilet\u00e9 v\u011bzen\u00ed.<\/p>\n","protected":false},"excerpt":{"rendered":"<div class=\"mh-excerpt\"><p>Policie obvinila n\u011bkdej\u0161\u00ed sestru z Lu\u017eick\u00e9 nemocnice v Rumburku kv\u016fli \u010dervnov\u00e9mu \u00famrt\u00ed pacientky z vra\u017edy. Pades\u00e1tilet\u00e9 \u017een\u011b hroz\u00ed a\u017e 18 let v\u011bzen\u00ed, \u0159ekla dnes mluv\u010d\u00ed <a class=\"mh-excerpt-more\" href=\"https:\/\/www.invarena.cz\/?p=17258\" title=\"B\u00fdval\u00e1 sestra rumbursk\u00e9 nemocnice byla obvin\u011bna z vra\u017edy\">[&#8230;]<\/a><\/p>\n<\/div>","protected":false},"author":1,"featured_media":0,"comment_status":"open","ping_status":"closed","sticky":false,"template":"","format":"standard","meta":{"footnotes":""},"categories":[9],"tags":[],"class_list":["post-17258","post","type-post","status-publish","format-standard","hentry","category-zpravy"],"_links":{"self":[{"href":"https:\/\/www.invarena.cz\/index.php?rest_route=\/wp\/v2\/posts\/17258","targetHints":{"allow":["GET"]}}],"collection":[{"href":"https:\/\/www.invarena.cz\/index.php?rest_route=\/wp\/v2\/posts"}],"about":[{"href":"https:\/\/www.invarena.cz\/index.php?rest_route=\/wp\/v2\/types\/post"}],"author":[{"embeddable":true,"href":"https:\/\/www.invarena.cz\/index.php?rest_route=\/wp\/v2\/users\/1"}],"replies":[{"embeddable":true,"href":"https:\/\/www.invarena.cz\/index.php?rest_route=%2Fwp%2Fv2%2Fcomments&post=17258"}],"version-history":[{"count":0,"href":"https:\/\/www.invarena.cz\/index.php?rest_route=\/wp\/v2\/posts\/17258\/revisions"}],"wp:attachment":[{"href":"https:\/\/www.invarena.cz\/index.php?rest_route=%2Fwp%2Fv2%2Fmedia&parent=17258"}],"wp:term":[{"taxonomy":"category","embeddable":true,"href":"https:\/\/www.invarena.cz\/index.php?rest_route=%2Fwp%2Fv2%2Fcategories&post=17258"},{"taxonomy":"post_tag","embeddable":true,"href":"https:\/\/www.invarena.cz\/index.php?rest_route=%2Fwp%2Fv2%2Ftags&post=17258"}],"curies":[{"name":"wp","href":"https:\/\/api.w.org\/{rel}","templated":true}]}}