{"id":17284,"date":"2014-08-26T13:19:13","date_gmt":"2014-08-26T11:19:13","guid":{"rendered":"http:\/\/www.invarena.cz\/?p=17284"},"modified":"2014-08-26T13:19:13","modified_gmt":"2014-08-26T11:19:13","slug":"knihy-si-vychutnaji-i-ti-kteri-uz-nevidi","status":"publish","type":"post","link":"https:\/\/www.invarena.cz\/?p=17284","title":{"rendered":"Knihy si vychutnaj\u00ed i ti, kte\u0159\u00ed u\u017e nevid\u00ed"},"content":{"rendered":"<p><strong>Mohou si knihy u\u017e\u00edt i zrakov\u011b handicapovan\u00ed nebo lid\u00e9, kte\u0159\u00ed ji\u017e \u0161patn\u011b vid\u00ed? V Chebu ano, m\u011bstsk\u00e1 knihovna jim toti\u017e bude pravideln\u011b p\u0159ed\u010d\u00edtat. A jako prvn\u00ed budou na \u0159ad\u011b cestopisy.<\/strong><!--more--><\/p>\n<p>&#8222;Slu\u017eby M\u011bstsk\u00e9 knihovny v Chebu zam\u011b\u0159en\u00e9 na zrakov\u011b <span class=\"highlight\">posti\u017een\u00e9<\/span> ob\u010dany nabydou po pr\u00e1zdnin\u00e1ch o novinku \u2013 P\u00edsmenkov\u00e9 \u010dten\u00ed, a to ka\u017ed\u00e9 prvn\u00ed pond\u011bl\u00ed v m\u011bs\u00edci,&#8220; informovala \u0159editelka knihovny Martina Ku\u017eelov\u00e1.<\/p>\n<p>Zrakov\u011b \u010di jinak handicapovan\u00fdm, ale i v\u0161em ostatn\u00edm, nap\u0159. senior\u016fm, kter\u00e9 ji\u017e \u010dten\u00ed \u00b4jen\u00b4 nam\u00e1h\u00e1, se bude \u010d\u00edst ve zvukov\u00e9 knihovn\u011b. Ta se nach\u00e1z\u00ed v p\u0159\u00edzem\u00ed hlavn\u00ed budovy knihovny.<\/p>\n<p>A na ka\u017ed\u00fd m\u011bs\u00edc bude nachystan\u00e9 jin\u00e9 t\u00e9ma, v z\u00e1\u0159\u00ed to bude cestopis.<\/p>\n<p>&#8222;Poprv\u00e9 se setk\u00e1me hned v pond\u011bl\u00ed 1. z\u00e1\u0159\u00ed od 15 hodin,&#8220; doplnila knihovnice Gabriela Zetochov\u00e1. &#8222;Budeme \u010d\u00edst uk\u00e1zku z knihy, kterou m\u00e1me v podob\u011b MP3, Kdyby n\u00e1m Pa\u0159\u00ed\u017e vypr\u00e1v\u011bla od Ji\u0159\u00edho \u017d\u00e1\u010dka. Chceme, aby ka\u017ed\u00fd, kdo p\u0159ijde \u2013 a\u0165 u\u017e s\u00e1m, \u010di s doprovodem \u2013 se u n\u00e1s c\u00edtil p\u0159\u00edjemn\u011b. Nab\u00eddneme tak\u00e9 k\u00e1vu, \u010daj \u010di dom\u00e1c\u00ed kol\u00e1\u010d,&#8220; uzav\u0159ela knihovnice.<\/p>\n<p>A kdo m\u016f\u017ee p\u0159ij\u00edt? Ka\u017ed\u00fd, kdo chce. &#8222;Ani na tyto akce se vstupn\u00e9 nevyb\u00edr\u00e1, p\u0159ij\u00edt mohou i nezaregistrovan\u00ed \u010dten\u00e1\u0159i,&#8220; dodala \u0159editelka knihovny.<\/p>\n","protected":false},"excerpt":{"rendered":"<div class=\"mh-excerpt\"><p>Mohou si knihy u\u017e\u00edt i zrakov\u011b handicapovan\u00ed nebo lid\u00e9, kte\u0159\u00ed ji\u017e \u0161patn\u011b vid\u00ed? V Chebu ano, m\u011bstsk\u00e1 knihovna jim toti\u017e bude pravideln\u011b p\u0159ed\u010d\u00edtat. A jako <a class=\"mh-excerpt-more\" href=\"https:\/\/www.invarena.cz\/?p=17284\" title=\"Knihy si vychutnaj\u00ed i ti, kte\u0159\u00ed u\u017e nevid\u00ed\">[&#8230;]<\/a><\/p>\n<\/div>","protected":false},"author":1,"featured_media":15222,"comment_status":"open","ping_status":"closed","sticky":false,"template":"","format":"standard","meta":{"footnotes":""},"categories":[17],"tags":[],"class_list":["post-17284","post","type-post","status-publish","format-standard","has-post-thumbnail","hentry","category-kultura"],"_links":{"self":[{"href":"https:\/\/www.invarena.cz\/index.php?rest_route=\/wp\/v2\/posts\/17284","targetHints":{"allow":["GET"]}}],"collection":[{"href":"https:\/\/www.invarena.cz\/index.php?rest_route=\/wp\/v2\/posts"}],"about":[{"href":"https:\/\/www.invarena.cz\/index.php?rest_route=\/wp\/v2\/types\/post"}],"author":[{"embeddable":true,"href":"https:\/\/www.invarena.cz\/index.php?rest_route=\/wp\/v2\/users\/1"}],"replies":[{"embeddable":true,"href":"https:\/\/www.invarena.cz\/index.php?rest_route=%2Fwp%2Fv2%2Fcomments&post=17284"}],"version-history":[{"count":0,"href":"https:\/\/www.invarena.cz\/index.php?rest_route=\/wp\/v2\/posts\/17284\/revisions"}],"wp:featuredmedia":[{"embeddable":true,"href":"https:\/\/www.invarena.cz\/index.php?rest_route=\/wp\/v2\/media\/15222"}],"wp:attachment":[{"href":"https:\/\/www.invarena.cz\/index.php?rest_route=%2Fwp%2Fv2%2Fmedia&parent=17284"}],"wp:term":[{"taxonomy":"category","embeddable":true,"href":"https:\/\/www.invarena.cz\/index.php?rest_route=%2Fwp%2Fv2%2Fcategories&post=17284"},{"taxonomy":"post_tag","embeddable":true,"href":"https:\/\/www.invarena.cz\/index.php?rest_route=%2Fwp%2Fv2%2Ftags&post=17284"}],"curies":[{"name":"wp","href":"https:\/\/api.w.org\/{rel}","templated":true}]}}