{"id":17302,"date":"2014-08-27T20:24:35","date_gmt":"2014-08-27T18:24:35","guid":{"rendered":"http:\/\/www.invarena.cz\/?p=17302"},"modified":"2014-08-28T05:43:56","modified_gmt":"2014-08-28T03:43:56","slug":"zasukovane-tkanicky-pomahaji-vozickarum","status":"publish","type":"post","link":"https:\/\/www.invarena.cz\/?p=17302","title":{"rendered":"Zasukovan\u00e9 tkani\u010dky pom\u00e1haj\u00ed voz\u00ed\u010dk\u00e1\u0159\u016fm"},"content":{"rendered":"<p><strong><span style=\"color: #000000;\">Podzimn\u00ed \u010d\u00e1st ve\u0159ejn\u00e9 sb\u00edrky Zasukovan\u00e9 tkani\u010dky, kter\u00e1 vznikla p\u0159ed dvan\u00e1cti lety z iniciativy Spolku Trend\u00a0<\/span><span class=\"highlight\" style=\"color: #000000;\">voz\u00ed\u010dk\u00e1\u0159\u016f<\/span><span style=\"color: #000000;\">\u00a0Olomouc, prob\u011bhne letos v Olomouci a ve Velk\u00e9 Byst\u0159ici 24. z\u00e1\u0159\u00ed.\u00a0<\/span><\/strong><br style=\"color: #000000;\" \/><!--more--><\/p>\n<p>&nbsp;<\/p>\n<p><br style=\"color: #000000;\" \/><span style=\"color: #000000;\">Olomou\u010dt\u00ed\u00a0<\/span><span class=\"highlight\" style=\"color: #000000;\">voz\u00ed\u010dk\u00e1\u0159i<\/span><span style=\"color: #000000;\">\u00a0spole\u010dn\u011b s dal\u0161\u00edmi dobrovoln\u00edky \u2013 studenty spolupracuj\u00edc\u00edch olomouck\u00fdch st\u0159edn\u00edch \u0161kol \u2013 budou v ulic\u00edch m\u011bsta oslovovat potenci\u00e1ln\u00ed d\u00e1rce s prosbou o dobrovoln\u00fd p\u0159\u00edsp\u011bvek na financov\u00e1n\u00ed asisten\u010dn\u00ed slu\u017eby. Jako pod\u011bkov\u00e1n\u00ed za finan\u010dn\u00ed dary obdr\u017e\u00ed ka\u017ed\u00fd d\u00e1rce barevn\u00e9 sv\u00e1zan\u00e9 tkani\u010dky. Jsou symbolem soun\u00e1le\u017eitosti, vz\u00e1jemn\u00e9 podpory a opory.\u00a0<\/span><br style=\"color: #000000;\" \/><span style=\"color: #000000;\">Dvojice budou z\u0159eteln\u011b ozna\u010deny symbolem sb\u00edrky a vybaveny pot\u0159ebn\u00fdmi dokumenty tak, aby d\u00e1rci nem\u011bli pochyby o regul\u00e9rnosti sb\u00edrky. &#8222;Jsme si v\u011bdomi nebezpe\u010d\u00ed nepoctiv\u00fdch jedn\u00e1n\u00ed n\u011bkter\u00fdch jedinc\u016f, kte\u0159\u00ed se nerozpakuj\u00ed zneu\u017e\u00edvat r\u016fzn\u00e9 charitativn\u00ed akce ve sv\u016fj prosp\u011bch. D\u00e1rce m\u00e1 pr\u00e1vo prov\u011b\u0159ovat dvojice dobrovoln\u00edk\u016f, kte\u0159\u00ed se do sb\u00edrky zapoj\u00ed. Ka\u017ed\u00e1 dvojice je vybavena pr\u016fkazkou, kde se \u00fadaje shoduj\u00ed s \u00fadaji v ob\u010dansk\u00e9m pr\u016fkaze, a povolen\u00edm k po\u0159\u00e1d\u00e1n\u00ed sb\u00edrky, kter\u00e9 vyd\u00e1v\u00e1 Krajsk\u00fd \u00fa\u0159ad Olomouck\u00e9ho kraje,&#8220; uvedl Ev\u017een Hlav\u00e1\u010dek z po\u0159\u00e1daj\u00edc\u00edho Spolku Trend\u00a0<\/span><span class=\"highlight\" style=\"color: #000000;\">voz\u00ed\u010dk\u00e1\u0159\u016f<\/span><span style=\"color: #000000;\">\u00a0Olomouc. A kdo by p\u0159esto ned\u016fv\u011b\u0159oval, m\u00e1 mo\u017enost podpo\u0159it asisten\u010dn\u00ed slu\u017ebu Trendu\u00a0<\/span><span class=\"highlight\" style=\"color: #000000;\">voz\u00ed\u010dk\u00e1\u0159\u016f<\/span><span style=\"color: #000000;\">\u00a0i jin\u00fdm zp\u016fsobem: \u2013 d\u00e1rcovskou SMS na tel. \u010d\u00edslo 87777 s textem: DMS TKANICKA (cena 1 SMS je 30 K\u010d, obdarovan\u00fd obdr\u017e\u00ed 28.50 K\u010d) \u2013 bankovn\u00edm p\u0159evodem na \u00fa\u010det sb\u00edrky \u010d.:\u00a0<\/span><br style=\"color: #000000;\" \/><span style=\"color: #000000;\">1000100014\/5500 u Raiffeisen banky.\u00a0<\/span><br style=\"color: #000000;\" \/><span style=\"color: #000000;\">Za v\u0161echny dary po\u0159adatel\u00e9 p\u0159edem d\u011bkuj\u00ed.<\/span><\/p>\n<p><span style=\"color: #000000;\"><a style=\"color: #aa653a;\" href=\"http:\/\/www.ceskydomov.cz\/olomouc\/kategorie\/hlavni-stranka-olomouc\" target=\"_blank\">http:\/\/www.ceskydomov.cz\/ olomouc\/ kategorie\/ hlavni-stranka-olomouc<\/a>\u00a0.\u00a0<\/span><\/p>\n","protected":false},"excerpt":{"rendered":"<div class=\"mh-excerpt\"><p>Podzimn\u00ed \u010d\u00e1st ve\u0159ejn\u00e9 sb\u00edrky Zasukovan\u00e9 tkani\u010dky, kter\u00e1 vznikla p\u0159ed dvan\u00e1cti lety z iniciativy Spolku Trend\u00a0voz\u00ed\u010dk\u00e1\u0159\u016f\u00a0Olomouc, prob\u011bhne letos v Olomouci a ve Velk\u00e9 Byst\u0159ici 24. z\u00e1\u0159\u00ed.\u00a0<\/p>\n<\/div>","protected":false},"author":1,"featured_media":13212,"comment_status":"open","ping_status":"closed","sticky":false,"template":"","format":"standard","meta":{"footnotes":""},"categories":[9],"tags":[],"class_list":["post-17302","post","type-post","status-publish","format-standard","has-post-thumbnail","hentry","category-zpravy"],"_links":{"self":[{"href":"https:\/\/www.invarena.cz\/index.php?rest_route=\/wp\/v2\/posts\/17302","targetHints":{"allow":["GET"]}}],"collection":[{"href":"https:\/\/www.invarena.cz\/index.php?rest_route=\/wp\/v2\/posts"}],"about":[{"href":"https:\/\/www.invarena.cz\/index.php?rest_route=\/wp\/v2\/types\/post"}],"author":[{"embeddable":true,"href":"https:\/\/www.invarena.cz\/index.php?rest_route=\/wp\/v2\/users\/1"}],"replies":[{"embeddable":true,"href":"https:\/\/www.invarena.cz\/index.php?rest_route=%2Fwp%2Fv2%2Fcomments&post=17302"}],"version-history":[{"count":0,"href":"https:\/\/www.invarena.cz\/index.php?rest_route=\/wp\/v2\/posts\/17302\/revisions"}],"wp:featuredmedia":[{"embeddable":true,"href":"https:\/\/www.invarena.cz\/index.php?rest_route=\/wp\/v2\/media\/13212"}],"wp:attachment":[{"href":"https:\/\/www.invarena.cz\/index.php?rest_route=%2Fwp%2Fv2%2Fmedia&parent=17302"}],"wp:term":[{"taxonomy":"category","embeddable":true,"href":"https:\/\/www.invarena.cz\/index.php?rest_route=%2Fwp%2Fv2%2Fcategories&post=17302"},{"taxonomy":"post_tag","embeddable":true,"href":"https:\/\/www.invarena.cz\/index.php?rest_route=%2Fwp%2Fv2%2Ftags&post=17302"}],"curies":[{"name":"wp","href":"https:\/\/api.w.org\/{rel}","templated":true}]}}