{"id":17316,"date":"2014-08-28T10:23:43","date_gmt":"2014-08-28T08:23:43","guid":{"rendered":"http:\/\/www.invarena.cz\/?p=17316"},"modified":"2014-08-28T23:51:13","modified_gmt":"2014-08-28T21:51:13","slug":"prvni-pametova-zahrada-v-cesku","status":"publish","type":"post","link":"https:\/\/www.invarena.cz\/?p=17316","title":{"rendered":"Prvn\u00ed pam\u011b\u0165ov\u00e1 zahrada v \u010cesku"},"content":{"rendered":"<p><strong>Specializovan\u00e9 centrum pro lidi trp\u00edc\u00ed Alzheimerovou chorobou pr\u00e1v\u011b dokon\u010duj\u00ed v nov\u00e9m domov\u011b d\u016fchodc\u016f ve \u017dd\u00edrci na Jihlavsku. P\u0159ipravuj\u00ed tam nejen interi\u00e9ry nebo vzpom\u00ednkov\u00e9 trasy, ale tak\u00e9 prvn\u00ed pam\u011b\u0165ovou zahradu u n\u00e1s.\u00a0<\/strong> <!--more--><\/p>\n<p><em><strong> \u010cesk\u00e1 televize &#8211; report\u00e1\u017e<\/strong><\/em><\/p>\n<p>L\u00edbaj\u00edc\u00ed se p\u00e1r, zvoni\u010dka, krokod\u00fdl nebo netradi\u010dn\u00ed d\u0159ev\u011bn\u00fd rozcestn\u00edk. Asi dv\u011b des\u00edtky soch v zahrad\u011b poslou\u017e\u00ed nejenom jako lavi\u010dka, ale zam\u011bstnat maj\u00ed v\u0161echny smysly senior\u016f.<\/p>\n<p>Martina MAT\u011aJKOV\u00c1, \u0159editelka, Domov d\u016fchodc\u016f \u017dd\u00edrec:<br \/>\nChceme, aby se v t\u00e9 zahrad\u011b nenudili, aby se u t\u00e9 sochy zastavili, pohr\u00e1li si s n\u00ed, str\u00e1vili tam \u010d\u00e1st dne. D\u00e1le zde budou bylinky, kv\u011btiny, ovocn\u00e9 stromy s jedl\u00fdmi plody.<\/p>\n<p>redaktor:<br \/>\nPr\u00e1v\u011b vzpom\u00ednkami a aktivn\u00edm cvi\u010den\u00edm mozku se d\u00e1 pr\u016fb\u011bh Alzheimerovy choroby zastavit nebo zpomalit. Prvn\u00ed vzpom\u00ednkov\u00e1 zahrada v \u010cesku nab\u00eddne ve \u017dd\u00edrci i cvi\u010d\u00edc\u00ed prvky, prostor pro <span class=\"highlight\">voz\u00ed\u010dk\u00e1\u0159e<\/span> a interaktivn\u00ed d\u0159ev\u011bn\u00e9 hra\u010dky.\u00a0 To znamen\u00e1, \u017ee se vyh\u00fdb\u00e1m abstraktn\u00edm tvar\u016fm a vid\u00edm n\u011bjak\u00e9 konkr\u00e9tn\u00ed v\u011bci, n\u011bkdo byl ryb\u00e1\u0159, tak jsou tady t\u0159eba ryby, on si vzpomene a pom\u016f\u017ee mu to tu pam\u011b\u0165 udr\u017eovat.<\/p>\n<p>Domov ve \u017dd\u00edrci, kter\u00fd u\u017e se v\u011bnuje asi 70 senior\u016fm s Alzheimerovou chorobou, vyu\u017e\u00edv\u00e1 i prvn\u00ed vzpom\u00ednkov\u00e9 trasy. \u017den\u00e1m je ur\u010dena t\u0159eba ta s \u0161ic\u00edm strojem.<\/p>\n<p>Martina MAT\u011aJKOV\u00c1<br \/>\nV\u011bt\u0161ina \u017een pletla, h\u00e1\u010dkovala, um\u011bla \u0161\u00edt, tak\u017ee to jsou v\u011bci, kter\u00e9 jim to maj\u00ed p\u0159ipomenout, aby si vzpomn\u011bly.<\/p>\n<p>redaktor:<br \/>\nNemoc\u00ed trp\u00ed asi 4 procenta sedmdes\u00e1tilet\u00fdch a s v\u011bkem riziko d\u00e1l stoup\u00e1. Kraj Vyso\u010dina bude m\u00edt pr\u00e1v\u011b ve \u017dd\u00edrci i specializovan\u00e9 centrum pro rodiny nemocn\u00fdch.<\/p>\n<p>MAT\u011aJKOV\u00c1:<br \/>\nBudeme prvn\u00edm kontaktn\u00edm a poradensk\u00fdm m\u00edstem pro lidi s Alzheimerovu chorobu na Vyso\u010din\u011b.<\/p>\n<p>redaktor:<br \/>\nZahrada ve \u017dd\u00edrci bude dokon\u010dena do listopadu. Senio\u0159i si j\u00ed ale naplno u\u017eij\u00ed a\u017e na ja\u0159e p\u0159\u00ed\u0161t\u00edho roku.<\/p>\n<p>&nbsp;<\/p>\n","protected":false},"excerpt":{"rendered":"<div class=\"mh-excerpt\"><p>Specializovan\u00e9 centrum pro lidi trp\u00edc\u00ed Alzheimerovou chorobou pr\u00e1v\u011b dokon\u010duj\u00ed v nov\u00e9m domov\u011b d\u016fchodc\u016f ve \u017dd\u00edrci na Jihlavsku. P\u0159ipravuj\u00ed tam nejen interi\u00e9ry nebo vzpom\u00ednkov\u00e9 trasy, ale <a class=\"mh-excerpt-more\" href=\"https:\/\/www.invarena.cz\/?p=17316\" title=\"Prvn\u00ed pam\u011b\u0165ov\u00e1 zahrada v \u010cesku\">[&#8230;]<\/a><\/p>\n<\/div>","protected":false},"author":1,"featured_media":8854,"comment_status":"open","ping_status":"closed","sticky":false,"template":"","format":"standard","meta":{"footnotes":""},"categories":[7],"tags":[],"class_list":["post-17316","post","type-post","status-publish","format-standard","has-post-thumbnail","hentry","category-spolecnost"],"_links":{"self":[{"href":"https:\/\/www.invarena.cz\/index.php?rest_route=\/wp\/v2\/posts\/17316","targetHints":{"allow":["GET"]}}],"collection":[{"href":"https:\/\/www.invarena.cz\/index.php?rest_route=\/wp\/v2\/posts"}],"about":[{"href":"https:\/\/www.invarena.cz\/index.php?rest_route=\/wp\/v2\/types\/post"}],"author":[{"embeddable":true,"href":"https:\/\/www.invarena.cz\/index.php?rest_route=\/wp\/v2\/users\/1"}],"replies":[{"embeddable":true,"href":"https:\/\/www.invarena.cz\/index.php?rest_route=%2Fwp%2Fv2%2Fcomments&post=17316"}],"version-history":[{"count":0,"href":"https:\/\/www.invarena.cz\/index.php?rest_route=\/wp\/v2\/posts\/17316\/revisions"}],"wp:featuredmedia":[{"embeddable":true,"href":"https:\/\/www.invarena.cz\/index.php?rest_route=\/wp\/v2\/media\/8854"}],"wp:attachment":[{"href":"https:\/\/www.invarena.cz\/index.php?rest_route=%2Fwp%2Fv2%2Fmedia&parent=17316"}],"wp:term":[{"taxonomy":"category","embeddable":true,"href":"https:\/\/www.invarena.cz\/index.php?rest_route=%2Fwp%2Fv2%2Fcategories&post=17316"},{"taxonomy":"post_tag","embeddable":true,"href":"https:\/\/www.invarena.cz\/index.php?rest_route=%2Fwp%2Fv2%2Ftags&post=17316"}],"curies":[{"name":"wp","href":"https:\/\/api.w.org\/{rel}","templated":true}]}}