{"id":17322,"date":"2014-08-28T23:44:35","date_gmt":"2014-08-28T21:44:35","guid":{"rendered":"http:\/\/www.invarena.cz\/?p=17322"},"modified":"2014-08-28T23:44:49","modified_gmt":"2014-08-28T21:44:49","slug":"stejne-jako-lidem-rovna-petra-zelmer-zada-i-konim","status":"publish","type":"post","link":"https:\/\/www.invarena.cz\/?p=17322","title":{"rendered":"Stejn\u011b jako lidem rovn\u00e1 Petra Zelmer z\u00e1da i kon\u00edm"},"content":{"rendered":"<p><strong>Majitel\u00e9 kon\u00ed v Jiho\u010desk\u00e9m kraji a okol\u00ed si u\u017e zvykli, \u017ee pokud m\u00e1 jejich k\u016f\u0148 probl\u00e9my s pohybov\u00fdm apar\u00e1tem, volaj\u00ed Petru Zelmer. Tato \u010deskobud\u011bjovick\u00e1 fyzioterapeutka jim pomoc\u00ed r\u016fzn\u00fdch technik pom\u00e1h\u00e1 odstranit probl\u00e9my, kter\u00e9 je fyzicky omezuj\u00ed.<\/strong><!--more--><\/p>\n<p>Petra Zelmer pat\u0159\u00ed k n\u011bkolika m\u00e1lo fyzioterapeut\u016fm, kte\u0159\u00ed se specializuj\u00ed na fyzioterapii kon\u00ed i lid\u00ed.<\/p>\n<p>&#8222;Nepou\u017e\u00edv\u00e1m \u017e\u00e1dn\u00e9 p\u0159\u00edstroje, v\u017edy pracuji pouze rukama, proto\u017ee jsou mnohem citliv\u011bj\u0161\u00ed,&#8220; \u0159ekla Zelmer. P\u0159i terapii kon\u00ed vol\u00ed obdobn\u00fd postup, jako kdy\u017e pracuje s lidmi. Pr\u00e1ci j\u00ed n\u011bkdy znesnad\u0148uje fakt, \u017ee k\u016f\u0148 na rozd\u00edl od lid\u00ed nem\u016f\u017ee p\u0159esn\u011b \u0159\u00edci, kde ho co bol\u00ed. Je tedy nutn\u00e9, aby byl fyzioterapeut dostate\u010dn\u011b citliv\u00fd a zku\u0161en\u00fd a odhalil sebemen\u0161\u00ed reakce zv\u00ed\u0159ete na r\u016fzn\u00e9 hmaty \u010di tlaky.<br \/>\nP\u0159i pr\u00e1ci s ko\u0148mi Zelmer v\u017edy pot\u0159ebuje dal\u0161\u00edho \u010dlov\u011bka, kter\u00fd dan\u00e9 zv\u00ed\u0159e zn\u00e1 a pom\u016f\u017ee j\u00ed s n\u00edm manipulovat. &#8222;N\u011bkter\u00e9 z\u00e1kroky mohou b\u00fdt pro pacienta zna\u010dn\u011b nep\u0159\u00edjemn\u00e9 a\u017e bolestiv\u00e9, je t\u0159eba si uv\u011bdomit, \u017ee to sam\u00e9, co pro\u017e\u00edvaj\u00ed lid\u00e9 p\u0159i n\u00e1v\u0161t\u011bv\u011b fyzioterapeuta, pro\u017e\u00edvaj\u00ed i kon\u011b,&#8220; \u0159ekla.<\/p>\n<p>Pohybov\u00fd apar\u00e1t kon\u011b nen\u00ed od p\u0159\u00edrody p\u0159ipraven na p\u0159epravu jezdc\u016f. Nesen\u00ed jak\u00e9koli z\u00e1t\u011b\u017ee pro kon\u011b p\u0159edstavuje rizika. Ta se nej\u010dast\u011bji t\u00fdkaj\u00ed zad. &#8222;Zaj\u00edmav\u00e9 je, \u017ee se k\u016f\u0148 p\u0159izp\u016fsobuje sv\u00e9mu jezdci. To znamen\u00e1, \u017ee pokud m\u00e1 jezdec s\u00e1m n\u011bjak\u00e9 probl\u00e9my, nap\u0159\u00edklad pokud sed\u00ed nak\u0159ivo, k\u016f\u0148 tuto k\u0159ivost od dan\u00e9ho jezdce po n\u011bjak\u00e9 dob\u011b m\u016f\u017ee rovn\u011b\u017e z\u00edskat,&#8220; \u0159ekla. Nej\u010dast\u011bji mus\u00ed \u0159e\u0161it r\u016fzn\u00e9 blokace kr\u010dn\u00ed p\u00e1te\u0159e a zad, nap\u0159\u00edklad v m\u00edstech, kde se nach\u00e1z\u00ed sedlo.<\/p>\n<p>Zelmer se v\u017edy sna\u017e\u00ed kon\u00edm co nejv\u00edce ulevit \u010di \u00fapln\u011b pomoci v r\u00e1mci jedn\u00e9 n\u00e1v\u0161t\u011bvy. N\u011bkter\u00e9 probl\u00e9my jsou v\u0161ak dlouhodob\u011bj\u0161\u00edho charakteru a z\u00e1le\u017e\u00ed tak\u00e9 na majiteli a jezdci, jak rychle se zlep\u0161\u00ed \u010di \u00fapln\u011b odstran\u00ed. V n\u011bkter\u00fdch p\u0159\u00edpadech je tak nutn\u00e1 i del\u0161\u00ed vz\u00e1jemn\u00e1 spolupr\u00e1ce.<\/p>\n<p>&#8222;P\u0159esto\u017ee se sv\u00e9 profesi v\u011bnuji ji\u017e \u0159adu let, st\u00e1le ke kon\u00edm chov\u00e1m obdiv a respekt, co\u017e nen\u00ed to sam\u00e9 jako strach. Je t\u0159eba m\u00edt st\u00e1le na pam\u011bti, \u017ee jsou to velk\u00e1 zv\u00ed\u0159ata, kter\u00e1 maj\u00ed sv\u016fj vlastn\u00ed rozum a neot\u00e1lej\u00ed jej v p\u0159\u00edpad\u011b pocitu nebezpe\u010d\u00ed pou\u017e\u00edt,&#8220; \u0159ekla Zelmer.<\/p>\n<p>Znalosti v oboru z\u00edskala v Irsku a v It\u00e1lii, kde \u017eila spolu se sv\u00fdm man\u017eelem, n\u011bmeck\u00fdm mal\u00ed\u0159em. V Irsku studovala na univerzit\u011b College Cork, kde se specializovala na poopera\u010dn\u00ed a po\u00farazovou terapii. &#8222;Bez znalost\u00ed a dlouhodob\u00e9 praxe, kterou jsem z\u00edskala pod veden\u00edm zku\u0161en\u00fdch odborn\u00edk\u016f, bych si sou\u010dasnou pr\u00e1ci netroufla d\u011blat,&#8220; \u0159ekla.<\/p>\n<p>Petra Zelmer se sna\u017e\u00ed tak\u00e9 \u0161\u00ed\u0159it sv\u00e9 znalosti po\u0159\u00e1d\u00e1n\u00edm semin\u00e1\u0159\u016f pro \u0161irokou ve\u0159ejnost. Jsou ur\u010deny v\u0161em, kdo se cht\u011bj\u00ed dozv\u011bd\u011bt v\u00edce o celkov\u00e9m fungov\u00e1n\u00ed sv\u00e9ho a ko\u0148sk\u00e9ho t\u011bla, vz\u00e1jemn\u00e9 interakci jezdce a kon\u011b a o mo\u017enostech, jak p\u0159edch\u00e1zet r\u016fzn\u00fdm zran\u011bn\u00edm \u010di blokac\u00edm kon\u011b. Dal\u0161\u00ed z t\u011bchto semin\u00e1\u0159\u016f se bude konat v z\u00e1\u0159\u00ed na farm\u011b Borov\u00e1 u \u010cesk\u00e9ho Krumlova.<\/p>\n","protected":false},"excerpt":{"rendered":"<div class=\"mh-excerpt\"><p>Majitel\u00e9 kon\u00ed v Jiho\u010desk\u00e9m kraji a okol\u00ed si u\u017e zvykli, \u017ee pokud m\u00e1 jejich k\u016f\u0148 probl\u00e9my s pohybov\u00fdm apar\u00e1tem, volaj\u00ed Petru Zelmer. Tato \u010deskobud\u011bjovick\u00e1 fyzioterapeutka <a class=\"mh-excerpt-more\" href=\"https:\/\/www.invarena.cz\/?p=17322\" title=\"Stejn\u011b jako lidem rovn\u00e1 Petra Zelmer z\u00e1da i kon\u00edm\">[&#8230;]<\/a><\/p>\n<\/div>","protected":false},"author":1,"featured_media":0,"comment_status":"open","ping_status":"closed","sticky":false,"template":"","format":"standard","meta":{"footnotes":""},"categories":[9],"tags":[],"class_list":["post-17322","post","type-post","status-publish","format-standard","hentry","category-zpravy"],"_links":{"self":[{"href":"https:\/\/www.invarena.cz\/index.php?rest_route=\/wp\/v2\/posts\/17322","targetHints":{"allow":["GET"]}}],"collection":[{"href":"https:\/\/www.invarena.cz\/index.php?rest_route=\/wp\/v2\/posts"}],"about":[{"href":"https:\/\/www.invarena.cz\/index.php?rest_route=\/wp\/v2\/types\/post"}],"author":[{"embeddable":true,"href":"https:\/\/www.invarena.cz\/index.php?rest_route=\/wp\/v2\/users\/1"}],"replies":[{"embeddable":true,"href":"https:\/\/www.invarena.cz\/index.php?rest_route=%2Fwp%2Fv2%2Fcomments&post=17322"}],"version-history":[{"count":0,"href":"https:\/\/www.invarena.cz\/index.php?rest_route=\/wp\/v2\/posts\/17322\/revisions"}],"wp:attachment":[{"href":"https:\/\/www.invarena.cz\/index.php?rest_route=%2Fwp%2Fv2%2Fmedia&parent=17322"}],"wp:term":[{"taxonomy":"category","embeddable":true,"href":"https:\/\/www.invarena.cz\/index.php?rest_route=%2Fwp%2Fv2%2Fcategories&post=17322"},{"taxonomy":"post_tag","embeddable":true,"href":"https:\/\/www.invarena.cz\/index.php?rest_route=%2Fwp%2Fv2%2Ftags&post=17322"}],"curies":[{"name":"wp","href":"https:\/\/api.w.org\/{rel}","templated":true}]}}