{"id":17324,"date":"2014-08-29T10:06:55","date_gmt":"2014-08-29T08:06:55","guid":{"rendered":"http:\/\/www.invarena.cz\/?p=17324"},"modified":"2014-08-29T10:06:55","modified_gmt":"2014-08-29T08:06:55","slug":"novy-laser-zabrani-narozeni-deti-ze-zkumavky-s-genetickymi-vadami","status":"publish","type":"post","link":"https:\/\/www.invarena.cz\/?p=17324","title":{"rendered":"Nov\u00fd laser zabr\u00e1n\u00ed narozen\u00ed d\u011bt\u00ed &#8222;ze zkumavky&#8220; s genetick\u00fdmi vadami"},"content":{"rendered":"<p><strong>Fakultn\u00ed nemocnice Brno bude d\u00edky nov\u00e9mu laseru za milion korun prov\u00e1d\u011bt lep\u0161\u00ed diagnostiku genetick\u00fdch onemocn\u011bn\u00ed u embrya p\u0159i um\u011bl\u00e9m oplodn\u011bn\u00ed. Nem\u011bly by se tak ji\u017e rodit d\u011bti s nap\u0159. Downov\u00fdm syndromem. <\/strong><!--more--><\/p>\n<p>C\u00edlem n\u00e1kupu nov\u00e9ho za\u0159\u00edzen\u00ed je, aby se ji\u017e nerodily d\u011bt\u00ed s nap\u0159\u00edklad Downov\u00fdm syndromem \u010di jin\u00fdm genetick\u00fdm onemocn\u011bn\u00edm a tak\u00e9 sn\u00ed\u017eit po\u010det potrat\u016f ze zdravotn\u00edch d\u016fvod\u016f.<\/p>\n<p>&#8222;Nemocnice je prvn\u00edm st\u00e1tn\u00edm za\u0159\u00edzen\u00edm v zemi, kter\u00e9 t\u00edmto laserem disponuje,&#8220; \u0159ekla mluv\u010d\u00ed nemocnice Anna Mr\u00e1zov\u00e1 s t\u00edm, \u017ee v soukrom\u00e9 sf\u00e9\u0159e jej m\u00e1 jen n\u011bkolik m\u00e1lo subjekt\u016f.<\/p>\n<p>V \u010cesk\u00e9 republice se ka\u017edoro\u010dn\u011b uskute\u010dn\u00ed na 20 tis\u00edc um\u011bl\u00fdch oplodn\u011bn\u00ed.<\/p>\n<p>Nemocnice laser z\u00edskala d\u00edky nada\u010dn\u00edmu fondu <strong>Fann d\u011btem.<\/strong> P\u0159\u00edstroj poslou\u017e\u00ed p\u0159i um\u011bl\u00e9m oplodn\u011bn\u00ed k odd\u011blen\u00ed bun\u011bk z embrya, kter\u00e9 vzniklo spojen\u00edm vaj\u00ed\u010dka a spermie v um\u011bl\u00fdch laboratorn\u00edch podm\u00ednk\u00e1ch.<\/p>\n<p>&#8222;Zdrav\u00ed bun\u011bk pak prozkoum\u00e1 genetick\u00e1 laborato\u0159 a na z\u00e1klad\u011b jej\u00edch v\u00fdsledk\u016f se rozhodneme, zda embryo vlo\u017e\u00edme do d\u011blohy, \u010di nikoliv,&#8220; vysv\u011btlil p\u0159ednosta Gynekologicko-porodnick\u00e9 kliniky Fakultn\u00ed nemocnice Brno Pavel Ventruba.<\/p>\n<p>&nbsp;<\/p>\n<p>Jen loni provedla brn\u011bnsk\u00e1 nemocnice p\u0159es 300 interrupc\u00ed, z toho zhruba 200 bylo pr\u00e1v\u011b z genetick\u00fdch d\u016fvod\u016f.<\/p>\n<p>Metodu mohou vyu\u017e\u00edt v\u0161echny p\u00e1ry podstupuj\u00edc\u00ed um\u011bl\u00e9 oplodn\u011bn\u00ed. Slou\u017e\u00ed v\u0161ak p\u0159edev\u0161\u00edm pro ty, kter\u00e9 maj\u00ed prok\u00e1zan\u00e9 riziko p\u0159enosu z\u00e1va\u017en\u00e9ho genetick\u00e9ho onemocn\u011bn\u00ed.<\/p>\n<p>&#8222;Vhodn\u00e9 je to ale tak\u00e9 pro rodiny, kde u\u017e t\u0159eba \u010delili potratu nebo maj\u00ed obavy nap\u0159\u00edklad z d\u016fvodu vy\u0161\u0161\u00edho v\u011bku,&#8220; doplnila Mr\u00e1zov\u00e1.<\/p>\n<p>Z\u00e1krok laserem je sou\u010d\u00e1st\u00ed cel\u00e9ho procesu um\u011bl\u00e9ho oplodn\u011bn\u00ed, kter\u00fd je jinak obt\u00ed\u017en\u00fd a n\u00e1ro\u010dn\u00fd u ka\u017ed\u00e9ho p\u00e1ru. Proto nelze p\u0159esn\u011b ur\u010dit celkovou cenu. Pohybovat se m\u016f\u017ee v \u0159\u00e1du tis\u00edc\u016f a\u017e desetitis\u00edc\u016f. Poji\u0161\u0165ovna z\u00e1kroky vesm\u011bs nehrad\u00ed, podpory se u n\u00ed mohou do\u010dkat pouze takov\u00e9 dvojice, kter\u00e9 um\u011bl\u00e9 odplodn\u011bn\u00ed podstupuj\u00ed ze zdravotn\u00edch d\u016fvod\u016f.<\/p>\n<p>ilustra\u010dn\u00ed foto: puravida \/ MorgueFile<\/p>\n","protected":false},"excerpt":{"rendered":"<div class=\"mh-excerpt\"><p>Fakultn\u00ed nemocnice Brno bude d\u00edky nov\u00e9mu laseru za milion korun prov\u00e1d\u011bt lep\u0161\u00ed diagnostiku genetick\u00fdch onemocn\u011bn\u00ed u embrya p\u0159i um\u011bl\u00e9m oplodn\u011bn\u00ed. Nem\u011bly by se tak ji\u017e <a class=\"mh-excerpt-more\" href=\"https:\/\/www.invarena.cz\/?p=17324\" title=\"Nov\u00fd laser zabr\u00e1n\u00ed narozen\u00ed d\u011bt\u00ed &#8222;ze zkumavky&#8220; s genetick\u00fdmi vadami\">[&#8230;]<\/a><\/p>\n<\/div>","protected":false},"author":1,"featured_media":14161,"comment_status":"open","ping_status":"closed","sticky":false,"template":"","format":"standard","meta":{"footnotes":""},"categories":[11],"tags":[],"class_list":["post-17324","post","type-post","status-publish","format-standard","has-post-thumbnail","hentry","category-zdravi"],"_links":{"self":[{"href":"https:\/\/www.invarena.cz\/index.php?rest_route=\/wp\/v2\/posts\/17324","targetHints":{"allow":["GET"]}}],"collection":[{"href":"https:\/\/www.invarena.cz\/index.php?rest_route=\/wp\/v2\/posts"}],"about":[{"href":"https:\/\/www.invarena.cz\/index.php?rest_route=\/wp\/v2\/types\/post"}],"author":[{"embeddable":true,"href":"https:\/\/www.invarena.cz\/index.php?rest_route=\/wp\/v2\/users\/1"}],"replies":[{"embeddable":true,"href":"https:\/\/www.invarena.cz\/index.php?rest_route=%2Fwp%2Fv2%2Fcomments&post=17324"}],"version-history":[{"count":0,"href":"https:\/\/www.invarena.cz\/index.php?rest_route=\/wp\/v2\/posts\/17324\/revisions"}],"wp:featuredmedia":[{"embeddable":true,"href":"https:\/\/www.invarena.cz\/index.php?rest_route=\/wp\/v2\/media\/14161"}],"wp:attachment":[{"href":"https:\/\/www.invarena.cz\/index.php?rest_route=%2Fwp%2Fv2%2Fmedia&parent=17324"}],"wp:term":[{"taxonomy":"category","embeddable":true,"href":"https:\/\/www.invarena.cz\/index.php?rest_route=%2Fwp%2Fv2%2Fcategories&post=17324"},{"taxonomy":"post_tag","embeddable":true,"href":"https:\/\/www.invarena.cz\/index.php?rest_route=%2Fwp%2Fv2%2Ftags&post=17324"}],"curies":[{"name":"wp","href":"https:\/\/api.w.org\/{rel}","templated":true}]}}