{"id":17362,"date":"2014-09-01T14:45:52","date_gmt":"2014-09-01T12:45:52","guid":{"rendered":"http:\/\/www.invarena.cz\/?p=17362"},"modified":"2014-09-01T14:45:52","modified_gmt":"2014-09-01T12:45:52","slug":"ministryne-marksova-predstavila-novou-vizi-fungovani-ict-systemu-na-mpsv","status":"publish","type":"post","link":"https:\/\/www.invarena.cz\/?p=17362","title":{"rendered":"Ministryn\u011b Marksov\u00e1 p\u0159edstavila novou vizi fungov\u00e1n\u00ed ICT syst\u00e9m\u016f na MPSV"},"content":{"rendered":"<p><strong>Informa\u010dn\u00ed syst\u00e9my\u00a0 na Ministerstvu pr\u00e1ce a soci\u00e1ln\u00edch v\u011bc\u00ed by m\u011bly b\u00fdt provozn\u011b jednodu\u0161\u0161\u00ed a levn\u011bj\u0161\u00ed a v\u00edce se p\u0159ibl\u00ed\u017eit pot\u0159eb\u00e1m ob\u010dan\u016f. Ministryn\u011b Michaela Marksov\u00e1 na ve\u0159ejn\u00e9 sch\u016fzce se z\u00e1stupci IT firem p\u0159edstavila koncep\u010dn\u00ed strategii v\u00fdvoje ICT syst\u00e9mu cel\u00e9ho resortu MPSV.<\/strong><br \/>\n<!--more--><br \/>\n\u201eP\u0159edev\u0161\u00edm n\u00e1m z\u00e1le\u017e\u00ed na tom, aby v\u0161echna v\u00fdb\u011brov\u00e1 \u0159\u00edzen\u00ed byla naprosto transparentn\u00ed a otev\u0159en\u00e1. Sou\u010d\u00e1st\u00ed t\u00e9to transparentnosti je, \u017ee jsou ur\u010deni \u010dty\u0159i z\u00e1stupci, kte\u0159\u00ed s IT firmami mohou ofici\u00e1ln\u011b jednat a z ka\u017ed\u00e9ho takov\u00e9ho setk\u00e1n\u00ed mus\u00ed b\u00fdt ob\u011bma stranami podepsan\u00fd z\u00e1pis. Jedn\u00e1 se o n\u00e1m\u011bstkyni Ivu Merhautovou, vrchn\u00edho \u0159editele Roberta Baxu, \u0159editele Ji\u0159\u00edho K\u00e1rolyho a \u0159editele Pavla M\u00e1nka,\u201c \u0159ekla ministryn\u011b pr\u00e1ce a soci\u00e1ln\u00edch v\u011bc\u00ed Michaela Marksov\u00e1.<\/p>\n<p>\u201ePl\u00e1novat budoucnost je nutn\u00e9, ale stejn\u011b tak d\u016fle\u017eit\u00e9 je udr\u017eet provoz do doby, ne\u017e napl\u00e1novan\u00e9 kroky uskute\u010dn\u00edme. Nem\u016f\u017eeme ohrozit v\u00fdplatu d\u00e1vek a nem\u016f\u017eeme postavit zam\u011bstnance \u00da\u0159adu pr\u00e1ce p\u0159ed podobnou situaci, jako tady byla v roce 2012 a 2014,\u201c dodala ministryn\u011b.<\/p>\n<p>V sou\u010dasn\u00e9 dob\u011b MPSV pracuje ve spolupr\u00e1ci se syst\u00e9mov\u00fdm integr\u00e1torem na tzv. Strategii informa\u010dn\u00edch a komunika\u010dn\u00edch technologi\u00ed 2015+. Tato Strategie je nyn\u00ed ve v\u00fdchoz\u00ed verzi a ne\u017e bude p\u0159edlo\u017eena vl\u00e1d\u011b \u010cR, projde odbornou oponenturou na \u010cVUT. Tento dokument jasn\u011b ukazuje sm\u011br, kter\u00fdm se MPSV hodl\u00e1 v p\u0159\u00ed\u0161t\u00edch letech v oblasti ICT ub\u00edrat.<\/p>\n<p>Obsahuje dv\u011b z\u00e1kladn\u00ed z\u00e1sady a t\u011bmi jsou, zaji\u0161t\u011bn\u00ed poskytov\u00e1n\u00ed ICT slu\u017eeb v souladu s legislativou a technick\u00fdmi a architektonick\u00fdmi principy eGovernmentu a d\u00e1le my\u0161lenku zaji\u0161t\u011bn\u00ed informa\u010dn\u00ed podpory postupn\u00e9 pln\u00e9 elektronizace slu\u017eeb pro sv\u00e9 klienty, tedy pro ob\u010dany. C\u00edlem t\u00e9to strategie je realizace nejm\u00e9n\u011b \u0161est projekt\u016f, kter\u00e9 v letech 2015 a\u017e 2018 zm\u011bn\u00ed ICT v resortu. Z\u00e1sadn\u00ed je zaji\u0161t\u011bn\u00ed budouc\u00edch v\u00fdplat nepojistn\u00fdch soci\u00e1ln\u00edch d\u00e1vek a d\u00e1vek st\u00e1tn\u00ed politiky zam\u011bstnanosti a tak\u00e9 realizace projektu podp\u016frn\u00fdch syst\u00e9m\u016f nebo port\u00e1lu slu\u017eeb ob\u010dan\u016f.<\/p>\n<p>Dal\u0161\u00ed projekty budou zam\u011b\u0159eny na technickou infrastrukturu, nap\u0159\u00edklad na modernizaci a \u00fadr\u017ebu server\u016f nebo koncov\u00fdch za\u0159\u00edzen\u00ed. \u201eMPSV od \u00fanora pracuje velmi intenzivn\u011b na p\u0159\u00edprav\u011b otev\u0159en\u00fdch zad\u00e1vac\u00edch \u0159\u00edzen\u00ed. Se zapojen\u00edm zam\u011bstnanc\u016f \u00da\u0159adu pr\u00e1ce vznikly pracovn\u00ed skupiny. Do konce srpna by dle harmonogramu m\u011bla prob\u011bhnout ve\u0161ker\u00e1 jedn\u00e1n\u00ed jednotliv\u00fdch pracovn\u00edch skupin, v\u00fdsledkem bude n\u00e1vrh modelu jednotliv\u00fdch syst\u00e9m\u016f,\u201c uvedla n\u00e1m\u011bstkyn\u011b pro informa\u010dn\u00ed technologie Iva Merhautov\u00e1.<\/p>\n<p>\u201ePo\u017eadavky, kter\u00e9 budou vyhodnoceny jako objektivn\u011b pot\u0159ebn\u00e9 k realizaci, budou dopln\u011bny o dal\u0161\u00ed zad\u00e1n\u00ed, kter\u00e9 vzejde ze zahrani\u010dn\u00edch zku\u0161enost\u00ed. Chceme vyu\u017e\u00edt praxe jin\u00fdch zem\u00ed Evropsk\u00e9 unie s implementac\u00ed a provozov\u00e1n\u00edm rozs\u00e1hl\u00fdch integrovan\u00fdch informa\u010dn\u00edch syst\u00e9m\u016f a zku\u0161enosti se zpracov\u00e1n\u00edm a zaji\u0161t\u011bn\u00edm v\u00fdplaty soci\u00e1ln\u00edch d\u00e1vek a d\u00e1vek politiky zam\u011bstnanosti. Ji\u017e prob\u011bhly pracovn\u00ed cesty na p\u0159\u00edslu\u0161n\u00e9 \u00fa\u0159ady a ministerstva soci\u00e1ln\u00edch v\u011bc\u00ed do N\u011bmecka, na Slovensko a do Rakouska. V okoln\u00edch zem\u00edch funguj\u00ed modern\u00ed informa\u010dn\u00ed a technologick\u00e9 syst\u00e9my, obsluhou a provozem jsou \u010dasto jednodu\u0161\u0161\u00ed a sv\u00fdm vyu\u017eit\u00edm tak\u00e9 daleko bl\u00ed\u017e ob\u010dan\u016fm. Z\u00e1rove\u0148 jsou provozn\u011b levn\u011bj\u0161\u00ed,\u201c popsal situaci vrchn\u00ed \u0159editel \u00faseku pro informatiku Robert Baxa.<\/p>\n<p>Realizace takto slo\u017eit\u00e9ho zad\u00e1vac\u00edho \u0159\u00edzen\u00ed m\u00e1 pravidla i z\u00e1konn\u00e9 lh\u016fty. To znamen\u00e1, \u017ee s ohledem na projektov\u00e9 a legislativn\u00ed doby nebude dokon\u010deno do konce leto\u0161n\u00edho roku. Nav\u00edc, je nutn\u00e9 zajistit programov\u00e1n\u00ed, \u0159\u00e1dn\u00e9 ov\u011b\u0159en\u00ed funk\u010dnosti, testov\u00e1n\u00ed komunikace s ostatn\u00edmi syst\u00e9my, d\u016fkladn\u00e9 pro\u0161kolen\u00ed u\u017eivatel\u016f a migrace dat. Nov\u00e9 syst\u00e9my by mohly b\u00fdt spu\u0161t\u011bny v pr\u016fb\u011bhu roku 2016. Z tohoto d\u016fvodu MPSV nevylu\u010duje p\u0159echodn\u00e9 obdob\u00ed fungov\u00e1n\u00ed st\u00e1vaj\u00edc\u00edho syst\u00e9mu OK syst\u00e9m v roce 2016.<\/p>\n<p>Petr Hab\u00e1\u0148<br \/>\ntiskov\u00fd mluv\u010d\u00ed MPSV<\/p>\n<p>ilustra\u010dn\u00ed foto: PhotoRack.net<\/p>\n","protected":false},"excerpt":{"rendered":"<div class=\"mh-excerpt\"><p>Informa\u010dn\u00ed syst\u00e9my\u00a0 na Ministerstvu pr\u00e1ce a soci\u00e1ln\u00edch v\u011bc\u00ed by m\u011bly b\u00fdt provozn\u011b jednodu\u0161\u0161\u00ed a levn\u011bj\u0161\u00ed a v\u00edce se p\u0159ibl\u00ed\u017eit pot\u0159eb\u00e1m ob\u010dan\u016f. Ministryn\u011b Michaela Marksov\u00e1 na <a class=\"mh-excerpt-more\" href=\"https:\/\/www.invarena.cz\/?p=17362\" title=\"Ministryn\u011b Marksov\u00e1 p\u0159edstavila novou vizi fungov\u00e1n\u00ed ICT syst\u00e9m\u016f na MPSV\">[&#8230;]<\/a><\/p>\n<\/div>","protected":false},"author":1,"featured_media":17229,"comment_status":"open","ping_status":"closed","sticky":false,"template":"","format":"standard","meta":{"footnotes":""},"categories":[6],"tags":[],"class_list":["post-17362","post","type-post","status-publish","format-standard","has-post-thumbnail","hentry","category-politika"],"_links":{"self":[{"href":"https:\/\/www.invarena.cz\/index.php?rest_route=\/wp\/v2\/posts\/17362","targetHints":{"allow":["GET"]}}],"collection":[{"href":"https:\/\/www.invarena.cz\/index.php?rest_route=\/wp\/v2\/posts"}],"about":[{"href":"https:\/\/www.invarena.cz\/index.php?rest_route=\/wp\/v2\/types\/post"}],"author":[{"embeddable":true,"href":"https:\/\/www.invarena.cz\/index.php?rest_route=\/wp\/v2\/users\/1"}],"replies":[{"embeddable":true,"href":"https:\/\/www.invarena.cz\/index.php?rest_route=%2Fwp%2Fv2%2Fcomments&post=17362"}],"version-history":[{"count":0,"href":"https:\/\/www.invarena.cz\/index.php?rest_route=\/wp\/v2\/posts\/17362\/revisions"}],"wp:featuredmedia":[{"embeddable":true,"href":"https:\/\/www.invarena.cz\/index.php?rest_route=\/wp\/v2\/media\/17229"}],"wp:attachment":[{"href":"https:\/\/www.invarena.cz\/index.php?rest_route=%2Fwp%2Fv2%2Fmedia&parent=17362"}],"wp:term":[{"taxonomy":"category","embeddable":true,"href":"https:\/\/www.invarena.cz\/index.php?rest_route=%2Fwp%2Fv2%2Fcategories&post=17362"},{"taxonomy":"post_tag","embeddable":true,"href":"https:\/\/www.invarena.cz\/index.php?rest_route=%2Fwp%2Fv2%2Ftags&post=17362"}],"curies":[{"name":"wp","href":"https:\/\/api.w.org\/{rel}","templated":true}]}}