{"id":17363,"date":"2014-09-01T14:47:22","date_gmt":"2014-09-01T12:47:22","guid":{"rendered":"http:\/\/www.invarena.cz\/?p=17363"},"modified":"2014-09-01T14:47:22","modified_gmt":"2014-09-01T12:47:22","slug":"minimalni-mzda-9200-i-pro-postizene-jen-pro-nektere","status":"publish","type":"post","link":"https:\/\/www.invarena.cz\/?p=17363","title":{"rendered":"Minim\u00e1ln\u00ed mzda 9200 i pro posti\u017een\u00e9? Jen pro n\u011bkter\u00e9"},"content":{"rendered":"<p><strong>U\u017e del\u0161\u00ed dobu se \u0159e\u0161\u00ed situace okolo minim\u00e1ln\u00ed mzdy. Vl\u00e1da ji chce zv\u00fd\u0161it na 9200 korun. P\u0159\u00edjemc\u016fm invalidn\u00edch d\u016fchod\u016f by ale m\u011bla z\u016fstat na osmi tis\u00edc\u00edch. Kam se posunula jedn\u00e1n\u00ed?<\/strong><br \/>\n<!--more--><br \/>\nU\u017e n\u011bkolik let se \u010cR pot\u00fdk\u00e1 s probl\u00e9mem p\u0159\u00edli\u0161 n\u00edzk\u00e9 minim\u00e1ln\u00ed mzdy. Vl\u00e1da se rozhodla, \u017ee ji zv\u00fd\u0161\u00ed na 9200 korun, je to v\u0161emi odborn\u00edky dlouho o\u010dek\u00e1van\u00e1 zm\u011bna, av\u0161ak pro n\u011bkter\u00e9 to m\u016f\u017ee p\u0159in\u00e9st probl\u00e9my.<\/p>\n<p>V minul\u00fdch letech si posti\u017een\u00ed st\u011b\u017eovali, \u017ee zvy\u0161ov\u00e1n\u00ed minim\u00e1ln\u00ed mzdy ohro\u017euje jejich pracovn\u00ed m\u00edsta, proto\u017ee zam\u011bstnavatel\u00e9 si je nebudou moci dovolit zam\u011bstn\u00e1vat. Skute\u010dnost uk\u00e1zala, \u017ee k \u017e\u00e1dn\u00e9mu masivn\u00edmu propou\u0161t\u011bn\u00ed p\u0159\u00edjemc\u016f invalidn\u00edch d\u016fchod\u016f nedo\u0161lo. Vl\u00e1da by ale i p\u0159esto r\u00e1da ponechala minim\u00e1ln\u00ed mzdu u posti\u017een\u00fdch na osmi tis\u00edc\u00edch korun.<\/p>\n<p>To se z\u00e1sadn\u011b nel\u00edb\u00ed N\u00e1rodn\u00ed rad\u011b osob se zdravotn\u00edm posti\u017een\u00edm, kter\u00e1 o situaci jednala se zam\u011bstnavateli zam\u011bstn\u00e1vaj\u00edc\u00edmi alespo\u0148 50% posti\u017een\u00fdch. Z jedn\u00e1n\u00ed vy\u0161el kompromis.<\/p>\n<p>&#8222;Tento kompromis spo\u010d\u00edv\u00e1 v tom, \u017ee u pracovn\u00edch smluv p\u0159\u00edjemc\u016f invalidn\u00edch d\u016fchod\u016f, kter\u00e9 byly uzav\u0159eny po 1.1.2014 bude minim\u00e1ln\u00ed mzda ve v\u00fd\u0161i 9200,- K\u010d, tedy jako u ostatn\u00edch pracovn\u00edk\u016f. U pracovn\u00edch smluv uzav\u0159en\u00fdch p\u0159ed 1.1.2014 bude minim\u00e1ln\u00ed mzda pouze ve v\u00fd\u0161i 8000,- K\u010d, ale maxim\u00e1ln\u011b do dne 31.12.2016. To znamen\u00e1, \u017ee po tomto datu by se i t\u011bmto pracovn\u00edk\u016fm zv\u00fd\u0161ila minim\u00e1ln\u00ed mzda na \u00farove\u0148, kter\u00e1 bude platn\u00e1 v t\u00e9 dob\u011b. V\u0161echny nov\u00e9 smlouvy v obdob\u00ed mezi 1.1.2014 a\u017e 31.12.2016 s p\u0159\u00edjemci ID budou uzav\u0159eny tak, \u017ee minim\u00e1ln\u00ed mzda bude ji\u017e stejn\u00e1 jako u ostatn\u00edch pracovn\u00edk\u016f,&#8220; vysv\u011btluje p\u0159edseda NRZP \u010cR V\u00e1clav Kr\u00e1sa.<\/p>\n<p>Ve sv\u00e9 zpr\u00e1v\u011b tak\u00e9 dod\u00e1v\u00e1, \u017ee se kompromis ale nebude t\u00fdkat p\u0159\u00edjemc\u016f invalidn\u00edho d\u016fchodu I. stupn\u011b, u t\u011bch se p\u0159edpokl\u00e1d\u00e1, \u017ee by si m\u011bli b\u00fdt schopni na svou pracovn\u00ed pozici bez probl\u00e9m\u016f vyd\u011blat, a proto by se jim m\u011bla minim\u00e1ln\u00ed mzda automaticky zv\u00fd\u0161it na 9200 korun.<\/p>\n<p>Ji\u0159\u00ed Marek<br \/>\ninvArena<\/p>\n<p>ilustra\u010dn\u00ed foto: LeoSynapse sxc.hu<\/p>\n","protected":false},"excerpt":{"rendered":"<div class=\"mh-excerpt\"><p>U\u017e del\u0161\u00ed dobu se \u0159e\u0161\u00ed situace okolo minim\u00e1ln\u00ed mzdy. Vl\u00e1da ji chce zv\u00fd\u0161it na 9200 korun. P\u0159\u00edjemc\u016fm invalidn\u00edch d\u016fchod\u016f by ale m\u011bla z\u016fstat na osmi <a class=\"mh-excerpt-more\" href=\"https:\/\/www.invarena.cz\/?p=17363\" title=\"Minim\u00e1ln\u00ed mzda 9200 i pro posti\u017een\u00e9? Jen pro n\u011bkter\u00e9\">[&#8230;]<\/a><\/p>\n<\/div>","protected":false},"author":1,"featured_media":14424,"comment_status":"open","ping_status":"closed","sticky":false,"template":"","format":"standard","meta":{"footnotes":""},"categories":[1,6,9],"tags":[],"class_list":["post-17363","post","type-post","status-publish","format-standard","has-post-thumbnail","hentry","category-nezarazene","category-politika","category-zpravy"],"_links":{"self":[{"href":"https:\/\/www.invarena.cz\/index.php?rest_route=\/wp\/v2\/posts\/17363","targetHints":{"allow":["GET"]}}],"collection":[{"href":"https:\/\/www.invarena.cz\/index.php?rest_route=\/wp\/v2\/posts"}],"about":[{"href":"https:\/\/www.invarena.cz\/index.php?rest_route=\/wp\/v2\/types\/post"}],"author":[{"embeddable":true,"href":"https:\/\/www.invarena.cz\/index.php?rest_route=\/wp\/v2\/users\/1"}],"replies":[{"embeddable":true,"href":"https:\/\/www.invarena.cz\/index.php?rest_route=%2Fwp%2Fv2%2Fcomments&post=17363"}],"version-history":[{"count":0,"href":"https:\/\/www.invarena.cz\/index.php?rest_route=\/wp\/v2\/posts\/17363\/revisions"}],"wp:featuredmedia":[{"embeddable":true,"href":"https:\/\/www.invarena.cz\/index.php?rest_route=\/wp\/v2\/media\/14424"}],"wp:attachment":[{"href":"https:\/\/www.invarena.cz\/index.php?rest_route=%2Fwp%2Fv2%2Fmedia&parent=17363"}],"wp:term":[{"taxonomy":"category","embeddable":true,"href":"https:\/\/www.invarena.cz\/index.php?rest_route=%2Fwp%2Fv2%2Fcategories&post=17363"},{"taxonomy":"post_tag","embeddable":true,"href":"https:\/\/www.invarena.cz\/index.php?rest_route=%2Fwp%2Fv2%2Ftags&post=17363"}],"curies":[{"name":"wp","href":"https:\/\/api.w.org\/{rel}","templated":true}]}}