{"id":17400,"date":"2014-09-04T00:28:29","date_gmt":"2014-09-03T22:28:29","guid":{"rendered":"http:\/\/www.invarena.cz\/?p=17400"},"modified":"2014-09-04T00:28:29","modified_gmt":"2014-09-03T22:28:29","slug":"britsky-hoch-s-rakovinou-se-bude-lecit-v-praze","status":"publish","type":"post","link":"https:\/\/www.invarena.cz\/?p=17400","title":{"rendered":"Britsk\u00fd hoch s rakovinou se bude l\u00e9\u010dit v Praze"},"content":{"rendered":"<p><strong>Pra\u017esk\u00e9 Protonov\u00e9 centrum dnes obdr\u017eelo zdravotnickou dokumentaci britsk\u00e9ho chlapce s rakovinou mozku, kter\u00e9ho rodi\u010de bez v\u011bdom\u00ed l\u00e9ka\u0159\u016f odvezli z Brit\u00e1nie s c\u00edlem l\u00e9\u010dit jej v \u010cesku.<\/strong><!--more--><\/p>\n<p>Centrum o tom informovalo na sv\u00fdch webov\u00fdch str\u00e1nk\u00e1ch. Rodi\u010de d\u00edt\u011bte, kter\u00e9 britsk\u00e9 \u00fa\u0159ady st\u00edhaly kv\u016fli \u00fadajn\u00e9mu ohro\u017een\u00ed zdrav\u00ed jejich syna, byli v \u00fater\u00fd propu\u0161t\u011bni z vazby v Madridu a dnes ji\u017e dorazili za sv\u00fdm potomkem do nemocnice v jiho\u0161pan\u011blsk\u00e9 obci V\u00e9lez M\u00e1laga.<\/p>\n<p>&#8222;M\u016f\u017eeme potvrdit, \u017ee jsme ji\u017e zdravotnickou dokumentaci obdr\u017eeli a jsme p\u0159ipraveni chlapce p\u0159ijmout,&#8220; \u0159ekla mluv\u010d\u00ed Protonov\u00e9ho centra Jana Kulh\u00e1nkov\u00e1.<\/p>\n<p>Data p\u011btilet\u00e9ho Ashyi Kinga dnes r\u00e1no do Prahy poslala nemocnice v britsk\u00e9m Southamptonu, odkud hocha jeho rodi\u010de minul\u00fd t\u00fdden p\u0159es Francii odvezli do \u0160pan\u011blska. Tam pr\u00fd cht\u011bli prodejem sv\u00e9 rekrea\u010dn\u00ed nemovitosti z\u00edskat pen\u00edze na speci\u00e1ln\u00ed l\u00e9\u010dbu v Praze.<\/p>\n<p>Brit\u00e1nie na man\u017eele Kingovi kv\u016fli \u00fadajn\u00e9mu zanedb\u00e1n\u00ed p\u00e9\u010de o d\u00edt\u011b vydala zatyka\u010d a dvojice se na t\u0159i dny ocitla ve \u0160pan\u011blsku ve vazb\u011b. Po nal\u00e9h\u00e1n\u00ed politik\u016f i ve\u0159ejnosti byli ale rodi\u010de propu\u0161t\u011bni. &#8222;M\u00e1 \u017eena ve v\u011bzen\u00ed v\u011bt\u0161inu \u010dasu proplakala&#8230; Velmi n\u00e1s to oba bolelo&#8230; Nyn\u00ed se c\u00edt\u00edme mnohem l\u00e9pe a jsme na cest\u011b za na\u0161\u00edm synem,&#8220; \u0159ekl 51let\u00fd Brett King na emotivn\u00ed tiskov\u00e9 konferenci v Seville.<\/p>\n<p>T\u0159i dny v cele byly pr\u00fd pro Kingovy t\u011b\u017ek\u00fdm utrpen\u00edm; v\u011bd\u011bli, \u017ee bezmocn\u011b marn\u00ed \u010das ve chv\u00edli, kdy je ka\u017ed\u00e1 hodina drah\u00e1. &#8222;Ashyovi nemus\u00ed zb\u00fdvat mnoho m\u011bs\u00edc\u016f \u017eivota a my jsme byli zav\u0159eni v cele a nikdo nemohl nic d\u011blat,&#8220; popsal t\u00ed\u017eiv\u00e9 pocity bezmoci otec. P\u0159esto pr\u00fd nec\u00edtili hn\u011bv na \u00fa\u0159ady, jim\u017e po propu\u0161t\u011bn\u00ed p\u0159es m\u00e9dia pod\u011bkovali.<\/p>\n<p>P\u011bta\u010dty\u0159icetilet\u00e1 matka Naghemeh v rozhovoru pro BBC \u0159ekla, \u017ee se ve vazb\u011b modlila za to, aby se co nejd\u0159\u00edve shledala s nemocn\u00fdm synem, pro n\u011bj\u017e chce d\u011blat tot\u00e9\u017e, co p\u0159edt\u00edm v nemocnici v Southamptonu. &#8222;Jen mu chci svla\u017eovat rty, proto\u017ee se s\u00e1m nem\u016f\u017ee nap\u00edt, chci mu \u010distit zuby, chci ho ka\u017ed\u00fdch 15 a\u017e 20 minut obracet ze strany na stranu, proto\u017ee se s\u00e1m nem\u016f\u017ee h\u00fdbat,&#8220; uvedla.<\/p>\n<p>Stanici Sky News otec \u00fadajn\u011b \u0159ekl, \u017ee southamptonsk\u00e9 l\u00e9ka\u0159e informoval o tom, \u017ee m\u00ed\u0159\u00ed se synem pry\u010d, p\u0159i\u010dem\u017e nemocnice tvrd\u00ed opak.<\/p>\n<p>Podle \u0161\u00e9fa d\u011btsk\u00e9 neuroonkologie v Southamptonu Garyho Nicolina by m\u011bl nyn\u00ed chlapec nejprve v Southamptonu podstoupit dva cykly chemoterapie, kter\u00e9 by m\u011bly trvat n\u011bkolik t\u00fddn\u016f. Teprve pot\u00e9 by se m\u011bl Ashya podle dohody britsk\u00fdch a \u010desk\u00fdch l\u00e9ka\u0159\u016f vydat do Prahy. &#8222;V p\u0159\u00edpad\u011b Ashyi je protonov\u00e1 terapie opravdu vhodn\u00e1 a p\u0159\u00ednosn\u00e1 metoda l\u00e9\u010dby, tak\u017ee chlapce m\u016f\u017eeme p\u0159ijmout,&#8220; uvedl hlavn\u00ed l\u00e9ka\u0159 pra\u017esk\u00e9 protonov\u00e9 l\u00e9\u010dby Ji\u0159\u00ed Kube\u0161.<\/p>\n<p>Centrum pr\u00fd m\u016f\u017ee zah\u00e1jit chlapcovu terapii pot\u00e9, co po jeho p\u0159ijet\u00ed zhotov\u00ed oza\u0159ovac\u00ed pl\u00e1ny, co\u017e standardn\u011b trv\u00e1 a\u017e deset dn\u00ed. V Ashyov\u011b p\u0159\u00edpad\u011b jsou tuto dobu \u00fadajn\u011b l\u00e9ka\u0159i schopni zkr\u00e1tit zhruba na polovinu.<\/p>\n<p>Na \u010desk\u00e9 specialisty se ji\u017e 20. srpna obr\u00e1til chlapc\u016fv otec, kter\u00fd i s man\u017eelkou a Ashyov\u00fdmi \u0161esti sourozenci p\u0159evezl syna na kole\u010dkov\u00e9m k\u0159esle p\u0159es Francii do \u0160pan\u011blska. Po zat\u010den\u00ed rodi\u010d\u016f, kter\u00e9 po\u017eadovala britsk\u00e1 strana, se zvedla vlna ve\u0159ejn\u00e9 podpory, k n\u00ed\u017e se p\u0159idali i brit\u0161t\u00ed politici v\u010detn\u011b premi\u00e9ra Davida Camerona. Internetovou petici po\u017eaduj\u00edc\u00ed, aby rodi\u010d\u016fm bylo umo\u017en\u011bno setk\u00e1n\u00ed se synem, podepsalo p\u0159es \u010dtvrt milionu lid\u00ed.<\/p>\n<p>Podle Bretta Kinga m\u011bla b\u00fdt p\u016fvodn\u00ed l\u00e9\u010dba v Southamptonu natolik agres\u00edvn\u00ed, \u017ee by po n\u00ed z\u016fstalo d\u00edt\u011b ve vegetativn\u00edm stavu. Naopak od citliv\u011bj\u0161\u00ed l\u00e9\u010dby v \u010cesku jeho rodi\u010de o\u010dek\u00e1vaj\u00ed v\u011bt\u0161\u00ed zlep\u0161en\u00ed stavu. Britsk\u00e1 zdravotn\u00ed poji\u0161\u0165ovna jim v\u0161ak uhradit v\u00fdlohy nechce, proto pot\u0159ebuj\u00ed prodat d\u016fm.<\/p>\n<p>&#8222;D\u016fvod, pro\u010d jsme si vybrali Prahu, je, \u017ee se zd\u00e1, \u017ee je nejlep\u0161\u00edm \u0159e\u0161en\u00edm v Evrop\u011b, a tak\u00e9 levn\u011bj\u0161\u00edm, ne\u017e jet do Ameriky,&#8220; vysv\u011btlil jeden z Ashyov\u00fdch bratr\u016f stanici BBC.<br \/>\nPodle prohl\u00e1\u0161en\u00ed Protonov\u00e9ho centra byly od jeho p\u0159edlo\u0148sk\u00e9ho zprovozn\u011bn\u00ed v Praze l\u00e9\u010deny des\u00edtky ob\u010dan\u016f Brit\u00e1nie, v\u011bt\u0161inou s rakovinou prostaty \u010di pr\u00e1v\u011b n\u00e1dory na mozku. Protonov\u00e1 l\u00e9\u010dba d\u011btsk\u00fdch n\u00e1dor\u016f je v \u010cesku finan\u010dn\u011b dostupn\u011bj\u0161\u00ed ne\u017e v USA, kde vyjde v p\u0159epo\u010dtu na zhruba t\u0159i miliony korun; v Praze stoj\u00ed pro zahrani\u010dn\u00ed d\u011btsk\u00e9 pacienty 1,8 milionu korun, pro \u010desk\u00e9 700.000 korun.<\/p>\n","protected":false},"excerpt":{"rendered":"<div class=\"mh-excerpt\"><p>Pra\u017esk\u00e9 Protonov\u00e9 centrum dnes obdr\u017eelo zdravotnickou dokumentaci britsk\u00e9ho chlapce s rakovinou mozku, kter\u00e9ho rodi\u010de bez v\u011bdom\u00ed l\u00e9ka\u0159\u016f odvezli z Brit\u00e1nie s c\u00edlem l\u00e9\u010dit jej v <a class=\"mh-excerpt-more\" href=\"https:\/\/www.invarena.cz\/?p=17400\" title=\"Britsk\u00fd hoch s rakovinou se bude l\u00e9\u010dit v Praze\">[&#8230;]<\/a><\/p>\n<\/div>","protected":false},"author":1,"featured_media":0,"comment_status":"open","ping_status":"closed","sticky":false,"template":"","format":"standard","meta":{"footnotes":""},"categories":[9],"tags":[],"class_list":["post-17400","post","type-post","status-publish","format-standard","hentry","category-zpravy"],"_links":{"self":[{"href":"https:\/\/www.invarena.cz\/index.php?rest_route=\/wp\/v2\/posts\/17400","targetHints":{"allow":["GET"]}}],"collection":[{"href":"https:\/\/www.invarena.cz\/index.php?rest_route=\/wp\/v2\/posts"}],"about":[{"href":"https:\/\/www.invarena.cz\/index.php?rest_route=\/wp\/v2\/types\/post"}],"author":[{"embeddable":true,"href":"https:\/\/www.invarena.cz\/index.php?rest_route=\/wp\/v2\/users\/1"}],"replies":[{"embeddable":true,"href":"https:\/\/www.invarena.cz\/index.php?rest_route=%2Fwp%2Fv2%2Fcomments&post=17400"}],"version-history":[{"count":0,"href":"https:\/\/www.invarena.cz\/index.php?rest_route=\/wp\/v2\/posts\/17400\/revisions"}],"wp:attachment":[{"href":"https:\/\/www.invarena.cz\/index.php?rest_route=%2Fwp%2Fv2%2Fmedia&parent=17400"}],"wp:term":[{"taxonomy":"category","embeddable":true,"href":"https:\/\/www.invarena.cz\/index.php?rest_route=%2Fwp%2Fv2%2Fcategories&post=17400"},{"taxonomy":"post_tag","embeddable":true,"href":"https:\/\/www.invarena.cz\/index.php?rest_route=%2Fwp%2Fv2%2Ftags&post=17400"}],"curies":[{"name":"wp","href":"https:\/\/api.w.org\/{rel}","templated":true}]}}