{"id":17405,"date":"2014-09-04T09:52:44","date_gmt":"2014-09-04T07:52:44","guid":{"rendered":"http:\/\/www.invarena.cz\/?p=17405"},"modified":"2014-09-04T09:52:44","modified_gmt":"2014-09-04T07:52:44","slug":"celonarodni-sbirka-svetluska-zacina","status":"publish","type":"post","link":"https:\/\/www.invarena.cz\/?p=17405","title":{"rendered":"Celon\u00e1rodn\u00ed sb\u00edrka Sv\u011btlu\u0161ka za\u010d\u00edn\u00e1"},"content":{"rendered":"<p><strong>Sv\u011btlu\u0161ky rozz\u00e1\u0159\u00ed dne\u0161ek. Za\u010d\u00edn\u00e1 tak dal\u0161\u00ed ro\u010dn\u00edk celon\u00e1rodn\u00ed sb\u00edrky na pomoc <span class=\"highlight\">nevidom\u00fdm<\/span> a slabozrak\u00fdm, kterou po\u0159\u00e1d\u00e1 Nada\u010dn\u00ed fond \u010cesk\u00e9ho rozhlasu. V Praze na k\u0159i\u017eovatce U And\u011bla potkaj\u00ed lid\u00e9 zn\u00e1m\u00e9 osobnosti, kter\u00e9 se rozhodly Sv\u011btlu\u0161ku podpo\u0159it.<\/strong><!--more--><\/p>\n<p>&nbsp;<\/p>\n<p>Mohou si tam tak\u00e9 koupit tradi\u010dn\u00ed tykadla nebo sv\u011bt\u00e9lkuj\u00edc\u00ed n\u00e1ramky. Hlavn\u00ed \u010d\u00e1st sb\u00edrky za\u010d\u00edn\u00e1 v pond\u011bl\u00ed. A\u017e do p\u00e1tku budou lid\u00e9 potk\u00e1vat dobrovoln\u00edky Sv\u011btlu\u0161ky p\u0159\u00edmo v ulic\u00edch v\u00edc ne\u017e 300 m\u011bst.<\/p>\n<p>Man\u017eetov\u00e9 knofl\u00ed\u010dky, \u010delovku nebo tykadla s logem sb\u00edrky Sv\u011btlu\u0161ka prod\u00e1valy na pra\u017esk\u00e9m And\u011blu zn\u00e1m\u00e9 osobnosti i dobrovoln\u00edci. Lid\u00e9 tak podpo\u0159ili <span class=\"highlight\">nevidom\u00e9<\/span>, kter\u00fdm projekt nada\u010dn\u00edho fondu \u010cesk\u00e9ho rozhlasu dlouhodob\u011b pom\u00e1h\u00e1.<\/p>\n<p>Pomoci s prodejem a podpo\u0159it tak zrakov\u011b <span class=\"highlight\">posti\u017een\u00e9<\/span>, p\u0159i\u0161li na pra\u017esk\u00fd And\u011bl popul\u00e1rn\u00ed herci, t\u0159eba Pavel Nov\u00fd nebo Ji\u0159\u00ed M\u00e1dl, ale tak\u00e9 sportovci, b\u011b\u017eka\u0159 Martin Koukal nebo beach volejbalistky Krist\u00fdna Kolocov\u00e1 a Mark\u00e9ta Slukov\u00e1. Lid\u00e9 m\u011bli o n\u00e1kup z\u00e1jem.<\/p>\n<p>Celon\u00e1rodn\u00ed sb\u00edrka Sv\u011btlu\u0161ka za\u010dne u\u017e p\u0159\u00ed\u0161t\u00ed pond\u011bl\u00ed. Tentokr\u00e1t se do n\u00ed zapoj\u00ed kolem 7 tis\u00edc dobrovoln\u00edk\u016f, co\u017e je v historii projektu rekordn\u00ed po\u010det.<\/p>\n<p>Radio\u017eurn\u00e1l.<\/p>\n","protected":false},"excerpt":{"rendered":"<div class=\"mh-excerpt\"><p>Sv\u011btlu\u0161ky rozz\u00e1\u0159\u00ed dne\u0161ek. Za\u010d\u00edn\u00e1 tak dal\u0161\u00ed ro\u010dn\u00edk celon\u00e1rodn\u00ed sb\u00edrky na pomoc nevidom\u00fdm a slabozrak\u00fdm, kterou po\u0159\u00e1d\u00e1 Nada\u010dn\u00ed fond \u010cesk\u00e9ho rozhlasu. V Praze na k\u0159i\u017eovatce U <a class=\"mh-excerpt-more\" href=\"https:\/\/www.invarena.cz\/?p=17405\" title=\"Celon\u00e1rodn\u00ed sb\u00edrka Sv\u011btlu\u0161ka za\u010d\u00edn\u00e1\">[&#8230;]<\/a><\/p>\n<\/div>","protected":false},"author":1,"featured_media":5371,"comment_status":"open","ping_status":"closed","sticky":false,"template":"","format":"standard","meta":{"footnotes":""},"categories":[7],"tags":[],"class_list":["post-17405","post","type-post","status-publish","format-standard","has-post-thumbnail","hentry","category-spolecnost"],"_links":{"self":[{"href":"https:\/\/www.invarena.cz\/index.php?rest_route=\/wp\/v2\/posts\/17405","targetHints":{"allow":["GET"]}}],"collection":[{"href":"https:\/\/www.invarena.cz\/index.php?rest_route=\/wp\/v2\/posts"}],"about":[{"href":"https:\/\/www.invarena.cz\/index.php?rest_route=\/wp\/v2\/types\/post"}],"author":[{"embeddable":true,"href":"https:\/\/www.invarena.cz\/index.php?rest_route=\/wp\/v2\/users\/1"}],"replies":[{"embeddable":true,"href":"https:\/\/www.invarena.cz\/index.php?rest_route=%2Fwp%2Fv2%2Fcomments&post=17405"}],"version-history":[{"count":0,"href":"https:\/\/www.invarena.cz\/index.php?rest_route=\/wp\/v2\/posts\/17405\/revisions"}],"wp:featuredmedia":[{"embeddable":true,"href":"https:\/\/www.invarena.cz\/index.php?rest_route=\/wp\/v2\/media\/5371"}],"wp:attachment":[{"href":"https:\/\/www.invarena.cz\/index.php?rest_route=%2Fwp%2Fv2%2Fmedia&parent=17405"}],"wp:term":[{"taxonomy":"category","embeddable":true,"href":"https:\/\/www.invarena.cz\/index.php?rest_route=%2Fwp%2Fv2%2Fcategories&post=17405"},{"taxonomy":"post_tag","embeddable":true,"href":"https:\/\/www.invarena.cz\/index.php?rest_route=%2Fwp%2Fv2%2Ftags&post=17405"}],"curies":[{"name":"wp","href":"https:\/\/api.w.org\/{rel}","templated":true}]}}