{"id":17406,"date":"2014-09-04T09:56:20","date_gmt":"2014-09-04T07:56:20","guid":{"rendered":"http:\/\/www.invarena.cz\/?p=17406"},"modified":"2014-09-04T09:56:20","modified_gmt":"2014-09-04T07:56:20","slug":"urady-priznaly-chybu","status":"publish","type":"post","link":"https:\/\/www.invarena.cz\/?p=17406","title":{"rendered":"\u00da\u0159ady p\u0159iznaly chybu"},"content":{"rendered":"<p><strong>Po tom, co TV Prima zve\u0159ejnila p\u0159\u00edpad matky, kter\u00e1 podle \u010desk\u00fdch \u00fa\u0159ad\u016f nem\u011bla n\u00e1rok ani na korunu ze soci\u00e1ln\u00edch d\u00e1vek, se daly v\u011bci do pohybu. \u00da\u0159ady p\u0159iznaly, \u017ee p\u016fvodn\u011b ud\u011blaly chybu a s pan\u00ed M\u00e1ri\u00ed za\u010daly jednat.<\/strong> <!--more--><\/p>\n<p><em><strong>Prima FTV &#8211; report\u00e1\u017e<\/strong><\/em><\/p>\n<p>Pan\u00ed M\u00e1ria se svoj\u00ed dcerou bojuje o p\u0159e\u017eit\u00ed. Je\u0161t\u011b p\u0159ed 14 dny byla jej\u00edm jedin\u00fdm p\u0159\u00edjmem nemocensk\u00e1, a to ve v\u00fd\u0161i 4,5 tis\u00edce korun. Proto\u017ee je matka samo\u017eivitelka, rozhodla se po\u017e\u00e1dat o finan\u010dn\u00ed pomoc st\u00e1t.<\/p>\n<p>pan\u00ed M\u00e1ria \/srpen 2014\/, :<br \/>\n\u017d\u00e1dala jsem o rodi\u010dovsk\u00fd p\u0159\u00edsp\u011bvek, o p\u0159\u00edsp\u011bvek na bydlen\u00ed jsem \u017e\u00e1dala, o hmotnou nouzi jsem \u017e\u00e1dala, p\u0159\u00eddavek na d\u00edt\u011b.<\/p>\n<p>redaktorka:<br \/>\nNa \u00fa\u0159adech ale pan\u00ed M\u00e1rii odm\u00edtli s t\u00edm, \u017ee na nic z toho nem\u00e1 n\u00e1rok. Kdy\u017e jsme se o p\u0159\u00edpad za\u010dali zaj\u00edmat, zjistili jsme, \u017ee je situace \u00fapln\u011b jin\u00e1.<\/p>\n<p>Kate\u0159ina JIRKOV\u00c1, \u0159editelka odboru soci\u00e1ln\u00ed a rodinn\u00e9 politiky, <span class=\"highlight\">MPSV<\/span> \/srpen 2014\/:<br \/>\nM\u016f\u017ee si po\u017e\u00e1dat o d\u00e1vku rodi\u010dovsk\u00fd p\u0159\u00edsp\u011bvek, \u017e\u00e1d\u00e1 se tedy na \u00fa\u0159adu pr\u00e1ce, d\u00e1le by si mohla po\u017e\u00e1dat o d\u00e1vky p\u0159\u00eddavek na d\u00edt\u011b, mohla by si po\u017e\u00e1dat o p\u0159\u00edsp\u011bvek na bydlen\u00ed, mohla by po\u017e\u00e1dat o porodn\u00e9.<\/p>\n<p>redaktorka:<br \/>\nPan\u00ed M\u00e1rii jsme proto znovu poslali na \u00fa\u0159ad pr\u00e1ce a najednou se v\u011bci daly do pohybu.<\/p>\n<p>pan\u00ed M\u00e1ria, :<br \/>\nTak mi p\u0159iznali vlastn\u011b doplatek k t\u00fd nemocensk\u00fd ve v\u00fd\u0161i 2 800 nebo tak n\u011bjak. A p\u0159iznali mi tam doplatek na bydlen\u00ed 5 900 n\u011bjak.<\/p>\n<p>redaktorka:<br \/>\nMinim\u00e1ln\u011b na zaplacen\u00ed n\u00e1jmu ve v\u00fd\u0161i 8 000 korun u\u017e tak pan\u00ed M\u00e1ria pen\u00edze m\u00e1. Nem\u00e1 ale z \u010deho \u017eivot a \u0161atit svoji dceru. Rodi\u010dovsk\u00fd p\u0159\u00edsp\u011bvek, p\u0159\u00eddavek na d\u00edt\u011b a porodn\u00e9 j\u00ed toti\u017e \u00fa\u0159ad pr\u00e1ce p\u0159iznat nechce.<\/p>\n<p>pan\u00ed M\u00e1ria, :<br \/>\nPo\u0159\u00e1d mi tvrd\u011bj, \u017ee na n\u011bj n\u00e1rok nem\u00e1m, a\u017e 3 m\u011bs\u00edce mus\u00ed uplynout, jak n\u00e1s t\u00e1ta vlastn\u011b opustil.<\/p>\n<p>redaktorka:<br \/>\nVyznat se v tom, na co m\u00e1te n\u00e1rok a na co, nen\u00ed rozhodn\u011b jednoduch\u00fd \u00fakol. Probl\u00e9m s t\u00edm m\u00e1 i pan\u00ed M\u00e1ria, proto jsme o pomoc po\u017e\u00e1dali ministerstvo pr\u00e1ce a soci\u00e1ln\u00edch v\u011bc\u00ed a \u00fa\u0159ad pr\u00e1ce.<\/p>\n<p>Kate\u0159ina BER\u00c1NKOV\u00c1, mluv\u010d\u00ed \u00da\u0159adu pr\u00e1ce \u010cR:<br \/>\nMatka samo\u017eivitelka, kter\u00e1 sice m\u00e1 uveden\u00e9 jm\u00e9no otce d\u00edt\u011bte v rodn\u00e9m listu, ale ne\u017eije s n\u00edm, tak skute\u010dn\u011b mus\u00ed prok\u00e1zat, \u017ee po dobu t\u0159\u00ed m\u011bs\u00edc\u016f s t\u00edmto \u010dlov\u011bkem ne\u017eije ve spole\u010dn\u00e9 dom\u00e1cnosti.<\/p>\n<p>Petr HAB\u00c1\u0147, mluv\u010d\u00ed <span class=\"highlight\">MPSV<\/span>:<br \/>\nMinisterstvo pr\u00e1ce a soci\u00e1ln\u00edch v\u011bc\u00ed se nem\u016f\u017ee vyjad\u0159ovat k jednotliv\u00fdm p\u0159\u00edpad\u016fm.<\/p>\n<p>redaktorka:<br \/>\nPan\u00ed M\u00e1rii tak nezbude nic jin\u00e9ho, ne\u017e \u010dekat t\u0159i m\u011bs\u00edce a doufat, \u017ee pot\u00e9 sv\u00e9 d\u00e1vky dostane.<\/p>\n","protected":false},"excerpt":{"rendered":"<div class=\"mh-excerpt\"><p>Po tom, co TV Prima zve\u0159ejnila p\u0159\u00edpad matky, kter\u00e1 podle \u010desk\u00fdch \u00fa\u0159ad\u016f nem\u011bla n\u00e1rok ani na korunu ze soci\u00e1ln\u00edch d\u00e1vek, se daly v\u011bci do pohybu. <a class=\"mh-excerpt-more\" href=\"https:\/\/www.invarena.cz\/?p=17406\" title=\"\u00da\u0159ady p\u0159iznaly chybu\">[&#8230;]<\/a><\/p>\n<\/div>","protected":false},"author":1,"featured_media":0,"comment_status":"open","ping_status":"closed","sticky":false,"template":"","format":"standard","meta":{"footnotes":""},"categories":[1],"tags":[],"class_list":["post-17406","post","type-post","status-publish","format-standard","hentry","category-nezarazene"],"_links":{"self":[{"href":"https:\/\/www.invarena.cz\/index.php?rest_route=\/wp\/v2\/posts\/17406","targetHints":{"allow":["GET"]}}],"collection":[{"href":"https:\/\/www.invarena.cz\/index.php?rest_route=\/wp\/v2\/posts"}],"about":[{"href":"https:\/\/www.invarena.cz\/index.php?rest_route=\/wp\/v2\/types\/post"}],"author":[{"embeddable":true,"href":"https:\/\/www.invarena.cz\/index.php?rest_route=\/wp\/v2\/users\/1"}],"replies":[{"embeddable":true,"href":"https:\/\/www.invarena.cz\/index.php?rest_route=%2Fwp%2Fv2%2Fcomments&post=17406"}],"version-history":[{"count":0,"href":"https:\/\/www.invarena.cz\/index.php?rest_route=\/wp\/v2\/posts\/17406\/revisions"}],"wp:attachment":[{"href":"https:\/\/www.invarena.cz\/index.php?rest_route=%2Fwp%2Fv2%2Fmedia&parent=17406"}],"wp:term":[{"taxonomy":"category","embeddable":true,"href":"https:\/\/www.invarena.cz\/index.php?rest_route=%2Fwp%2Fv2%2Fcategories&post=17406"},{"taxonomy":"post_tag","embeddable":true,"href":"https:\/\/www.invarena.cz\/index.php?rest_route=%2Fwp%2Fv2%2Ftags&post=17406"}],"curies":[{"name":"wp","href":"https:\/\/api.w.org\/{rel}","templated":true}]}}