{"id":17407,"date":"2014-09-04T10:30:35","date_gmt":"2014-09-04T08:30:35","guid":{"rendered":"http:\/\/www.invarena.cz\/?p=17407"},"modified":"2014-09-04T14:03:38","modified_gmt":"2014-09-04T12:03:38","slug":"vlada-podporila-snazsi-vymenu-prukazu-pro-handicapovane","status":"publish","type":"post","link":"https:\/\/www.invarena.cz\/?p=17407","title":{"rendered":"Vl\u00e1da podpo\u0159ila snaz\u0161\u00ed v\u00fdm\u011bnu pr\u016fkazu pro handicapovan\u00e9"},"content":{"rendered":"<p><strong>Od ledna p\u0159\u00ed\u0161t\u00edho roku si budou moci dr\u017eitel\u00e9 pr\u016fkazu TP, ZTP a ZTP\/P vym\u011bnit tyto pr\u016fkazy bez zbyte\u010dn\u00fdch administrativn\u00edch pr\u016ftah\u016f a spr\u00e1vn\u00edho \u0159\u00edzen\u00ed, kter\u00e9 by znovu posuzovalo jejich zdravotn\u00ed stav. <\/strong><br \/>\n<!--more--><br \/>\n<strong>N\u011bkolik set tis\u00edc dr\u017eitel\u016f pr\u016fkaz\u016f mimo\u0159\u00e1dn\u00fdch v\u00fdhod a pr\u016fkaz\u016f osoby se zdravotn\u00edm posti\u017een\u00edm nemus\u00ed v nejbli\u017e\u0161\u00ed dob\u011b absolvovat nov\u00e9 posouzen\u00ed zdravotn\u00edho stavu, kter\u00e9 by m\u011bl podle platn\u00e9 legislativy absolvovat ka\u017ed\u00fd \u017eadatel do konce roku 2015.<\/strong><\/p>\n<p>Na jedn\u00e1n\u00ed n\u00e1vrh podpo\u0159il kabinet premi\u00e9ra Bohuslava Sobotky. Ministryn\u011b pr\u00e1ce a soci\u00e1ln\u00edch v\u011bc\u00ed Michaela Marksov\u00e1 p\u0159edlo\u017een\u00edm novely z\u00e1kona vl\u00e1d\u011b splnila slib, kter\u00fd dala v dubnu toho roku z\u00e1stupc\u016fm organizac\u00ed a svaz\u016f zdravotn\u011b posti\u017een\u00fdch a poskytovatel\u016f<br \/>\nsoci\u00e1ln\u00edch slu\u017eeb.<\/p>\n<p>N\u00e1rok na p\u0159\u00edsp\u011bvek na mobilitu bude nav\u00edc nov\u011b v\u00e1z\u00e1n p\u0159\u00edmo na n\u00e1rok na pr\u016fkaz OZP. Schv\u00e1len\u00e1 \u00faprava je pro dobrou zpr\u00e1vou, nebo\u0165 umo\u017en\u00ed d\u0159\u00edv\u011bj\u0161\u00ed p\u0159izn\u00e1n\u00ed p\u0159\u00edsp\u011bvku na mobilitu.<\/p>\n<p>\u201eNovela z\u00e1kona byla p\u0159ipravena na z\u00e1klad\u011b jedn\u00e1n\u00ed s organizacemi osob se zdravotn\u00edm posti\u017een\u00edm jako krok ke zjednodu\u0161en\u00ed a urychlen\u00ed v\u00fdm\u011bny pr\u016fkaz\u016f osob se zdravotn\u00edm posti\u017een\u00edm, kter\u00e1 by jinak byla podle platn\u00e9 pr\u00e1vn\u00ed \u00fapravy mnohem n\u00e1ro\u010dn\u011bj\u0161\u00ed, a to zejm\u00e9na pro dr\u017eitele t\u011bchto pr\u016fkaz\u016f,\u201c vysv\u011btlila ministryn\u011b Marksov\u00e1.<\/p>\n<p>V\u00fdm\u011bna se t\u00fdk\u00e1 pr\u016fkaz\u016f mimo\u0159\u00e1dn\u00fdch v\u00fdhod vydan\u00fdch podle p\u0159edpis\u016f \u00fa\u010dinn\u00fdch p\u0159ed 1. lednem 2012 a pr\u016fkaz\u016f vydan\u00fdch podle p\u0159edpis\u016f \u00fa\u010dinn\u00fdch v letech 2012 a\u017e 2013. Platnost t\u011bchto pr\u016fkaz\u016f kon\u010d\u00ed nejpozd\u011bji dnem 31. prosince 2015. Podle \u010cesk\u00e9 spr\u00e1vy soci\u00e1ln\u00edho zabezpe\u010den\u00ed p\u0159ijet\u00ed navrhovan\u00e9 \u00fapravy znamen\u00e1, \u017ee nebude muset po\u017eadovat nav\u00fd\u0161en\u00ed mzdov\u00fdch n\u00e1klad\u016f a n\u00e1klad\u016f spojen\u00fdch s \u00fahradou zdravotn\u00edch v\u00fdkon\u016f ve v\u00fd\u0161i v\u00edce ne\u017e 75 milion\u016f korun. O tuto sumu ze st\u00e1tn\u00edho rozpo\u010dtu by musela \u017e\u00e1dat, kdyby k pr\u00e1vn\u00ed \u00faprav\u011b nedo\u0161lo.<\/p>\n<p>\u201eJde o to, aby cel\u00fd syst\u00e9m p\u0159echodu byl plynul\u00fd a p\u0159in\u00e1\u0161el co nejm\u00e9n\u011b nesn\u00e1z\u00ed osob\u00e1m se<br \/>\nzdravotn\u00edm posti\u017een\u00edm,\u201c zd\u016fraznila n\u00e1m\u011bstkyn\u011b ministryn\u011b pro soci\u00e1ln\u00ed a rodinnou<br \/>\npolitiku Zuzana Jentschke St\u0151cklov\u00e1.<\/p>\n<p>Petr Hab\u00e1\u0148<br \/>\nTiskov\u00e1 zpr\u00e1va MPSV<\/p>\n","protected":false},"excerpt":{"rendered":"<div class=\"mh-excerpt\"><p>Od ledna p\u0159\u00ed\u0161t\u00edho roku si budou moci dr\u017eitel\u00e9 pr\u016fkazu TP, ZTP a ZTP\/P vym\u011bnit tyto pr\u016fkazy bez zbyte\u010dn\u00fdch administrativn\u00edch pr\u016ftah\u016f a spr\u00e1vn\u00edho \u0159\u00edzen\u00ed, kter\u00e9 by <a class=\"mh-excerpt-more\" href=\"https:\/\/www.invarena.cz\/?p=17407\" title=\"Vl\u00e1da podpo\u0159ila snaz\u0161\u00ed v\u00fdm\u011bnu pr\u016fkazu pro handicapovan\u00e9\">[&#8230;]<\/a><\/p>\n<\/div>","protected":false},"author":1,"featured_media":13767,"comment_status":"open","ping_status":"closed","sticky":false,"template":"","format":"standard","meta":{"footnotes":""},"categories":[6,9],"tags":[],"class_list":["post-17407","post","type-post","status-publish","format-standard","has-post-thumbnail","hentry","category-politika","category-zpravy"],"_links":{"self":[{"href":"https:\/\/www.invarena.cz\/index.php?rest_route=\/wp\/v2\/posts\/17407","targetHints":{"allow":["GET"]}}],"collection":[{"href":"https:\/\/www.invarena.cz\/index.php?rest_route=\/wp\/v2\/posts"}],"about":[{"href":"https:\/\/www.invarena.cz\/index.php?rest_route=\/wp\/v2\/types\/post"}],"author":[{"embeddable":true,"href":"https:\/\/www.invarena.cz\/index.php?rest_route=\/wp\/v2\/users\/1"}],"replies":[{"embeddable":true,"href":"https:\/\/www.invarena.cz\/index.php?rest_route=%2Fwp%2Fv2%2Fcomments&post=17407"}],"version-history":[{"count":0,"href":"https:\/\/www.invarena.cz\/index.php?rest_route=\/wp\/v2\/posts\/17407\/revisions"}],"wp:featuredmedia":[{"embeddable":true,"href":"https:\/\/www.invarena.cz\/index.php?rest_route=\/wp\/v2\/media\/13767"}],"wp:attachment":[{"href":"https:\/\/www.invarena.cz\/index.php?rest_route=%2Fwp%2Fv2%2Fmedia&parent=17407"}],"wp:term":[{"taxonomy":"category","embeddable":true,"href":"https:\/\/www.invarena.cz\/index.php?rest_route=%2Fwp%2Fv2%2Fcategories&post=17407"},{"taxonomy":"post_tag","embeddable":true,"href":"https:\/\/www.invarena.cz\/index.php?rest_route=%2Fwp%2Fv2%2Ftags&post=17407"}],"curies":[{"name":"wp","href":"https:\/\/api.w.org\/{rel}","templated":true}]}}