{"id":17418,"date":"2014-09-05T06:14:34","date_gmt":"2014-09-05T04:14:34","guid":{"rendered":"http:\/\/www.invarena.cz\/?p=17418"},"modified":"2014-09-05T06:14:34","modified_gmt":"2014-09-05T04:14:34","slug":"who-chce-snizit-pocet-sebevrazd-rocne-jich-je-na-svete-800-000","status":"publish","type":"post","link":"https:\/\/www.invarena.cz\/?p=17418","title":{"rendered":"WHO chce sn\u00ed\u017eit po\u010det sebevra\u017ed, ro\u010dn\u011b jich je na sv\u011bt\u011b 800.000"},"content":{"rendered":"<p><strong>Sv\u011btov\u00e1 zdravotnick\u00e1 organizace (WHO) vyzvala st\u00e1ty sv\u011bta, aby zv\u00fd\u0161ily \u00fasil\u00ed o sn\u00ed\u017een\u00ed po\u010dtu sebevra\u017ed. Podle prvn\u00ed sv\u011btov\u00e9 zpr\u00e1vy o prevenci tohoto jevu, kterou WHO zve\u0159ejnila, odejde na cel\u00e9m sv\u011bt\u011b dobrovoln\u011b ze \u017eivota ro\u010dn\u011b v\u00edce ne\u017e 800.000 lid\u00ed.<\/strong> <!--more--><\/p>\n<p>Dvacetkr\u00e1t v\u00edce se jich pak o sebevra\u017edu pokus\u00ed. Podle \u0161\u00e9fky WHO Margaret Chanov\u00e9 se ka\u017ed\u00fdch 40 vte\u0159in zabije jeden \u010dlov\u011bk.<\/p>\n<p>&#8222;Sebevra\u017ed\u00e1m se d\u00e1 zabr\u00e1nit,&#8220; zd\u016fraznila Chanov\u00e1. P\u0159esto pr\u00fd zat\u00edm existuje n\u00e1rodn\u00ed strategie k prevenci sebevra\u017ed v pouh\u00fdch 28 st\u00e1tech. V\u0161ech 194 \u010dlensk\u00fdch zem\u00ed WHO p\u0159itom pr\u00fd minul\u00fd rok souhlasilo s ak\u010dn\u00edm pl\u00e1nem, kter\u00fd m\u00e1 za c\u00edl sn\u00ed\u017eit po\u010det sebevra\u017ed o deset procent do roku 2020. Podle Chanov\u00e9 by m\u011bly st\u00e1ty k dosa\u017een\u00ed tohoto c\u00edle vydat mnohem v\u011bt\u0161\u00ed \u00fasil\u00ed. Kritice podrobila \u0161\u00e9fka WHO tak\u00e9 m\u00e9dia, kter\u00e1 \u00fadajn\u011b v honb\u011b za senzac\u00ed p\u0159\u00edli\u0161 podrobn\u011b nebo naopak zjednodu\u0161en\u011b popisuj\u00ed sebevra\u017edy, a zvy\u0161uj\u00ed tak pr\u00fd riziko n\u00e1podoby.<\/p>\n<p>Celosv\u011btov\u011b stoj\u00ed sebevra\u017eda za polovinou n\u00e1siln\u00fdch \u00famrt\u00ed u mu\u017e\u016f a t\u00e9m\u011b\u0159 t\u0159emi \u010dtvrtinami u \u017een. Mu\u017ei v\u0161ak dobrovoln\u011b odch\u00e1zej\u00ed ze \u017eivota a\u017e dvakr\u00e1t \u010dast\u011bji ne\u017e \u017eeny. Nej\u010dast\u011bji si \u017eivot berou lid\u00ed star\u0161\u00ed 70 let. U lid\u00ed mezi 15 a 29 lety je pak sebevra\u017eda druhou nej\u010dast\u011bj\u0161\u00ed p\u0159\u00ed\u010dinou \u00famrt\u00ed. Jako zp\u016fsob odchodu ze \u017eivota vol\u00ed pr\u00fd sebevrazi nej\u010dast\u011bji jed, ob\u011b\u0161en\u00ed a zast\u0159elen\u00ed.<\/p>\n<p>V \u010cesku si podle zpr\u00e1vy vzalo v roce 2012 \u017eivot 1663 lid\u00ed, z toho 269 \u017een a 1394 mu\u017e\u016f. Oproti roku 2000 to znamen\u00e1 pokles o v\u00edce ne\u017e osm procent. Nejv\u00edce sebevrah\u016f bylo p\u0159itom ve v\u011bkov\u00e9 skupin\u011b 50 a\u017e 69 let.<br \/>\nZpr\u00e1va, kter\u00e1 shroma\u017e\u010fuje data za deset let v\u00fdzkumu, byla zve\u0159ejn\u011bna n\u011bkolik dn\u00ed p\u0159ed Sv\u011btov\u00fdm dnem prevence sebevra\u017ed, kter\u00fd ka\u017edoro\u010dn\u011b p\u0159ipad\u00e1 na 10. z\u00e1\u0159\u00ed.<\/p>\n<p>ilustra\u010dn\u00ed foto: Flickr.com<\/p>\n","protected":false},"excerpt":{"rendered":"<div class=\"mh-excerpt\"><p>Sv\u011btov\u00e1 zdravotnick\u00e1 organizace (WHO) vyzvala st\u00e1ty sv\u011bta, aby zv\u00fd\u0161ily \u00fasil\u00ed o sn\u00ed\u017een\u00ed po\u010dtu sebevra\u017ed. Podle prvn\u00ed sv\u011btov\u00e9 zpr\u00e1vy o prevenci tohoto jevu, kterou WHO zve\u0159ejnila, <a class=\"mh-excerpt-more\" href=\"https:\/\/www.invarena.cz\/?p=17418\" title=\"WHO chce sn\u00ed\u017eit po\u010det sebevra\u017ed, ro\u010dn\u011b jich je na sv\u011bt\u011b 800.000\">[&#8230;]<\/a><\/p>\n<\/div>","protected":false},"author":1,"featured_media":13918,"comment_status":"open","ping_status":"closed","sticky":false,"template":"","format":"standard","meta":{"footnotes":""},"categories":[11],"tags":[],"class_list":["post-17418","post","type-post","status-publish","format-standard","has-post-thumbnail","hentry","category-zdravi"],"_links":{"self":[{"href":"https:\/\/www.invarena.cz\/index.php?rest_route=\/wp\/v2\/posts\/17418","targetHints":{"allow":["GET"]}}],"collection":[{"href":"https:\/\/www.invarena.cz\/index.php?rest_route=\/wp\/v2\/posts"}],"about":[{"href":"https:\/\/www.invarena.cz\/index.php?rest_route=\/wp\/v2\/types\/post"}],"author":[{"embeddable":true,"href":"https:\/\/www.invarena.cz\/index.php?rest_route=\/wp\/v2\/users\/1"}],"replies":[{"embeddable":true,"href":"https:\/\/www.invarena.cz\/index.php?rest_route=%2Fwp%2Fv2%2Fcomments&post=17418"}],"version-history":[{"count":0,"href":"https:\/\/www.invarena.cz\/index.php?rest_route=\/wp\/v2\/posts\/17418\/revisions"}],"wp:featuredmedia":[{"embeddable":true,"href":"https:\/\/www.invarena.cz\/index.php?rest_route=\/wp\/v2\/media\/13918"}],"wp:attachment":[{"href":"https:\/\/www.invarena.cz\/index.php?rest_route=%2Fwp%2Fv2%2Fmedia&parent=17418"}],"wp:term":[{"taxonomy":"category","embeddable":true,"href":"https:\/\/www.invarena.cz\/index.php?rest_route=%2Fwp%2Fv2%2Fcategories&post=17418"},{"taxonomy":"post_tag","embeddable":true,"href":"https:\/\/www.invarena.cz\/index.php?rest_route=%2Fwp%2Fv2%2Ftags&post=17418"}],"curies":[{"name":"wp","href":"https:\/\/api.w.org\/{rel}","templated":true}]}}