{"id":17425,"date":"2014-09-05T08:27:21","date_gmt":"2014-09-05T06:27:21","guid":{"rendered":"http:\/\/www.invarena.cz\/?p=17425"},"modified":"2014-09-05T08:27:21","modified_gmt":"2014-09-05T06:27:21","slug":"poslanci-o-zruseni-poplatku-u-lekaru-a-v-lekarnach","status":"publish","type":"post","link":"https:\/\/www.invarena.cz\/?p=17425","title":{"rendered":"Poslanci o zru\u0161en\u00ed poplatk\u016f u l\u00e9ka\u0159\u016f a v l\u00e9k\u00e1rn\u00e1ch"},"content":{"rendered":"<p><strong>Sn\u011bmovn\u00ed zdravotnick\u00fd v\u00fdbor doporu\u010dil poslanc\u016fm schv\u00e1lit zru\u0161en\u00ed t\u0159icetikorunov\u00fdch poplatk\u016f u l\u00e9ka\u0159\u016f a v l\u00e9k\u00e1rn\u00e1ch od p\u0159\u00ed\u0161t\u00edho roku. Z\u016fstanou jen devades\u00e1tikorunov\u00e9 na pohotovostech. Opozi\u010dn\u00ed KS\u010cM se ve v\u00fdboru nepoda\u0159ilo prosadil i jejich konec.<\/strong><!--more--><\/p>\n<p>V\u00fdpadek p\u0159\u00edjm\u016f ambulanc\u00ed a l\u00e9k\u00e1ren bude \u010dinit podle propo\u010dt\u016f z lo\u0148ska asi 3,27 miliardy korun. Ministr zdravotnictv\u00ed Svatopluk N\u011bme\u010dek (\u010cSSD) uvedl, \u017ee l\u00e9ka\u0159i dostanou kompenzace prost\u0159ednictv\u00edm \u00fahradov\u00e9 vyhl\u00e1\u0161ky do v\u00fd\u0161e vybran\u00fdch poplatk\u016f za lo\u0148sk\u00fd rok.<\/p>\n<p>Probl\u00e9mem jsou podle N\u011bme\u010dka n\u00e1hrady l\u00e9k\u00e1rn\u00e1m, proto\u017ee \u010d\u00e1stka zhruba 1,7 miliardy korun, kterou m\u011bly na poplatc\u00edch vybrat, neodpov\u00edd\u00e1 skute\u010dnosti. \u0158ada l\u00e9k\u00e1ren prost\u0159ednictv\u00edm slev platby nevyb\u00edr\u00e1. N\u011bme\u010dek odhaduje, \u017ee celkov\u011b vybraly nejv\u00fd\u0161e dv\u011b p\u011btiny celkov\u00e9 sumy.<\/p>\n<p>V p\u0159\u00edpad\u011b farmaceut\u016f chce ministerstvo zav\u00e9st zvl\u00e1\u0161tn\u00ed v\u00fdkon vyd\u00e1n\u00ed l\u00e9\u010debn\u00e9ho p\u0159\u00edpravku na recept, kter\u00fd by byl hrazen z poji\u0161t\u011bn\u00ed. V\u00fdbor navrhl dopln\u011bn\u00ed z\u00e1kona o ve\u0159ejn\u00e9m zdravotn\u00edm poji\u0161t\u011bn\u00ed, kter\u00fd to umo\u017en\u00ed. Dal\u0161\u00ed navrhovan\u00e1 \u00faprava m\u00e1 zamezit nab\u00edzen\u00ed takov\u00fdch v\u00fdhod pacient\u016fm, kter\u00e9 ho nut\u00ed k tomu, aby si nechal ordinovat l\u00e9ky.<\/p>\n<p>Zru\u0161en\u00ed regula\u010dn\u00edch poplatk\u016f, krom\u011b platby za pohotovost, m\u00e1 koali\u010dn\u00ed vl\u00e1da v programov\u00e9m prohl\u00e1\u0161en\u00ed. Stokorunov\u00e9 platby v nemocnic\u00edch zru\u0161il od leto\u0161n\u00edho ledna \u00dastavn\u00ed soud s t\u00edm, \u017ee pro \u0159adu ob\u010dan\u016f \u010din\u00ed nemocni\u010dn\u00ed p\u00e9\u010di nedostupnou. Proti n\u00e1vratu k platb\u011b 60 korun v nemocnic\u00edch soud nic nenam\u00edtal, koalice se ale rozhodla ji neobnovovat.<\/p>\n<p>P\u0159edloha zachov\u00e1v\u00e1 pacient\u016fm ochrann\u00e9 nyn\u011bj\u0161\u00ed ochrann\u00e9 limity, zapo\u010d\u00edt\u00e1vat se do nich maj\u00ed jen doplatky za l\u00e9ky. Novela naopak ru\u0161\u00ed sankce za nevyb\u00edr\u00e1n\u00ed poplatk\u016f.<\/p>\n<p>Regula\u010dn\u00ed poplatky zavedla v roce 2008 vl\u00e1da Mirka Topol\u00e1nka (ODS). O jejich zru\u0161en\u00ed se dosud ne\u00fasp\u011b\u0161n\u011b pokou\u0161ely \u010cSSD a KS\u010cM.<\/p>\n","protected":false},"excerpt":{"rendered":"<div class=\"mh-excerpt\"><p>Sn\u011bmovn\u00ed zdravotnick\u00fd v\u00fdbor doporu\u010dil poslanc\u016fm schv\u00e1lit zru\u0161en\u00ed t\u0159icetikorunov\u00fdch poplatk\u016f u l\u00e9ka\u0159\u016f a v l\u00e9k\u00e1rn\u00e1ch od p\u0159\u00ed\u0161t\u00edho roku. Z\u016fstanou jen devades\u00e1tikorunov\u00e9 na pohotovostech. Opozi\u010dn\u00ed KS\u010cM se <a class=\"mh-excerpt-more\" href=\"https:\/\/www.invarena.cz\/?p=17425\" title=\"Poslanci o zru\u0161en\u00ed poplatk\u016f u l\u00e9ka\u0159\u016f a v l\u00e9k\u00e1rn\u00e1ch\">[&#8230;]<\/a><\/p>\n<\/div>","protected":false},"author":1,"featured_media":915,"comment_status":"open","ping_status":"closed","sticky":false,"template":"","format":"standard","meta":{"footnotes":""},"categories":[6],"tags":[],"class_list":["post-17425","post","type-post","status-publish","format-standard","has-post-thumbnail","hentry","category-politika"],"_links":{"self":[{"href":"https:\/\/www.invarena.cz\/index.php?rest_route=\/wp\/v2\/posts\/17425","targetHints":{"allow":["GET"]}}],"collection":[{"href":"https:\/\/www.invarena.cz\/index.php?rest_route=\/wp\/v2\/posts"}],"about":[{"href":"https:\/\/www.invarena.cz\/index.php?rest_route=\/wp\/v2\/types\/post"}],"author":[{"embeddable":true,"href":"https:\/\/www.invarena.cz\/index.php?rest_route=\/wp\/v2\/users\/1"}],"replies":[{"embeddable":true,"href":"https:\/\/www.invarena.cz\/index.php?rest_route=%2Fwp%2Fv2%2Fcomments&post=17425"}],"version-history":[{"count":0,"href":"https:\/\/www.invarena.cz\/index.php?rest_route=\/wp\/v2\/posts\/17425\/revisions"}],"wp:featuredmedia":[{"embeddable":true,"href":"https:\/\/www.invarena.cz\/index.php?rest_route=\/wp\/v2\/media\/915"}],"wp:attachment":[{"href":"https:\/\/www.invarena.cz\/index.php?rest_route=%2Fwp%2Fv2%2Fmedia&parent=17425"}],"wp:term":[{"taxonomy":"category","embeddable":true,"href":"https:\/\/www.invarena.cz\/index.php?rest_route=%2Fwp%2Fv2%2Fcategories&post=17425"},{"taxonomy":"post_tag","embeddable":true,"href":"https:\/\/www.invarena.cz\/index.php?rest_route=%2Fwp%2Fv2%2Ftags&post=17425"}],"curies":[{"name":"wp","href":"https:\/\/api.w.org\/{rel}","templated":true}]}}