{"id":17439,"date":"2014-09-19T11:17:29","date_gmt":"2014-09-19T09:17:29","guid":{"rendered":"http:\/\/www.invarena.cz\/?p=17439"},"modified":"2014-09-19T11:17:46","modified_gmt":"2014-09-19T09:17:46","slug":"tyden-komunikace-osob-se-sluchovym-postizenim-zitra-startuje","status":"publish","type":"post","link":"https:\/\/www.invarena.cz\/?p=17439","title":{"rendered":"T\u00fdden komunikace osob se sluchov\u00fdm posti\u017een\u00edm z\u00edtra startuje&#8230;"},"content":{"rendered":"<p><strong>Neziskov\u00e1 organizace ORBI PONTES po\u0159\u00e1d\u00e1 ji\u017e tradi\u010dn\u011b na konci z\u00e1\u0159\u00ed festival T\u00fdden komunikace osob se sluchov\u00fdm posti\u017een\u00edm (TK OSP ), jeho\u017e leto\u0161n\u00ed ji\u017e t\u0159et\u00ed ro\u010dn\u00edk se uskute\u010dn\u00ed 20.\u201328. 9. 2014 na r\u016fzn\u00fdch m\u00edstech \u010cR .<\/strong> <!--more--><br \/>\nP\u0159edstavte si, \u017ee byste najednou p\u0159estali sly\u0161et. Nesly\u0161\u00edte slova sv\u00fdch koleg\u016f, nesly\u0161\u00edte p\u0159ij\u00ed\u017ed\u011bj\u00edc\u00ed tramvaj, nesly\u0161\u00edte zvon\u011bn\u00ed telefonu, nerozum\u00edte l\u00e9ka\u0159i\u2026 Dovedete si p\u0159edstavit, jak moc by se v tu chv\u00edli zm\u011bnil v\u00e1\u0161 \u017eivot?<\/p>\n<p>V \u010cR \u017eije v\u00edce ne\u017e p\u016fl mili\u00f3nu lid\u00ed se sluchov\u00fdm posti\u017een\u00edm. Ne v\u0161ichni se domluv\u00ed znakov\u00fdm jazykem a je velk\u00fd rozd\u00edl, jestli se n\u011bkdo z nich narodil <span class=\"highlight\">nesly\u0161\u00edc\u00ed<\/span>, nedosl\u00fdchav\u00fd, nebo o sluch p\u0159i\u0161el b\u011bhem \u017eivota.<\/p>\n<p>Neziskov\u00e1 organizace ORBI PONTES po\u0159\u00e1d\u00e1 ji\u017e tradi\u010dn\u011b na konci z\u00e1\u0159\u00ed festival T\u00fdden komunikace osob se sluchov\u00fdm posti\u017een\u00edm (TK OSP ), jeho\u017e leto\u0161n\u00ed ji\u017e t\u0159et\u00ed ro\u010dn\u00edk se uskute\u010dn\u00ed 20.\u201328. 9. 2014 na r\u016fzn\u00fdch m\u00edstech \u010cR . Jeho hlavn\u00edm t\u00e9matem budou komunika\u010dn\u00ed prost\u0159edky a jejich vyu\u017eit\u00ed v praxi.<br \/>\nFestivalu se z\u00fa\u010dastn\u00ed \u0159ada partner\u016f, kte\u0159\u00ed prost\u0159ednictv\u00edm kulturn\u00edch a vzd\u011bl\u00e1vac\u00edch akc\u00ed upozorn\u00ed na sv\u011bt ticha, na probl\u00e9my a komunika\u010dn\u00ed bari\u00e9ry osob se sluchov\u00fdm posti\u017een\u00edm a na zp\u016fsoby, jak je p\u0159ekonat. Rozmanit\u00e9 akce se chystaj\u00ed nap\u0159. v P raze, Brn\u011b, Olomouci, Ostrav\u011b, Liberci, Mlad\u00e9 Boleslavi, Hradci Kr\u00e1lov\u00e9, Krom\u011b\u0159\u00ed\u017ei, \u010cesk\u00fdch Bud\u011bjovic\u00edch, Vala\u0161sk\u00e9m Mezi\u0159\u00ed\u010d\u00ed, Uhersk\u00e9m Brod\u011b atd.<\/p>\n<p>P\u0159ipraveny budou p\u0159edn\u00e1\u0161ky, divadeln\u00ed p\u0159edstaven\u00ed, komentovan\u00e9 prohl\u00eddky \u2013 nap\u0159.<\/p>\n<p>Botanick\u00e9 zahrady hl. m. Prahy s vyu\u017eit\u00edm online p\u0159episu, komentovan\u00e9 proch\u00e1zky po Praze s vyu\u017eit\u00edm online p\u0159episu, v\u00fdstavy, koncerty, cvi\u010den\u00ed, sportovn\u00ed turnaje, dny otev\u0159en\u00fdch dve\u0159\u00ed, oslavy Mezin\u00e1rodn\u00edho dne <span class=\"highlight\">nesly\u0161\u00edc\u00edch<\/span> aj. Celorepublikov\u00fd program stejn\u011b jako v\u0161echny d\u016fle\u017eit\u00e9 informace najdou z\u00e1jemci na www.orbipontes.cz a na facebookov\u00e9m profilu T\u00fdden komunikace osob se sluchov\u00fdm posti\u017een\u00edm.<\/p>\n<p>Pro zdravotn\u00edky pak po\u0159\u00e1d\u00e1 ORBI PONTES odbornou konferenci &#8222;Komunika\u010dn\u00ed prost\u0159edky osob se sluchov\u00fdm posti\u017een\u00edm v praxi&#8220;, kter\u00e1 se uskute\u010dn\u00ed ve \u010dtvrtek 25. z\u00e1\u0159\u00ed 2014 v budov\u011b Magistr\u00e1tu hl. m\u011bsta Prahy od 13 hod. \u00da\u010dastn\u00edci se sezn\u00e1m\u00ed s rozd\u00edly mezi <span class=\"highlight\">nesly\u0161\u00edc\u00edmi<\/span>, ohluchl\u00fdmi, nedosl\u00fdchav\u00fdmi, s online simult\u00e1nn\u00edm p\u0159episem i tlumo\u010den\u00edm do znakov\u00e9ho jazyka a s pravidly komunikace s lidmi se sluchov\u00fdm posti\u017een\u00edm.<\/p>\n<p>Pro NLZP je konference za\u0159azena do kreditn\u00edho syst\u00e9mu dle vyhl\u00e1\u0161ky \u010d. 4\/2010 Sb. Podrobn\u00fd program naleznete na www.orbipontes.cz.<br \/>\nFestival T\u00fdden komunikace osob se sluchov\u00fdm posti\u017een\u00edm prob\u00edh\u00e1 v obdob\u00ed, kdy se celosv\u011btov\u011b slav\u00ed Mezin\u00e1rodn\u00ed den <span class=\"highlight\">nesly\u0161\u00edc\u00edch<\/span>. &#8222;C\u00edle na\u0161eho festivalu jsou st\u00e1le stejn\u00e9: sna\u017e\u00edme se \u0161\u00ed\u0159it z\u00e1kladn\u00ed informace o sv\u011bt\u011b osob se sluchov\u00fdm posti\u017een\u00edm mezi \u0161irokou ve\u0159ejnost. Na\u0161\u00ed snahou je tak\u00e9 zviditelnit organizace a instituce, kter\u00e9 lidem se sluchov\u00fdm posti\u017een\u00edm pom\u00e1haj\u00ed ka\u017ed\u00fd den. Proto jsme zvolili formu kulturn\u011b-vzd\u011bl\u00e1vac\u00edho celorepublikov\u00e9ho programu, kter\u00fd spolu s n\u00e1mi p\u0159ipravuj\u00ed pr\u00e1v\u011b samotn\u00e9 organizace a instituce pracuj\u00edc\u00ed s lidmi se sluchov\u00fdm posti\u017een\u00edm,&#8220; \u0159\u00edk\u00e1 \u0159editelka o. s. ORBI PONTES Renata \u0160kopkov\u00e1.<\/p>\n<p>Z\u00e1\u0161titu nad t\u0159et\u00edm ro\u010dn\u00edkem festivalu T\u00fdden komunikace osob se sluchov\u00fdm posti\u017een\u00edm p\u0159evzali sen\u00e1torka Daniela Filipiov\u00e1, hlavn\u00ed m\u011bsto Praha, ministr kultury Mgr. Daniel Herman, ministr zdravotnictv\u00ed MUDr. Svatopluk N\u011bme\u010dek, MBA , <span class=\"highlight\">MPSV<\/span> \u010cR a M\u0160MT \u010cR .<\/p>\n<p>Halo noviny<\/p>\n<p>ilustra\u010dn\u00ed foto: Kateweb \/ Flickr.com<\/p>\n","protected":false},"excerpt":{"rendered":"<div class=\"mh-excerpt\"><p>Neziskov\u00e1 organizace ORBI PONTES po\u0159\u00e1d\u00e1 ji\u017e tradi\u010dn\u011b na konci z\u00e1\u0159\u00ed festival T\u00fdden komunikace osob se sluchov\u00fdm posti\u017een\u00edm (TK OSP ), jeho\u017e leto\u0161n\u00ed ji\u017e t\u0159et\u00ed ro\u010dn\u00edk <a class=\"mh-excerpt-more\" href=\"https:\/\/www.invarena.cz\/?p=17439\" title=\"T\u00fdden komunikace osob se sluchov\u00fdm posti\u017een\u00edm z\u00edtra startuje&#8230;\">[&#8230;]<\/a><\/p>\n<\/div>","protected":false},"author":1,"featured_media":16054,"comment_status":"open","ping_status":"closed","sticky":false,"template":"","format":"standard","meta":{"footnotes":""},"categories":[17],"tags":[],"class_list":["post-17439","post","type-post","status-publish","format-standard","has-post-thumbnail","hentry","category-kultura"],"_links":{"self":[{"href":"https:\/\/www.invarena.cz\/index.php?rest_route=\/wp\/v2\/posts\/17439","targetHints":{"allow":["GET"]}}],"collection":[{"href":"https:\/\/www.invarena.cz\/index.php?rest_route=\/wp\/v2\/posts"}],"about":[{"href":"https:\/\/www.invarena.cz\/index.php?rest_route=\/wp\/v2\/types\/post"}],"author":[{"embeddable":true,"href":"https:\/\/www.invarena.cz\/index.php?rest_route=\/wp\/v2\/users\/1"}],"replies":[{"embeddable":true,"href":"https:\/\/www.invarena.cz\/index.php?rest_route=%2Fwp%2Fv2%2Fcomments&post=17439"}],"version-history":[{"count":0,"href":"https:\/\/www.invarena.cz\/index.php?rest_route=\/wp\/v2\/posts\/17439\/revisions"}],"wp:featuredmedia":[{"embeddable":true,"href":"https:\/\/www.invarena.cz\/index.php?rest_route=\/wp\/v2\/media\/16054"}],"wp:attachment":[{"href":"https:\/\/www.invarena.cz\/index.php?rest_route=%2Fwp%2Fv2%2Fmedia&parent=17439"}],"wp:term":[{"taxonomy":"category","embeddable":true,"href":"https:\/\/www.invarena.cz\/index.php?rest_route=%2Fwp%2Fv2%2Fcategories&post=17439"},{"taxonomy":"post_tag","embeddable":true,"href":"https:\/\/www.invarena.cz\/index.php?rest_route=%2Fwp%2Fv2%2Ftags&post=17439"}],"curies":[{"name":"wp","href":"https:\/\/api.w.org\/{rel}","templated":true}]}}