{"id":17440,"date":"2014-09-06T15:15:15","date_gmt":"2014-09-06T13:15:15","guid":{"rendered":"http:\/\/www.invarena.cz\/?p=17440"},"modified":"2014-09-06T15:15:15","modified_gmt":"2014-09-06T13:15:15","slug":"divoka-hadka-na-tripartite","status":"publish","type":"post","link":"https:\/\/www.invarena.cz\/?p=17440","title":{"rendered":"Divok\u00e1 h\u00e1dka na tripartit\u011b"},"content":{"rendered":"<p><strong>Tripartita ve \u010dtvrtek skon\u010dila krachem. Zam\u011bstnavatel\u00e9 odm\u00edtli r\u016fst minim\u00e1ln\u00ed mzdy o 700 korun. S vl\u00e1dou a odbory se toti\u017e u\u017e v \u010dervnu dohodli na p\u0159id\u00e1n\u00ed o 500 korun. <\/strong><!--more--><br \/>\nNyn\u011bj\u0161\u00ed postup vl\u00e1dy zam\u011bstnavatele roz\u010d\u00edlil. \u00bbJde o jasn\u00e9 poru\u0161en\u00ed<br \/>\ndohody soci\u00e1ln\u00edch partner\u016f,\u00ab uvedl v\u010dera prezident Svazu pr\u016fmyslu a dopravy Jaroslav Han\u00e1k.<\/p>\n<p>Premi\u00e9r Bohuslav Sobotka (\u010cSSD) v\u0161ak vy\u0161\u0161\u00ed zv\u00fd\u0161en\u00ed minim\u00e1ln\u00ed mzdy naopak jako naru\u0161en\u00ed soci\u00e1ln\u00edho dialogu nevid\u00ed. \u00bbDialog vedeme intenzivn\u011b a poctiv\u011bji ne\u017e p\u0159edchoz\u00ed vl\u00e1da. A z 90 procent jsme ve shod\u011b,\u00ab zd\u016fvodnil Sobotka. Podle n\u011bj nav\u00edc minim\u00e1ln\u00ed mzda l\u00e9ta nerostla a zv\u00fd\u0161en\u00ed o 700 korun \u017e\u00e1dn\u00fd velk\u00fd probl\u00e9m nep\u0159edstavuje. Podle zam\u011bstnavatel\u016f by vy\u0161\u0161\u00ed r\u016fst minim\u00e1ln\u00ed mzdy mohl mnoha podnik\u016fm zp\u016fsobit pot\u00ed\u017ee, teprve se pr\u00fd vzpamatov\u00e1vaj\u00ed z krize. Tvrd\u00ed, \u017ee by mohl dokonce strhnout lavinu propou\u0161t\u011bn\u00ed. St\u00ednov\u00fd <span class=\"highlight\">ministr<\/span> <span class=\"highlight\">pr\u00e1ce<\/span> a soci\u00e1ln\u00edch v\u011bc\u00ed KS\u010cM Miroslav Op\u00e1lka argumentaci zam\u011bstnavatel\u016f odm\u00edt\u00e1. \u00bbMus\u00edm uznat, \u017ee vl\u00e1da chybovala, kdy\u017e dohodu o p\u011btisetkorunov\u00e9m nav\u00fd\u0161en\u00ed uzav\u0159ela.<\/p>\n<p>M\u011bla \u0159\u00edci zam\u011bstnavatel\u016fm rovnou, \u017ee je rozumn\u011bj\u0161\u00ed letos zv\u00fd\u0161it o 700 korun a p\u0159\u00ed\u0161t\u00ed rok o dal\u0161\u00edch 700 ne\u017e letos o 500 korun a p\u0159\u00ed\u0161t\u00ed rok o 900. Ve vl\u00e1dn\u00edm prohl\u00e1\u0161en\u00ed je jasn\u011b \u0159e\u010deno,<br \/>\n\u017ee vl\u00e1da chce v\u00fd\u0161i minim\u00e1ln\u00ed mzdy na \u00farovni 40 procent mzdy pr\u016fm\u011brn\u00e9, tak\u017ee jin\u00e9 po\u010dty ani nejsou mo\u017en\u00e9,\u00ab \u0159ekl Hal\u00f3 novin\u00e1m Op\u00e1lka.<\/p>\n<p>Neum\u00ed hospoda\u0159it?<\/p>\n<p>Op\u00e1lka nicm\u00e9n\u011b odm\u00edtl n\u00e1\u0159ky podnikatel\u016f o hroz\u00edc\u00edch pot\u00ed\u017e\u00edch a dokonce propou\u0161t\u011bn\u00ed. \u00bbJde jen o snahu tla\u010dit na co nejvy\u0161\u0161\u00ed zisky.<\/p>\n<p>Mezin\u00e1rodn\u00ed srovn\u00e1n\u00ed jasn\u011b ukazuje, \u017ee \u010desk\u00e1 pracovn\u00ed s\u00edla pat\u0159\u00ed k nejvyko\u0159is\u0165ovan\u011bj\u0161\u00edm na sv\u011bt\u011b.<br \/>\nPokud m\u00edrn\u00e9 zv\u00fd\u0161en\u00ed mezd m\u00e1 \u010desk\u00e9 podnikatele polo\u017eit na lopatky, tak bu\u010f neum\u011bj\u00ed hospoda\u0159it,<br \/>\nnebo l\u017eou,\u00ab dodal nekompromisn\u011b Op\u00e1lka.<\/p>\n<p>P\u0159edseda Odborov\u00e9ho sdru\u017een\u00ed \u010cech, Moravy a Slezska Stanislav Grospi\u010d je rovn\u011b\u017e v t\u00e9to v\u011bci na stran\u011b vl\u00e1dy. \u00bbPodporujeme v\u00fdrazn\u011bj\u0161\u00ed zv\u00fd\u0161en\u00ed minim\u00e1ln\u00ed mzdy. P\u011btisetkorunov\u00e9 zv\u00fd\u0161en\u00ed jsme vn\u00edmali jako nedostate\u010dn\u00e9, vzhledem k tomu, jak dlouho p\u0159edt\u00edm minim\u00e1ln\u00ed mzda nebyla zvy\u0161ov\u00e1na.<\/p>\n<p>Sedm set korun sice tak\u00e9 nen\u00ed ta \u010d\u00e1stka, kterou bychom si p\u0159edstavovali, ale v tomto tripartitn\u00edm<br \/>\nsporu samoz\u0159ejm\u011b stoj\u00edme na stran\u011b vl\u00e1dy. Obavy zam\u011bstnavatel\u016f nesd\u00edl\u00edm, naopak r\u016fst \u017eivotn\u00edch n\u00e1klad\u016f bez adekv\u00e1tn\u00edho r\u016fstu mezd by mohl v\u00e9st ke skute\u010dn\u00e9 soci\u00e1ln\u00ed a ekonomick\u00e9<br \/>\nkatastrof\u011b,\u00ab \u0159ekl Grospi\u010d.<br \/>\nMinim\u00e1ln\u00ed mzda se zvedla naposledy loni v srpnu o 500 korun. \u010cin\u00ed od t\u00e9 doby 8500 korun.<\/p>\n<p>Hal\u00f3 noviny<\/p>\n","protected":false},"excerpt":{"rendered":"<div class=\"mh-excerpt\"><p>Tripartita ve \u010dtvrtek skon\u010dila krachem. Zam\u011bstnavatel\u00e9 odm\u00edtli r\u016fst minim\u00e1ln\u00ed mzdy o 700 korun. S vl\u00e1dou a odbory se toti\u017e u\u017e v \u010dervnu dohodli na p\u0159id\u00e1n\u00ed <a class=\"mh-excerpt-more\" href=\"https:\/\/www.invarena.cz\/?p=17440\" title=\"Divok\u00e1 h\u00e1dka na tripartit\u011b\">[&#8230;]<\/a><\/p>\n<\/div>","protected":false},"author":1,"featured_media":2017,"comment_status":"open","ping_status":"closed","sticky":false,"template":"","format":"standard","meta":{"footnotes":""},"categories":[6],"tags":[],"class_list":["post-17440","post","type-post","status-publish","format-standard","has-post-thumbnail","hentry","category-politika"],"_links":{"self":[{"href":"https:\/\/www.invarena.cz\/index.php?rest_route=\/wp\/v2\/posts\/17440","targetHints":{"allow":["GET"]}}],"collection":[{"href":"https:\/\/www.invarena.cz\/index.php?rest_route=\/wp\/v2\/posts"}],"about":[{"href":"https:\/\/www.invarena.cz\/index.php?rest_route=\/wp\/v2\/types\/post"}],"author":[{"embeddable":true,"href":"https:\/\/www.invarena.cz\/index.php?rest_route=\/wp\/v2\/users\/1"}],"replies":[{"embeddable":true,"href":"https:\/\/www.invarena.cz\/index.php?rest_route=%2Fwp%2Fv2%2Fcomments&post=17440"}],"version-history":[{"count":0,"href":"https:\/\/www.invarena.cz\/index.php?rest_route=\/wp\/v2\/posts\/17440\/revisions"}],"wp:featuredmedia":[{"embeddable":true,"href":"https:\/\/www.invarena.cz\/index.php?rest_route=\/wp\/v2\/media\/2017"}],"wp:attachment":[{"href":"https:\/\/www.invarena.cz\/index.php?rest_route=%2Fwp%2Fv2%2Fmedia&parent=17440"}],"wp:term":[{"taxonomy":"category","embeddable":true,"href":"https:\/\/www.invarena.cz\/index.php?rest_route=%2Fwp%2Fv2%2Fcategories&post=17440"},{"taxonomy":"post_tag","embeddable":true,"href":"https:\/\/www.invarena.cz\/index.php?rest_route=%2Fwp%2Fv2%2Ftags&post=17440"}],"curies":[{"name":"wp","href":"https:\/\/api.w.org\/{rel}","templated":true}]}}