{"id":17442,"date":"2014-09-07T09:32:21","date_gmt":"2014-09-07T07:32:21","guid":{"rendered":"http:\/\/www.invarena.cz\/?p=17442"},"modified":"2014-09-07T09:32:54","modified_gmt":"2014-09-07T07:32:54","slug":"handicapovani-studenti-pomahaji-nemocnemu-muzi","status":"publish","type":"post","link":"https:\/\/www.invarena.cz\/?p=17442","title":{"rendered":"Handicapovan\u00ed studenti pom\u00e1haj\u00ed nemocn\u00e9mu mu\u017ei"},"content":{"rendered":"<p><strong>Osmat\u0159icetilet\u00fd Skopal z Brunt\u00e1lu p\u0159ed rokem onemocn\u011bl chorobou ALS &#8211; amyotrofickou later\u00e1ln\u00ed skler\u00f3zou. B\u011bhem roku p\u0159estal chodit. Jedin\u00e1 mo\u017enost, jak nemoc alespo\u0148 zpomalit, je podle n\u011bj aplikace kmenov\u00fdch bun\u011bk.<\/strong> <!--more--><\/p>\n<p><em><strong>televize Nova &#8211; report\u00e1\u017e<\/strong><\/em><\/p>\n<p>Tu ale zdravotn\u00ed poji\u0161\u0165ovny nehrad\u00ed. Pomoci panu Skopalovi cht\u011bj\u00ed dva handicapovan\u00ed studenti. Ti proto vyrazili na t\u00e9m\u011b\u0159 t\u0159\u00edsetkilometrovou pou\u0165 Moravou.<\/p>\n<p>Lubom\u00edr SKOPAL, nemocn\u00fd:<br \/>\nLoni jsem byl je\u0161t\u011b norm\u00e1ln\u00ed, ale b\u011bhem roku jsem takhle onemocn\u011bl, \u017ee u\u017e ani nemluv\u00edm ani nechod\u00edm.<\/p>\n<p>redaktor:<br \/>\nPanu Skopalovi p\u0159ed rokem zpr\u00e1va od l\u00e9ka\u0159e obr\u00e1tila \u017eivot vzh\u016fru nohama. Zjistil, \u017ee m\u00e1 p\u0159ed sebou maxim\u00e1ln\u011b p\u011bt let \u017eivota. Diagnoza? Amytrofick\u00e1 later\u00e1ln\u00ed skler\u00f3za. \u010cesky \u0159e\u010deno odum\u00edr\u00e1n\u00ed nervov\u00fdch bun\u011bk, p\u0159i n\u00ed\u017e doch\u00e1z\u00ed k rychl\u00e9mu ochrnut\u00ed cel\u00e9ho t\u011bla. Zat\u00edm nen\u00ed zn\u00e1m\u00fd l\u00e9k, kter\u00fd by nemoc vyl\u00e9\u010dil. Jedinou pomoc\u00ed jsou kmenov\u00e9 bu\u0148ky.<\/p>\n<p>Denisa PER\u010eOCHOV\u00c1, p\u0159\u00edtelkyn\u011b Lubom\u00edra Skopala:<br \/>\nNa jedn\u00e9 aplikaci jsme byli no a te\u010f pot\u0159ebujeme, pot\u0159eboval by druhou aplikaci, \u017ee. No vlastn\u011b ty kmenov\u00e9 bu\u0148ky to aspo\u0148 zpomal\u00ed.<\/p>\n<p>redaktor:<br \/>\nJen\u017ee v\u00fdzkum je st\u00e1le je\u0161t\u011b v plenk\u00e1ch a proto l\u00e9\u010dbu t\u00edmto zp\u016fsobem u n\u00e1s \u017e\u00e1dn\u00e1 poji\u0161\u0165ovna nehrad\u00ed. Pan Skopal se svou p\u0159\u00edtelkyn\u00ed dali dohromady pen\u00edze, p\u016fj\u010dili si od rodiny. Jen\u017ee jedna aplikace nesta\u010d\u00ed. Proto s n\u00e1padem, jak podpo\u0159it v\u00fdzkum a tak\u00e9 s konkr\u00e9tn\u00ed pomoc\u00ed p\u0159i\u0161li studenti David a Mirek.<\/p>\n<p>David SZOTKOWSKI, autor projektu:<br \/>\nVyb\u00edr\u00e1me pen\u00edze a chceme vlastn\u011b podpo\u0159it finan\u010dn\u011b vlastn\u011b tuto aplikaci t\u011bch kmenov\u00fdch bun\u011bk. Stoj\u00ed 150 tis\u00edc, tak\u017ee ono to nen\u00ed finan\u010dn\u011b jako nen\u00e1ro\u010dn\u00e1 v\u011bc, kterou si m\u016f\u017eete jednotlivec nebo rodina dovolit, no.<\/p>\n<p>redaktor:<br \/>\nNapl\u00e1novali cestu nap\u0159\u00ed\u010d Moravou a zastavuj\u00ed ve m\u011bstech i na vesnic\u00edch a seznamuj\u00ed lidi se sv\u00fdm projektem. Za\u010dali v B\u00edl\u00e9 Vod\u011b na Jesenicku a putuj\u00ed po sv\u00fdch a\u017e do Lan\u017ehotu, co\u017e je zhruba 270 kilometr\u016f. Mirek jede na voz\u00ed\u010dku, proto\u017ee m\u00e1 roz\u0161t\u011bp p\u00e1te\u0159e, David od dvan\u00e1cti let trp\u00ed svalovou atrofi\u00ed t\u0159et\u00edho stupn\u011b.<\/p>\n<p>Miroslav VE\u010cE\u0158A, spoluautor projektu:<br \/>\nJsem do toho \u0161el hlavn\u011b z toho d\u016fvodu, \u017ee j\u00e1 jako <span class=\"highlight\">voz\u00ed\u010dk\u00e1\u0159<\/span>, tak jsem si s\u00e1m sov\u011b cht\u011bl dok\u00e1zat, i lidem ostatn\u00edm, \u017ee prost\u011b nesed\u00edme jenom doma, \u017ee jsou prost\u011b lid\u00e9, kte\u0159\u00ed n\u011bco dok\u00e1\u017e\u00ed.<\/p>\n<p>ilustra\u010dn\u00ed foto: Flickr.com<\/p>\n","protected":false},"excerpt":{"rendered":"<div class=\"mh-excerpt\"><p>Osmat\u0159icetilet\u00fd Skopal z Brunt\u00e1lu p\u0159ed rokem onemocn\u011bl chorobou ALS &#8211; amyotrofickou later\u00e1ln\u00ed skler\u00f3zou. B\u011bhem roku p\u0159estal chodit. Jedin\u00e1 mo\u017enost, jak nemoc alespo\u0148 zpomalit, je podle <a class=\"mh-excerpt-more\" href=\"https:\/\/www.invarena.cz\/?p=17442\" title=\"Handicapovan\u00ed studenti pom\u00e1haj\u00ed nemocn\u00e9mu mu\u017ei\">[&#8230;]<\/a><\/p>\n<\/div>","protected":false},"author":1,"featured_media":1804,"comment_status":"open","ping_status":"closed","sticky":false,"template":"","format":"standard","meta":{"footnotes":""},"categories":[7],"tags":[],"class_list":["post-17442","post","type-post","status-publish","format-standard","has-post-thumbnail","hentry","category-spolecnost"],"_links":{"self":[{"href":"https:\/\/www.invarena.cz\/index.php?rest_route=\/wp\/v2\/posts\/17442","targetHints":{"allow":["GET"]}}],"collection":[{"href":"https:\/\/www.invarena.cz\/index.php?rest_route=\/wp\/v2\/posts"}],"about":[{"href":"https:\/\/www.invarena.cz\/index.php?rest_route=\/wp\/v2\/types\/post"}],"author":[{"embeddable":true,"href":"https:\/\/www.invarena.cz\/index.php?rest_route=\/wp\/v2\/users\/1"}],"replies":[{"embeddable":true,"href":"https:\/\/www.invarena.cz\/index.php?rest_route=%2Fwp%2Fv2%2Fcomments&post=17442"}],"version-history":[{"count":0,"href":"https:\/\/www.invarena.cz\/index.php?rest_route=\/wp\/v2\/posts\/17442\/revisions"}],"wp:featuredmedia":[{"embeddable":true,"href":"https:\/\/www.invarena.cz\/index.php?rest_route=\/wp\/v2\/media\/1804"}],"wp:attachment":[{"href":"https:\/\/www.invarena.cz\/index.php?rest_route=%2Fwp%2Fv2%2Fmedia&parent=17442"}],"wp:term":[{"taxonomy":"category","embeddable":true,"href":"https:\/\/www.invarena.cz\/index.php?rest_route=%2Fwp%2Fv2%2Fcategories&post=17442"},{"taxonomy":"post_tag","embeddable":true,"href":"https:\/\/www.invarena.cz\/index.php?rest_route=%2Fwp%2Fv2%2Ftags&post=17442"}],"curies":[{"name":"wp","href":"https:\/\/api.w.org\/{rel}","templated":true}]}}