{"id":17455,"date":"2014-09-09T01:41:14","date_gmt":"2014-09-08T23:41:14","guid":{"rendered":"http:\/\/www.invarena.cz\/?p=17455"},"modified":"2014-09-10T10:38:37","modified_gmt":"2014-09-10T08:38:37","slug":"na-veletrhu-zdravi-chutnalo","status":"publish","type":"post","link":"https:\/\/www.invarena.cz\/?p=17455","title":{"rendered":"Na Veletrhu zdrav\u00ed chutnalo"},"content":{"rendered":"<p><strong>Jak funguje syst\u00e9m soci\u00e1ln\u00edch slu\u017eeb v Brunt\u00e1le se mohli na vlastn\u00ed o\u010di lid\u00e9 p\u0159esv\u011bd\u010dit v sobotu 6. z\u00e1\u0159\u00ed ve Spole\u010densk\u00e9m dom\u011b v Brunt\u00e1le. \u00a0Osv\u011bd\u010dily se p\u016fvodn\u00ed n\u00e1pady, objevila se \u0159ada novinek.<\/strong> <!--more--><\/p>\n<p>Jubilejn\u00ed des\u00e1t\u00fd ro\u010dn\u00edk Veletrhu soci\u00e1ln\u00edch slu\u017eeb v Brunt\u00e1le se povedl. Nov\u00e1 koordin\u00e1torka komunitn\u00edho pl\u00e1nov\u00e1n\u00ed a prevence kriminality ve m\u011bst\u011b Vendula Bradov\u00e1 se opravdu vyt\u00e1hla.<\/p>\n<p>&#8222;Je ale jasn\u00e9, \u017ee jen co jeden veletrh skon\u010d\u00ed, u\u017e se prakticky za\u010d\u00edn\u00e1 s n\u00e1sleduj\u00edc\u00edm. Osv\u011bd\u010duj\u00ed se ty p\u016fvodn\u00ed n\u00e1pady a mo\u017enosti, m\u00e1me tu i \u0159adu novinek, snad si ka\u017ed\u00fd p\u0159ijde na sv\u00e9,&#8220; p\u0159iv\u00edtala proud\u00edc\u00ed davy n\u00e1v\u0161t\u011bvn\u00edk\u016f vedouc\u00ed odboru soci\u00e1ln\u00edch v\u011bc\u00ed M\u011bstsk\u00e9ho \u00fa\u0159adu v Brunt\u00e1le Ivana M\u00e1jkov\u00e1.<\/p>\n<p>Se\u0161li se vystavovatel\u00e9 a poskytovatel\u00e9 soci\u00e1ln\u00edch slu\u017eeb, kte\u0159\u00ed v r\u00e1mci veletrhu nab\u00edzeli velmi u\u017eite\u010dn\u00e9 slu\u017eby i aktivity pro m\u00edstn\u00ed pot\u0159ebn\u00e9 obyvatele. Veletrh podpo\u0159il tak\u00e9 zn\u00e1m\u00fd fotograf a pedagog Jind\u0159ich \u0160treit. Vystavoval, i osobn\u011b p\u0159ijel.<\/p>\n<p><strong>Halu\u0161ky byly skv\u011bl\u00e9<\/strong><\/p>\n<p>Na veletrhu chutnaly pokrmy romsk\u00e9 kuchyn\u011b, kter\u00e9 p\u0159ipravila maminka Marie Dudu\u0161ov\u00e1.<\/p>\n<p>&#8222;To, co jste si d\u00e1val, byly halu\u0161ky se sladk\u00fdm zel\u00edm. M\u00e1me i halu\u0161ky se s\u00fdrem,&#8220; nab\u00edzela dcera Marie Dudu\u0161ov\u00e1. Mamince p\u0159i va\u0159en\u00ed pom\u00e1h\u00e1, sama pr\u00fd by si je\u0161t\u011b na vlastn\u00ed ob\u011bd netroufala. I kdy\u017e to je m\u00e1lo uv\u011b\u0159iteln\u00e9, dcera je velmi \u0161ikovn\u00e1 a mil\u00e1. Opod\u00e1l se nechaly fotografovat mal\u00e9 romsk\u00e9 tane\u010dnice z Brunt\u00e1lu.<\/p>\n<p>Soubor zastupovaly Lucka a Jenny Rajsovy. &#8222;My tancujeme po\u0159\u00e1d, vyhr\u00e1ly jsme asi p\u0159ed m\u011bs\u00edcem sout\u011b\u017e talent\u016f. Bav\u00ed n\u00e1s tanec, cht\u011bly bychom tancovat i nad\u00e1le. Ka\u017ed\u00fd den chod\u00edme na zkou\u0161ku,&#8220; p\u0159ek\u0159ikovaly se barevn\u011b od\u011bn\u00e9 tane\u010dnice. Opod\u00e1l se p\u0159edstavovalo ob\u010dansk\u00e9 sdru\u017een\u00ed Dogma z Ostravy. Pot\u0159ebn\u00fdm pom\u00e1h\u00e1 prost\u0159ednictv\u00edm canisterapie, kter\u00e1 spo\u010d\u00edv\u00e1 v sou\u017eit\u00ed \u010dlov\u011bka se psem.<\/p>\n<p>&#8222;Kdy\u017e m\u00e1 n\u011bkdo pejska, chod\u00ed k n\u00e1m \u0159e\u0161it jak\u00fdkoliv probl\u00e9m. Do Brunt\u00e1lu jezd\u00edv\u00e1me u\u017e deset let do t\u0159ech za\u0159\u00edzen\u00ed: Sagapo, Beru\u0161ka a Pol\u00e1rka. U <span class=\"highlight\">hendikepovan\u00fdch<\/span> lid\u00ed m\u00e1 zv\u00ed\u0159ec\u00ed dotek velmi z\u00e1sadn\u00ed vliv, aby se psychicky uvolnili a odreagovali,&#8220; vysv\u011btlila p\u0159edsedkyn\u011b sdru\u017een\u00ed Andrea Mach\u00e1\u010dkov\u00e1 v doprovodu lektora sdru\u017een\u00ed Libora Mach\u00e1\u010dka. D\u00e1le si lid\u00e9 nech\u00e1vali p\u0159i veletrhu zm\u011b\u0159it v\u00e1hu, krevn\u00ed tlak i jin\u00e9 t\u011bln\u00ed hodnoty.<\/p>\n<p>&#8222;Tlak i glyk\u00e9mii m\u00e1m v po\u0159\u00e1dku,&#8220; usm\u00edvala se seniorka Ludmila Muchov\u00e1 z Brunt\u00e1lu.<\/p>\n<p><strong>Hasi\u010di a dal\u0161\u00ed slu\u017eby <\/strong><\/p>\n<p>Hasi\u010dsk\u00fd vy\u0161et\u0159ovatel Anton\u00edn U\u0161ela m\u011bl pro d\u011bti p\u0159ichyst\u00e1ny hry, pro dosp\u011bl\u00e9 informace o po\u017e\u00e1rn\u00edch hl\u00e1si\u010d\u00edch, rady, jak se zachovat v p\u0159\u00edpad\u011b po\u017e\u00e1ru.<\/p>\n<p>Brunt\u00e1lsk\u00fd str\u00e1\u017en\u00edk Josef Hre\u017eo popsal ve\u0159ejnosti rozsah pr\u00e1ce m\u011bstsk\u00e9 policie.<br \/>\nNechyb\u011bl turistick\u00fd odd\u00edl Tul\u00e1ci, Sagapo a Pol\u00e1rka, ochutn\u00e1vka zdrav\u00e9 v\u00fd\u017eivy Marie Kautzov\u00e9, zdravotn\u00ed poji\u0161\u0165ovny, \u010cerven\u00fd k\u0159\u00ed\u017e, pracovn\u00edci Podhorsk\u00e9 nemocnice, Klub senior\u016f. T\u011b\u017eko vyjmenovat v\u0161echny.<\/p>\n<p>Snad jen za v\u0161echny zm\u00ednit <span class=\"highlight\">nevidom\u00e9<\/span>, jejich\u017e pom\u016fcky p\u0159edstavili Jaroslav Pata a Zde\u0148ka Pavlitov\u00e1. Zav\u00edtal k nim i <span class=\"highlight\">nevidom\u00fd<\/span> V\u00e1clav Fi\u0161er, dlouholet\u00fd kamar\u00e1d. V\u00e1clav se ji\u017e stal zcela samostatn\u00fdm \u010dlov\u011bkem, nez\u00e1visl\u00fdm na pomoci druh\u00fdch. Jeho v\u011brn\u00fdm druhem je nejen fena Koryna, ale i partnerka a dv\u011b d\u011bti. &#8222;M\u00e1me tu bro\u017eurky, aby zdrav\u00e1 ve\u0159ejnost v\u011bd\u011bla, jak je mo\u017en\u00e9 <span class=\"highlight\">nevidom\u00fdm<\/span> citliv\u011b pomoct,&#8220; uvedl Jaroslav Pata. Slu\u017eby drogov\u00e9 prevence p\u0159edstavili za Open House ter\u00e9nn\u00ed pracovn\u00edci Ji\u0159\u00ed Vl\u010dek a p\u016fvabn\u00e1 kolegyn\u011b Veronika Reed. Pom\u00e1haj\u00ed narkoman\u016fm, ale i jejich rodin\u00e1m a osob\u00e1m ohro\u017een\u00fdm z\u00e1vislost\u00ed na n\u00e1vykov\u00fdch l\u00e1tk\u00e1ch od patn\u00e1cti let v\u011bku.<\/p>\n<p>&#8222;Injek\u010dn\u00ed materi\u00e1l vym\u011b\u0148ujeme proto, abychom eliminovali mo\u017enost vzniku \u017eloutenek. Jen p\u0159ipomenu, \u017ee l\u00e9\u010dba \u017eloutenky vyjde na p\u016fl milionu za rok, st\u0159\u00edka\u010dky jen na p\u011bt tis\u00edc korun ro\u010dn\u011b,&#8220; sd\u011blil Vl\u010dek.<\/p>\n","protected":false},"excerpt":{"rendered":"<div class=\"mh-excerpt\"><p>Jak funguje syst\u00e9m soci\u00e1ln\u00edch slu\u017eeb v Brunt\u00e1le se mohli na vlastn\u00ed o\u010di lid\u00e9 p\u0159esv\u011bd\u010dit v sobotu 6. z\u00e1\u0159\u00ed ve Spole\u010densk\u00e9m dom\u011b v Brunt\u00e1le. \u00a0Osv\u011bd\u010dily se <a class=\"mh-excerpt-more\" href=\"https:\/\/www.invarena.cz\/?p=17455\" title=\"Na Veletrhu zdrav\u00ed chutnalo\">[&#8230;]<\/a><\/p>\n<\/div>","protected":false},"author":1,"featured_media":15628,"comment_status":"open","ping_status":"closed","sticky":false,"template":"","format":"standard","meta":{"footnotes":""},"categories":[7],"tags":[],"class_list":["post-17455","post","type-post","status-publish","format-standard","has-post-thumbnail","hentry","category-spolecnost"],"_links":{"self":[{"href":"https:\/\/www.invarena.cz\/index.php?rest_route=\/wp\/v2\/posts\/17455","targetHints":{"allow":["GET"]}}],"collection":[{"href":"https:\/\/www.invarena.cz\/index.php?rest_route=\/wp\/v2\/posts"}],"about":[{"href":"https:\/\/www.invarena.cz\/index.php?rest_route=\/wp\/v2\/types\/post"}],"author":[{"embeddable":true,"href":"https:\/\/www.invarena.cz\/index.php?rest_route=\/wp\/v2\/users\/1"}],"replies":[{"embeddable":true,"href":"https:\/\/www.invarena.cz\/index.php?rest_route=%2Fwp%2Fv2%2Fcomments&post=17455"}],"version-history":[{"count":0,"href":"https:\/\/www.invarena.cz\/index.php?rest_route=\/wp\/v2\/posts\/17455\/revisions"}],"wp:featuredmedia":[{"embeddable":true,"href":"https:\/\/www.invarena.cz\/index.php?rest_route=\/wp\/v2\/media\/15628"}],"wp:attachment":[{"href":"https:\/\/www.invarena.cz\/index.php?rest_route=%2Fwp%2Fv2%2Fmedia&parent=17455"}],"wp:term":[{"taxonomy":"category","embeddable":true,"href":"https:\/\/www.invarena.cz\/index.php?rest_route=%2Fwp%2Fv2%2Fcategories&post=17455"},{"taxonomy":"post_tag","embeddable":true,"href":"https:\/\/www.invarena.cz\/index.php?rest_route=%2Fwp%2Fv2%2Ftags&post=17455"}],"curies":[{"name":"wp","href":"https:\/\/api.w.org\/{rel}","templated":true}]}}