{"id":17457,"date":"2014-09-10T09:26:10","date_gmt":"2014-09-10T07:26:10","guid":{"rendered":"http:\/\/www.invarena.cz\/?p=17457"},"modified":"2014-09-10T09:26:58","modified_gmt":"2014-09-10T07:26:58","slug":"co-delat-kdyz-vam-stat-nepomuze","status":"publish","type":"post","link":"https:\/\/www.invarena.cz\/?p=17457","title":{"rendered":"Co d\u011blat, kdy\u017e v\u00e1m st\u00e1t nepom\u016f\u017ee?"},"content":{"rendered":"<p><strong>Dnes t\u0159iat\u0159icetilet\u00e1 Andrea \u017eila jako ka\u017ed\u00e1 jin\u00e1 mlad\u00e1 \u017eena. A\u017e do chv\u00edle, kdy ochrnula. I p\u0159es r\u00e1nu osudu se sna\u017e\u00ed \u017e\u00edt plnohodnotn\u00fd \u017eivot. Jak ale sama \u0159\u00edk\u00e1, st\u00e1t j\u00ed sp\u00ed\u0161 h\u00e1z\u00ed klacky pod nohy. \/ilustra\u010dn\u00ed foto\/<\/strong><!--more--><\/p>\n<p><em><strong>TV Barrandov &#8211; report\u00e1\u017e<\/strong><\/em><br \/>\nP\u0159ed 10 lety byla Andrea jako mnoho mlad\u00fdch t\u0159iadvacetilet\u00fdch holek. Pracovala, bavila se s p\u0159\u00e1teli, chodila do fitka a milovala ly\u017eov\u00e1n\u00ed. To v\u0161ak ze dne na den skon\u010dilo. Ucpala se j\u00ed c\u00e9va v kr\u010dn\u00ed oblasti, kter\u00e1 vy\u017eivuje m\u00edchu a ochrnula. Od t\u00e9 doby je odk\u00e1z\u00e1na na pomoc jin\u00fdch.<\/p>\n<p>Andrea \u010cEPOV\u00c1, ochrnut\u00e1:<br \/>\nM\u00e1m t\u0159eba <span class=\"highlight\">posti\u017een\u00fd<\/span> ruce i nohy, to znamen\u00e1, \u017ee spoustu v\u011bc\u00ed si neud\u011bl\u00e1m.<\/p>\n<p>redaktor:<br \/>\nProto si plat\u00ed osobn\u00ed asistentku, kter\u00e1 j\u00ed pom\u00e1h\u00e1 plnohodnotn\u011b \u017e\u00edt.<\/p>\n<p>\u010cEPOV\u00c1:<br \/>\nTo znamen\u00e1, \u017ee mn\u011b r\u00e1da pom\u016f\u017ee obl\u00edknout, vst\u00e1t, vysprchovat, uklidit byt, vy\u017eehlit v\u011bci, odveze m\u011b do pr\u00e1ce, uva\u0159\u00ed mi, nakoup\u00ed mi.<\/p>\n<p>redaktor:<br \/>\nOd st\u00e1tu dost\u00e1vala p\u0159\u00edsp\u011bvek 12 tis\u00edc korun m\u011bs\u00ed\u010dn\u011b na p\u00e9\u010di, kter\u00fd se v\u0161ak na ja\u0159e kv\u016fli novelizaci z\u00e1kona a kv\u016fli rozhodnut\u00ed \u00fa\u0159ednice o 4 tis\u00edce zmen\u0161il. Pr\u00fd nen\u00ed jej\u00ed <span class=\"highlight\">posti\u017een\u00ed<\/span> a\u017e tak v\u00e1\u017en\u00e9.<\/p>\n<p>\u010cEPOV\u00c1 :<br \/>\nTo znamen\u00e1, \u017ee j\u00e1 to mus\u00edm dopl\u00e1cet ze sv\u00fd vlastn\u00ed v\u00fdplaty. Ta pr\u00e1ce mi slou\u017e\u00ed k tomu, abych se za\u010dlenila n\u011bjak\u00fdm zp\u016fsobem do spole\u010dnosti. M\u016fj \u017eivot zase dostal n\u011bjakej \u0159\u00e1d a smysl.<\/p>\n<p>redaktor:<br \/>\nAndrea pracuje kousek od domova v kr\u00e1mku s v\u00fdtvarn\u00fdmi pot\u0159ebami. Od pond\u011bl\u00ed do p\u00e1tku tam 6 hodin denn\u011b rozes\u00edl\u00e1 e-maily, star\u00e1 se o e-shop, objedn\u00e1vky a podobn\u011b. 4 tis\u00edce, kter\u00fdch se mus\u00ed vzd\u00e1t, tvo\u0159\u00ed podstatnou \u010d\u00e1st jej\u00ed v\u00fdplaty, s \u010d\u00edm\u017e se nehodl\u00e1 sm\u00ed\u0159it.<\/p>\n<p>\u010cEPOV\u00c1 :<br \/>\nJ\u00e1 jsem se proti tomu odvolala s t\u00edm, \u017ee vlastn\u011b to odvol\u00e1n\u00ed u\u017e se \u0159e\u0161\u00ed 3 m\u011bs\u00edce. Co\u017e je prost\u011b hrozn\u011b dlouh\u00e1 doba.<\/p>\n<p>redaktor:<br \/>\nJen tak sed\u011bt a \u010dekat na dal\u0161\u00ed \u00fa\u0159edn\u00ed rozhodnut\u00ed, by bylo k ni\u010demu. Andrea na\u0161t\u011bst\u00ed na\u0161la pomoc u soukrom\u00e9 nadace.<\/p>\n<p>\u010cEPOV\u00c1 :<br \/>\nOni se rozhodli mi na rok d\u00e1t podporu t\u011bch chyb\u011bj\u00edc\u00edch 4 tis\u00edc a vlastn\u011b suplovat, kdy\u017e to \u0159eknu jako o\u0161kliv\u011b, proto\u017ee ani nijak to nejde, \/zakryto zvukov\u00fdm sign\u00e1lem\/ na\u0161eho st\u00e1tu.<\/p>\n<p>redaktor:<br \/>\nPan\u00ed Andrea je z p\u0159\u00edstupu ministerstva pr\u00e1ce a soci\u00e1ln\u00edch v\u011bc\u00ed k lidem s handicapem v \u0161oku. I proto se obr\u00e1tila na m\u00e9dia, aby dala v\u011bd\u011bt, co se u n\u00e1s d\u011bje. \u0158e\u0161en\u00ed vid\u00ed v registraci u r\u016fzn\u00fdch nadac\u00ed a oslovov\u00e1n\u00ed sponzor\u016f pod jejich z\u00e1\u0161titou. V Poslaneck\u00e9 sn\u011bmovn\u011b je nyn\u00ed novela z\u00e1kona, kter\u00e1 by mohla situaci zlep\u0161it.<\/p>\n","protected":false},"excerpt":{"rendered":"<div class=\"mh-excerpt\"><p>Dnes t\u0159iat\u0159icetilet\u00e1 Andrea \u017eila jako ka\u017ed\u00e1 jin\u00e1 mlad\u00e1 \u017eena. A\u017e do chv\u00edle, kdy ochrnula. I p\u0159es r\u00e1nu osudu se sna\u017e\u00ed \u017e\u00edt plnohodnotn\u00fd \u017eivot. Jak ale <a class=\"mh-excerpt-more\" href=\"https:\/\/www.invarena.cz\/?p=17457\" title=\"Co d\u011blat, kdy\u017e v\u00e1m st\u00e1t nepom\u016f\u017ee?\">[&#8230;]<\/a><\/p>\n<\/div>","protected":false},"author":1,"featured_media":904,"comment_status":"open","ping_status":"closed","sticky":false,"template":"","format":"standard","meta":{"footnotes":""},"categories":[7],"tags":[],"class_list":["post-17457","post","type-post","status-publish","format-standard","has-post-thumbnail","hentry","category-spolecnost"],"_links":{"self":[{"href":"https:\/\/www.invarena.cz\/index.php?rest_route=\/wp\/v2\/posts\/17457","targetHints":{"allow":["GET"]}}],"collection":[{"href":"https:\/\/www.invarena.cz\/index.php?rest_route=\/wp\/v2\/posts"}],"about":[{"href":"https:\/\/www.invarena.cz\/index.php?rest_route=\/wp\/v2\/types\/post"}],"author":[{"embeddable":true,"href":"https:\/\/www.invarena.cz\/index.php?rest_route=\/wp\/v2\/users\/1"}],"replies":[{"embeddable":true,"href":"https:\/\/www.invarena.cz\/index.php?rest_route=%2Fwp%2Fv2%2Fcomments&post=17457"}],"version-history":[{"count":0,"href":"https:\/\/www.invarena.cz\/index.php?rest_route=\/wp\/v2\/posts\/17457\/revisions"}],"wp:featuredmedia":[{"embeddable":true,"href":"https:\/\/www.invarena.cz\/index.php?rest_route=\/wp\/v2\/media\/904"}],"wp:attachment":[{"href":"https:\/\/www.invarena.cz\/index.php?rest_route=%2Fwp%2Fv2%2Fmedia&parent=17457"}],"wp:term":[{"taxonomy":"category","embeddable":true,"href":"https:\/\/www.invarena.cz\/index.php?rest_route=%2Fwp%2Fv2%2Fcategories&post=17457"},{"taxonomy":"post_tag","embeddable":true,"href":"https:\/\/www.invarena.cz\/index.php?rest_route=%2Fwp%2Fv2%2Ftags&post=17457"}],"curies":[{"name":"wp","href":"https:\/\/api.w.org\/{rel}","templated":true}]}}