{"id":17458,"date":"2014-09-12T00:32:47","date_gmt":"2014-09-11T22:32:47","guid":{"rendered":"http:\/\/www.invarena.cz\/?p=17458"},"modified":"2014-09-12T00:33:01","modified_gmt":"2014-09-11T22:33:01","slug":"nesvepravny-musi-zaplatit-i-kdyz-uzavrel-neplatnou-smlouvu","status":"publish","type":"post","link":"https:\/\/www.invarena.cz\/?p=17458","title":{"rendered":"Nesv\u00e9pr\u00e1vn\u00fd mus\u00ed zaplatit, i kdy\u017e uzav\u0159el smlouvu"},"content":{"rendered":"<p><strong>Jakubovi u\u017e je sice p\u0159es 20 let, st\u00e1le za n\u011bj ale zodpov\u00eddaj\u00ed rodi\u010de. Je toti\u017e autistick\u00fd a nesv\u00e9pr\u00e1vn\u00fd. P\u0159esto uzav\u0159el smlouvu s telefonn\u00edm oper\u00e1torem.<\/strong><!--more--><\/p>\n<p>&nbsp;<\/p>\n<p><strong>televize Barrandov &#8211; report\u00e1\u017e<\/strong><\/p>\n<p>Jen\u017ee i p\u0159esto ned\u00e1vno uzav\u0159el smlouvu s telefonn\u00edm oper\u00e1torem. A ten chce za sv\u00e9 slu\u017eby samoz\u0159ejm\u011b zaplatit.<\/p>\n<p>\u0158\u00edk\u00e1te si, jak je mo\u017en\u00e9, \u017ee nesv\u00e9pr\u00e1vn\u00fd \u010dlov\u011bk uzav\u0159el smlouvu? Jednodu\u0161e.<\/p>\n<p>Do ob\u010danky se o tom \u017e\u00e1dn\u00e9 z\u00e1znamy nep\u00ed\u0161ou a obchodn\u00edk tak nem\u00e1 \u0161anci nic poznat.<\/p>\n<p>T\u0159iadvacetilet\u00fd Jakub z Prahy trp\u00ed autismem u\u017e od narozen\u00ed. Kv\u016fli v\u00e1\u017en\u00e9 poru\u0161e ment\u00e1ln\u00edho v\u00fdvoje ho soud v 18 letech zbavil sv\u00e9pr\u00e1vnosti. V\u0161e za n\u011bj tak mus\u00ed \u0159e\u0161it a podepisovat jeho otec.<\/p>\n<p>Ji\u0159\u00ed \u0158EZ\u00c1\u010c, otec:<br \/>\nP\u0159i\u0161el n\u00e1m dom\u016f dopis od oper\u00e1tora, \u017ee m\u00e1me zaplatit 8900 a n\u011bjak\u00fd drobn\u00fd za z\u0159\u00edzen\u00ed n\u011bjak\u00fd p\u0159\u00edpojky, kterou si z\u0159\u00eddil m\u016fj syn.<\/p>\n<p>redaktor:<br \/>\nDluh za smlouvu na p\u0159\u00edpojku pevn\u00e9 linky ale otec platit nechce. Tvrd\u00ed, \u017ee se synem nem\u011bl obchodn\u00edk pr\u00e1vo smlouvu uzav\u0159\u00edt.<\/p>\n<p>otec:<br \/>\nJe <span class=\"highlight\">invalidn\u00ed<\/span> a je zbaven sv\u00e9pr\u00e1vnosti, tak\u017ee on si nem\u016f\u017ee nic z\u0159izovat.<\/p>\n<p>redaktor:<br \/>\nP\u0159esto\u017ee je na prvn\u00ed pohled vid\u011bt, \u017ee Jakub zdrav\u00fd nen\u00ed, v ob\u010dance nic takov\u00e9ho uvedeno nem\u00e1. Ani jin\u00ed lid\u00e9 s omezenou sv\u00e9pr\u00e1vnost\u00ed od ledna 2012 nikde podobn\u00fd z\u00e1znam nemaj\u00ed. Obchodn\u00edk tak nemohl v\u011bd\u011bt, \u017ee smlouvu podepisuje nesv\u00e9pr\u00e1vn\u00fd.<\/p>\n<p>Lucie JUNGMANNOV\u00c1, tiskov\u00e9 centrum spole\u010dnosti O2 Czech Republic:<br \/>\nMy p\u0159i uzav\u00edr\u00e1n\u00ed smlouvy bohu\u017eel nem\u00e1me mo\u017enost zjistit, \u017ee z\u00e1kazn\u00edk, se kter\u00fdm smlouvu podepisujeme, je nesv\u00e9pr\u00e1vn\u00fd.<\/p>\n<p>Jan FUL\u00cdN, advok\u00e1t:<br \/>\nByl-li mu\u017e omezen ve sv\u00e9 sv\u00e9pr\u00e1vnosti rozsudkem, pak nen\u00ed mo\u017en\u00e9, aby platn\u011b smlouvu uzav\u0159el. Nicm\u00e9n\u011b to ho nezbavuje povinnosti zaplatit ur\u010dit\u00e9 slu\u017eby, kter\u00e9 opravdu od oper\u00e1tora \u010derpal.<\/p>\n<p>redaktor:<br \/>\nNa otci Jakuba te\u010f bude, aby oper\u00e1torovi dok\u00e1zal, \u017ee smlouva je neplatn\u00e1. \u017de by mu ale \u010derpan\u00e9 slu\u017eby spole\u010dnost odpustila \u00fapln\u011b, je nepravd\u011bpodobn\u00e9.<\/p>\n<p>JUNGMANNOV\u00c1, tiskov\u00e9 centrum O2:<br \/>\nJako vst\u0159\u00edcn\u00fd krok p\u0159\u00edpadn\u011b nab\u00edz\u00edme mo\u017enost odstoupit od smlouvy bez sankc\u00ed.<\/p>\n<p>redaktor:<br \/>\nPodle odborn\u00edk\u016f si autist\u00e9 n\u00e1sledky sv\u00e9ho jedn\u00e1n\u00ed nejsou schopni pln\u011b uv\u011bdomovat.<\/p>\n<p>Kate\u0159ina THOROV\u00c1, klinick\u00e1 psycholo\u017eka:<br \/>\nTi lid\u00e9 maj\u00ed velk\u00e9 obt\u00ed\u017ee v soci\u00e1ln\u00edm kontaktu a v komunikaci a velmi \u010dasto, asi v 50 procentech p\u0159\u00edpad\u016f, se s t\u00edm poj\u00ed i ment\u00e1ln\u00ed retardace.<\/p>\n<p>redaktor:<br \/>\nCelosv\u011btov\u011b trp\u00ed autismem jedno procento lid\u00ed. Jen v \u010cesku se s touto poruchou ro\u010dn\u011b narod\u00ed ka\u017ed\u00e9 st\u00e9 d\u00edt\u011b.<\/p>\n<p>ilustra\u010dn\u00ed foto: jppi MorgueFile<\/p>\n","protected":false},"excerpt":{"rendered":"<div class=\"mh-excerpt\"><p>Jakubovi u\u017e je sice p\u0159es 20 let, st\u00e1le za n\u011bj ale zodpov\u00eddaj\u00ed rodi\u010de. Je toti\u017e autistick\u00fd a nesv\u00e9pr\u00e1vn\u00fd. P\u0159esto uzav\u0159el smlouvu s telefonn\u00edm oper\u00e1torem.<\/p>\n<\/div>","protected":false},"author":1,"featured_media":14160,"comment_status":"open","ping_status":"closed","sticky":false,"template":"","format":"standard","meta":{"footnotes":""},"categories":[7],"tags":[],"class_list":["post-17458","post","type-post","status-publish","format-standard","has-post-thumbnail","hentry","category-spolecnost"],"_links":{"self":[{"href":"https:\/\/www.invarena.cz\/index.php?rest_route=\/wp\/v2\/posts\/17458","targetHints":{"allow":["GET"]}}],"collection":[{"href":"https:\/\/www.invarena.cz\/index.php?rest_route=\/wp\/v2\/posts"}],"about":[{"href":"https:\/\/www.invarena.cz\/index.php?rest_route=\/wp\/v2\/types\/post"}],"author":[{"embeddable":true,"href":"https:\/\/www.invarena.cz\/index.php?rest_route=\/wp\/v2\/users\/1"}],"replies":[{"embeddable":true,"href":"https:\/\/www.invarena.cz\/index.php?rest_route=%2Fwp%2Fv2%2Fcomments&post=17458"}],"version-history":[{"count":0,"href":"https:\/\/www.invarena.cz\/index.php?rest_route=\/wp\/v2\/posts\/17458\/revisions"}],"wp:featuredmedia":[{"embeddable":true,"href":"https:\/\/www.invarena.cz\/index.php?rest_route=\/wp\/v2\/media\/14160"}],"wp:attachment":[{"href":"https:\/\/www.invarena.cz\/index.php?rest_route=%2Fwp%2Fv2%2Fmedia&parent=17458"}],"wp:term":[{"taxonomy":"category","embeddable":true,"href":"https:\/\/www.invarena.cz\/index.php?rest_route=%2Fwp%2Fv2%2Fcategories&post=17458"},{"taxonomy":"post_tag","embeddable":true,"href":"https:\/\/www.invarena.cz\/index.php?rest_route=%2Fwp%2Fv2%2Ftags&post=17458"}],"curies":[{"name":"wp","href":"https:\/\/api.w.org\/{rel}","templated":true}]}}