{"id":17459,"date":"2014-09-09T07:06:20","date_gmt":"2014-09-09T05:06:20","guid":{"rendered":"http:\/\/www.invarena.cz\/?p=17459"},"modified":"2014-09-09T07:06:20","modified_gmt":"2014-09-09T05:06:20","slug":"praha-a-brno-se-potykaji-s-ultrajemnym-prachem-vic-nez-berlin","status":"publish","type":"post","link":"https:\/\/www.invarena.cz\/?p=17459","title":{"rendered":"Praha a Brno se pot\u00fdkaj\u00ed s ultrajemn\u00fdm prachem v\u00edc ne\u017e Berl\u00edn"},"content":{"rendered":"<p><strong>V Praze a Brn\u011b bylo nam\u011b\u0159eno v\u00fdznamn\u011b vy\u0161\u0161\u00ed zne\u010di\u0161t\u011bn\u00ed ultrajemn\u00fdm prachem ne\u017e ve srovnateln\u00fdch lokalit\u00e1ch v Berl\u00edn\u011b a Kodani. Jde o tak velk\u00e9 zne\u010di\u0161t\u011bn\u00ed, \u017ee m\u016f\u017ee v\u00e1\u017en\u011b ohro\u017eovat zdrav\u00ed a pod\u00edlet se na vzniku z\u00e1va\u017en\u00fdch onemocn\u011bn\u00ed.<\/strong> <!--more--><\/p>\n<p>Ukazuj\u00ed to v\u00fdsledky m\u011b\u0159en\u00ed ultrajemn\u00fdch prachov\u00fdch \u010d\u00e1stic, kter\u00e9 na pozv\u00e1n\u00ed d\u00e1nsk\u00e9ho velvyslanectv\u00ed a Centra pro \u017eivotn\u00ed prost\u0159ed\u00ed a zdrav\u00ed (Cp\u017dPZ) provedl v \u010cesku expert D\u00e1nsk\u00e9 ekologick\u00e9 rady Kaare Press-Kristensen. P\u0159edstavil je na tiskov\u00e9 konferenci v Praze.<\/p>\n<p>D\u00e1nsk\u00fd odborn\u00edk doporu\u010dil Praze, kter\u00e1 m\u00e1 jako prvn\u00ed m\u011bsto v \u010cesku m\u00edt n\u00edzkoemisn\u00ed z\u00f3nu, aby ji zavedla dostate\u010dn\u011b velkou. Jde o oblast, do kter\u00e9 nebudou moci vj\u00ed\u017ed\u011bt auta zp\u016fsobuj\u00edc\u00ed v\u011bt\u0161\u00ed zne\u010di\u0161t\u011bn\u00ed. Aby z\u00f3na situaci opravdu zlep\u0161ila, m\u011bla by se podle n\u011bj zajistit efektivn\u00ed kontrola dodr\u017eov\u00e1n\u00ed pravidel a nem\u011bla by se znehodnotit p\u0159\u00edli\u0161 velk\u00fdm po\u010dtem v\u00fdjimek.<\/p>\n<p>&#8222;Dal\u0161\u00edm vhodn\u00fdm a v D\u00e1nsku osv\u011bd\u010den\u00fdm n\u00e1strojem pro \u010dist\u011bj\u0161\u00ed ovzdu\u0161\u00ed je zav\u00e1d\u011bn\u00ed prachov\u00fdch filtr\u016f u vozidel s dieselov\u00fdm motorem, nap\u0159\u00edklad u autobus\u016f nebo n\u00e1kladn\u00edch vozidel,&#8220; uvedl. Velk\u00e9 zne\u010di\u0161t\u011bn\u00ed bylo nam\u011b\u0159eno tak\u00e9 v Bratislav\u011b p\u0159ed centr\u00e1ln\u00edm autobusov\u00fdm n\u00e1dra\u017e\u00edm.<\/p>\n<p>Podle Miroslava \u0160uty z Cp\u017dPZ nepln\u00ed Praha limity ani doporu\u010den\u00e9 hodnoty, kter\u00e9 loni doporu\u010dila zp\u0159\u00edsnit Sv\u011btov\u00e1 zdravotnick\u00e1 organizace (WHO). &#8222;M\u011b\u0159ili jsme velice jemn\u00e9 prachov\u00e9 \u010d\u00e1stice, kter\u00e9 jsou zhruba 500 a\u017e tis\u00edckr\u00e1t men\u0161\u00ed, ne\u017e je pr\u016fm\u011br lidsk\u00e9ho hlasu. Vznikaj\u00ed typicky ve spalovac\u00edch motorech automobil\u016f a jejich v\u00fdznamn\u00fdm zdrojem ve m\u011bstech jsou vozidla s dieselov\u00fdmi motory,&#8220; uvedl \u0160uta.<\/p>\n<p>Prachov\u00e9 \u010d\u00e1stice PM0,1 jsou schopny prostupovat v plicn\u00edch skl\u00edpc\u00edch do krve, kde po\u0161kozuj\u00ed st\u011bny c\u00e9v a mohou v\u00e9st nap\u0159\u00edklad k infarktu a mozkov\u00e9 mrtvici. M\u011b\u0159en\u00ed po\u010dtu ultrajemn\u00fdch prachov\u00fdch \u010d\u00e1stic a stanoven\u00ed limit\u016f pro n\u011b doporu\u010dila nov\u011b zav\u00e9st WHO. Jako jedno z \u0159e\u0161en\u00ed vid\u00ed odborn\u00edci pos\u00edlen\u00ed m\u011bstsk\u00e9 cyklistiky. P\u0159\u00edkladem je Koda\u0148, kter\u00e1 m\u00e1 ambici se do deseti let st\u00e1t &#8222;uhl\u00edkov\u011b neutr\u00e1ln\u00edm m\u011bstem v Evrop\u011b&#8220;.<\/p>\n<p>&nbsp;<\/p>\n<p><b>P\u0159\u00edklady zne\u010di\u0161t\u011bn\u00ed ovzdu\u0161\u00ed ultrajemn\u00fdmi prachov\u00fdmi \u010d\u00e1sticemi<\/b><\/p>\n<p>&nbsp;<\/p>\n<table border=\"0\">\n<tbody>\n<tr>\n<td>Lokalita<\/td>\n<td>po\u010det \u010d\u00e1stic\/cm3<\/td>\n<\/tr>\n<tr>\n<td>Brno &#8211; ulice p\u0159ed mate\u0159skou \u0161kolkou<\/td>\n<td>102 750<\/td>\n<\/tr>\n<tr>\n<td>Brno &#8211; K\u0159i\u017eovatka ulic \u00davoz a \u00dadoln\u00ed (u stanice \u010cHM\u00da)<\/td>\n<td>55 300<\/td>\n<\/tr>\n<tr>\n<td>Praha &#8211; autobusov\u00e1 zast\u00e1vka Horom\u011b\u0159ick\u00e1 (Evropsk\u00e1 ulice)<\/td>\n<td>68 600<\/td>\n<\/tr>\n<tr>\n<td>Praha &#8211; autobusov\u00e9 n\u00e1dra\u017e\u00ed Florenc (odjezdy Student Agency)<\/td>\n<td>110 500<\/td>\n<\/tr>\n<tr>\n<td>Koda\u0148 v centru m\u011bsta<\/td>\n<td>30 400<\/td>\n<\/tr>\n<tr>\n<td>Berl\u00edn &#8211; frekventovan\u00e1 silnice u hlavn\u00edho vlakov\u00e9ho n\u00e1dra\u017e\u00ed<\/td>\n<td>27 950<\/td>\n<\/tr>\n<tr>\n<td>Mil\u00e1n &#8211; silni\u010dn\u00ed okruh v centru Viale Bianca Maria<\/td>\n<td>35 151<\/td>\n<\/tr>\n<\/tbody>\n<\/table>\n<p>Zdroj: D\u00e1nsk\u00e9 velvyslanectv\u00ed v \u010cR<\/p>\n","protected":false},"excerpt":{"rendered":"<div class=\"mh-excerpt\"><p>V Praze a Brn\u011b bylo nam\u011b\u0159eno v\u00fdznamn\u011b vy\u0161\u0161\u00ed zne\u010di\u0161t\u011bn\u00ed ultrajemn\u00fdm prachem ne\u017e ve srovnateln\u00fdch lokalit\u00e1ch v Berl\u00edn\u011b a Kodani. Jde o tak velk\u00e9 zne\u010di\u0161t\u011bn\u00ed, \u017ee <a class=\"mh-excerpt-more\" href=\"https:\/\/www.invarena.cz\/?p=17459\" title=\"Praha a Brno se pot\u00fdkaj\u00ed s ultrajemn\u00fdm prachem v\u00edc ne\u017e Berl\u00edn\">[&#8230;]<\/a><\/p>\n<\/div>","protected":false},"author":1,"featured_media":0,"comment_status":"open","ping_status":"closed","sticky":false,"template":"","format":"standard","meta":{"footnotes":""},"categories":[9],"tags":[],"class_list":["post-17459","post","type-post","status-publish","format-standard","hentry","category-zpravy"],"_links":{"self":[{"href":"https:\/\/www.invarena.cz\/index.php?rest_route=\/wp\/v2\/posts\/17459","targetHints":{"allow":["GET"]}}],"collection":[{"href":"https:\/\/www.invarena.cz\/index.php?rest_route=\/wp\/v2\/posts"}],"about":[{"href":"https:\/\/www.invarena.cz\/index.php?rest_route=\/wp\/v2\/types\/post"}],"author":[{"embeddable":true,"href":"https:\/\/www.invarena.cz\/index.php?rest_route=\/wp\/v2\/users\/1"}],"replies":[{"embeddable":true,"href":"https:\/\/www.invarena.cz\/index.php?rest_route=%2Fwp%2Fv2%2Fcomments&post=17459"}],"version-history":[{"count":0,"href":"https:\/\/www.invarena.cz\/index.php?rest_route=\/wp\/v2\/posts\/17459\/revisions"}],"wp:attachment":[{"href":"https:\/\/www.invarena.cz\/index.php?rest_route=%2Fwp%2Fv2%2Fmedia&parent=17459"}],"wp:term":[{"taxonomy":"category","embeddable":true,"href":"https:\/\/www.invarena.cz\/index.php?rest_route=%2Fwp%2Fv2%2Fcategories&post=17459"},{"taxonomy":"post_tag","embeddable":true,"href":"https:\/\/www.invarena.cz\/index.php?rest_route=%2Fwp%2Fv2%2Ftags&post=17459"}],"curies":[{"name":"wp","href":"https:\/\/api.w.org\/{rel}","templated":true}]}}