{"id":17466,"date":"2014-09-10T08:22:20","date_gmt":"2014-09-10T06:22:20","guid":{"rendered":"http:\/\/www.invarena.cz\/?p=17466"},"modified":"2014-09-10T08:22:20","modified_gmt":"2014-09-10T06:22:20","slug":"liga-proti-rakovine-odstartovala-putovni-vystavu","status":"publish","type":"post","link":"https:\/\/www.invarena.cz\/?p=17466","title":{"rendered":"Liga proti rakovin\u011b odstartovala putovn\u00ed v\u00fdstavu"},"content":{"rendered":"<p><strong>Ka\u017ed\u00fd sv\u00e9ho zdrav\u00ed str\u016fjcem, p\u0159ipom\u00edn\u00e1 na stejnojmenn\u00e9 v\u00fdstav\u011b Liga proti rakovin\u011b ob\u010dan\u016fm. Putovn\u00ed v\u00fdstava, kter\u00e1 v \u00fater\u00fd odstartovala na Palack\u00e9ho n\u00e1m\u011bst\u00ed p\u0159ed s\u00eddlem ministerstva zdravotnictv\u00ed, kde bude i ve st\u0159edu, zav\u00edt\u00e1 v dal\u0161\u00edch dnech do Znojma, Jind\u0159ichova Hradce, \u0158\u00ed\u010dan, Kladna, N\u00e1choda a Krnova, kde 2. \u0159\u00edjna skon\u010d\u00ed.<\/strong> <!--more--><\/p>\n<p>Vstup na v\u00fdstavu i doprovodn\u00e1 l\u00e9ka\u0159sk\u00e1 vy\u0161et\u0159en\u00ed jsou zdarma, \u0159ekla p\u0159edsedkyn\u011b ligy Michaela Fridrichov\u00e1.<\/p>\n<p>&#8222;U\u017e p\u0159ed sedmi lety jsme se rozhodli \u0161\u00ed\u0159it informace o prevenci rakoviny nejen korektn\u00edm sd\u011blen\u00edm, ale i humornou formou. Proto se ka\u017edoro\u010dn\u011b v podzimn\u00edch m\u011bs\u00edc\u00edch vyd\u00e1v\u00e1me na pou\u0165 po \u010desk\u00fdch a moravsk\u00fdch m\u011bstech, kde akce Ka\u017ed\u00fd sv\u00e9ho zdrav\u00ed str\u016fjcem nab\u00edz\u00ed d\u00e1vku informac\u00ed, kreslen\u00fdch vtip\u016f, vesel\u00fdch fotografi\u00ed, z\u00e1bavn\u00fdch her a z\u00e1rove\u0148 mo\u017enost vy\u0161et\u0159en\u00ed z\u00e1kladn\u00edch zdravotn\u00edch ukazatel\u016f a kontrolu k\u016f\u017ee,&#8220; uvedla.<\/p>\n<p>Kombinace z\u00e1va\u017en\u00fdch sd\u011blen\u00ed doprov\u00e1zen\u00e1 \u00fasm\u011bvn\u00fdmi v\u00fdtvarn\u00fdmi h\u0159\u00ed\u010dkami se podle n\u00ed osv\u011bd\u010dila, o \u010dem\u017e sv\u011bd\u010d\u00ed reakce dosp\u011bl\u00fdch, ale hlavn\u011b \u0161koln\u00edch d\u011bt\u00ed. Pr\u00e1v\u011b d\u011bti jsou pro ty, kdo se pod hlavi\u010dkou Ligy proti rakovin\u011b Praha u\u017e p\u011btadvac\u00e1t\u00fdm rokem sna\u017e\u00ed o osv\u011btu, d\u016fle\u017eit\u00fdmi adres\u00e1ty. &#8222;V\u017edy\u0165 pokud si d\u011bti od ran\u00e9ho v\u011bku p\u0159isvoj\u00ed z\u00e1sady zdrav\u00e9ho \u017eivotn\u00edho stylu, nebudeme je muset o p\u00e1r let pozd\u011bji l\u00e9\u010dit z ku\u0159\u00e1ctv\u00ed a obezity, a co v\u00edc, budou m\u00edt mnohem v\u011bt\u0161\u00ed pravd\u011bpodobnost, \u017ee se nestanou na\u0161imi pacienty v onkologick\u00fdch ordinac\u00edch,&#8220; shrnula onkolo\u017eka.<\/p>\n<p>Doplnila rovn\u011b\u017e informace o v\u00fdnosu leto\u0161n\u00ed kv\u011btnov\u00e9 sb\u00edrky \u010cesk\u00fd den proti rakovin\u011b. Celkov\u011b lid\u00e9 darovali 14,593 milionu korun. Liga je pou\u017eije na dlouhodob\u00e9 programy n\u00e1dorov\u00e9 prevence a podpory kvality \u017eivota onkologick\u00fdch pacient\u016f, na podporu onkologick\u00e9ho v\u00fdzkumu, kvality v\u00fduky a finan\u010dn\u00edch dotac\u00ed na p\u0159\u00edstrojov\u00e9 vybaven\u00ed onkologick\u00fdch pracovi\u0161\u0165.<\/p>\n","protected":false},"excerpt":{"rendered":"<div class=\"mh-excerpt\"><p>Ka\u017ed\u00fd sv\u00e9ho zdrav\u00ed str\u016fjcem, p\u0159ipom\u00edn\u00e1 na stejnojmenn\u00e9 v\u00fdstav\u011b Liga proti rakovin\u011b ob\u010dan\u016fm. Putovn\u00ed v\u00fdstava, kter\u00e1 v \u00fater\u00fd odstartovala na Palack\u00e9ho n\u00e1m\u011bst\u00ed p\u0159ed s\u00eddlem ministerstva zdravotnictv\u00ed, <a class=\"mh-excerpt-more\" href=\"https:\/\/www.invarena.cz\/?p=17466\" title=\"Liga proti rakovin\u011b odstartovala putovn\u00ed v\u00fdstavu\">[&#8230;]<\/a><\/p>\n<\/div>","protected":false},"author":1,"featured_media":10187,"comment_status":"open","ping_status":"closed","sticky":false,"template":"","format":"standard","meta":{"footnotes":""},"categories":[9],"tags":[],"class_list":["post-17466","post","type-post","status-publish","format-standard","has-post-thumbnail","hentry","category-zpravy"],"_links":{"self":[{"href":"https:\/\/www.invarena.cz\/index.php?rest_route=\/wp\/v2\/posts\/17466","targetHints":{"allow":["GET"]}}],"collection":[{"href":"https:\/\/www.invarena.cz\/index.php?rest_route=\/wp\/v2\/posts"}],"about":[{"href":"https:\/\/www.invarena.cz\/index.php?rest_route=\/wp\/v2\/types\/post"}],"author":[{"embeddable":true,"href":"https:\/\/www.invarena.cz\/index.php?rest_route=\/wp\/v2\/users\/1"}],"replies":[{"embeddable":true,"href":"https:\/\/www.invarena.cz\/index.php?rest_route=%2Fwp%2Fv2%2Fcomments&post=17466"}],"version-history":[{"count":0,"href":"https:\/\/www.invarena.cz\/index.php?rest_route=\/wp\/v2\/posts\/17466\/revisions"}],"wp:featuredmedia":[{"embeddable":true,"href":"https:\/\/www.invarena.cz\/index.php?rest_route=\/wp\/v2\/media\/10187"}],"wp:attachment":[{"href":"https:\/\/www.invarena.cz\/index.php?rest_route=%2Fwp%2Fv2%2Fmedia&parent=17466"}],"wp:term":[{"taxonomy":"category","embeddable":true,"href":"https:\/\/www.invarena.cz\/index.php?rest_route=%2Fwp%2Fv2%2Fcategories&post=17466"},{"taxonomy":"post_tag","embeddable":true,"href":"https:\/\/www.invarena.cz\/index.php?rest_route=%2Fwp%2Fv2%2Ftags&post=17466"}],"curies":[{"name":"wp","href":"https:\/\/api.w.org\/{rel}","templated":true}]}}