{"id":17488,"date":"2014-09-12T00:11:01","date_gmt":"2014-09-11T22:11:01","guid":{"rendered":"http:\/\/www.invarena.cz\/?p=17488"},"modified":"2014-09-12T00:11:01","modified_gmt":"2014-09-11T22:11:01","slug":"chci-se-stat-hlavni-pecovatelkou-sve-matky-mohu-dal-chodit-do-zamestnani","status":"publish","type":"post","link":"https:\/\/www.invarena.cz\/?p=17488","title":{"rendered":"Chci se st\u00e1t hlavn\u00ed pe\u010dovatelkou sv\u00e9 matky. Mohu d\u00e1l chodit do zam\u011bstn\u00e1n\u00ed?"},"content":{"rendered":"<p><strong>Dotaz: M\u00e1 matka u\u017e se nen\u00ed schopna sama o sebe postarat. Zva\u017euji mo\u017enost, \u017ee bych se stala jej\u00ed hlavn\u00ed pe\u010duj\u00edc\u00ed osobou. Pob\u00edrala bych p\u0159\u00edsp\u011bvek na p\u00e9\u010di, d\u00edky n\u011bmu\u017e bych se mohla o svou matku starat. Je n\u011bjak omezen m\u016fj mo\u017en\u00fd v\u00fdd\u011blek? Budu moci d\u00e1l chodit do zam\u011bstn\u00e1n\u00ed, kter\u00e9 m\u00e1m pom\u011brn\u011b dob\u0159e placen\u00e9?<\/strong><br \/>\n<!--more--><br \/>\n<strong>Odpov\u011b\u010f:<\/strong><br \/>\nZ\u00e1kon nestanovuje v\u00fd\u0161i p\u0159\u00edjmu, kterou si hlavn\u00ed pe\u010duj\u00edc\u00ed osoba m\u016f\u017ee vyd\u011bl\u00e1vat, av\u0161ak plat\u00ed to, \u017ee mus\u00edte b\u00fdt schopna p\u00e9\u010de o svou matku. Pokud tedy Va\u0161e matka pot\u0159ebuje, aby o ni n\u011bkdo pe\u010doval po cel\u00fd nebo alespo\u0148 v\u011bt\u0161inu dne, jen st\u011b\u017e\u00ed si budete moci dovolit d\u00e1le chodit do zam\u011bstn\u00e1n\u00ed.<\/p>\n<p>Pokud v\u0161ak m\u00e1te dob\u0159e placenou pozici, je dobr\u00e9 zv\u00e1\u017eit, zda se V\u00e1m vyplat\u00ed ze zam\u011bstn\u00e1n\u00ed odej\u00edt a st\u00e1t se pe\u010duj\u00edc\u00ed osobou sv\u00e9 matky, maxim\u00e1ln\u00ed v\u00fd\u0161e p\u0159\u00edsp\u011bvku na p\u00e9\u010di je toti\u017e pouze 12000 korun.<\/p>\n<p>\u0158e\u0161en\u00edm Va\u0161\u00ed situace by mohlo b\u00fdt to, \u017ee nebudete uvedena jako jedin\u00e1 pe\u010duj\u00edc\u00ed osoba, ale \u017ee pe\u010dovat bude v\u00edce \u010dlen\u016f rodiny, v tu chv\u00edli Vy budete m\u00edt \u010dasov\u00fd prostor na sv\u00e9 zam\u011bstn\u00e1n\u00ed a p\u00e9\u010de o matku v rozsahu, kter\u00fd jej\u00ed zdravotn\u00ed stav vy\u017eaduje bude zaji\u0161t\u011bna.<\/p>\n<p>Jednou z dal\u0161\u00edch mo\u017enost\u00ed je vyu\u017e\u00edt p\u0159\u00edsp\u011bvek na p\u00e9\u010di na zaplacen\u00ed pe\u010dovatelsk\u00e9 slu\u017eby, kterou poskytuje n\u011bkter\u00e1 z organizac\u00ed zapsan\u00fdch v registru poskytovatel\u016f soci\u00e1ln\u00edch slu\u017eeb.<\/p>\n<p>Pokud byste ale z\u00edskala zam\u011bstn\u00e1n\u00ed nebo provozovala samostatn\u011b v\u00fdd\u011ble\u010dnou \u010dinnost v\u00fdhradn\u011b z domova, nejsou Va\u0161e v\u00fdd\u011blky n\u011bjak omezen\u00e9 a pravdou je, \u017ee v dne\u0161n\u00ed internetov\u00e9 dob\u011b je tento zp\u016fsob v\u00fdd\u011blku \u010d\u00edm d\u00e1l t\u00edm v\u00edce b\u011b\u017en\u00fd.<\/p>\n<p>Ji\u0159\u00ed Marek<br \/>\ninvArena<\/p>\n<p>ilustra\u010dn\u00ed foto: PhotoRack<\/p>\n","protected":false},"excerpt":{"rendered":"<div class=\"mh-excerpt\"><p>Dotaz: M\u00e1 matka u\u017e se nen\u00ed schopna sama o sebe postarat. Zva\u017euji mo\u017enost, \u017ee bych se stala jej\u00ed hlavn\u00ed pe\u010duj\u00edc\u00ed osobou. Pob\u00edrala bych p\u0159\u00edsp\u011bvek na <a class=\"mh-excerpt-more\" href=\"https:\/\/www.invarena.cz\/?p=17488\" title=\"Chci se st\u00e1t hlavn\u00ed pe\u010dovatelkou sv\u00e9 matky. Mohu d\u00e1l chodit do zam\u011bstn\u00e1n\u00ed?\">[&#8230;]<\/a><\/p>\n<\/div>","protected":false},"author":3,"featured_media":14573,"comment_status":"open","ping_status":"closed","sticky":false,"template":"","format":"standard","meta":{"footnotes":""},"categories":[18],"tags":[],"class_list":["post-17488","post","type-post","status-publish","format-standard","has-post-thumbnail","hentry","category-poradna"],"_links":{"self":[{"href":"https:\/\/www.invarena.cz\/index.php?rest_route=\/wp\/v2\/posts\/17488","targetHints":{"allow":["GET"]}}],"collection":[{"href":"https:\/\/www.invarena.cz\/index.php?rest_route=\/wp\/v2\/posts"}],"about":[{"href":"https:\/\/www.invarena.cz\/index.php?rest_route=\/wp\/v2\/types\/post"}],"author":[{"embeddable":true,"href":"https:\/\/www.invarena.cz\/index.php?rest_route=\/wp\/v2\/users\/3"}],"replies":[{"embeddable":true,"href":"https:\/\/www.invarena.cz\/index.php?rest_route=%2Fwp%2Fv2%2Fcomments&post=17488"}],"version-history":[{"count":0,"href":"https:\/\/www.invarena.cz\/index.php?rest_route=\/wp\/v2\/posts\/17488\/revisions"}],"wp:featuredmedia":[{"embeddable":true,"href":"https:\/\/www.invarena.cz\/index.php?rest_route=\/wp\/v2\/media\/14573"}],"wp:attachment":[{"href":"https:\/\/www.invarena.cz\/index.php?rest_route=%2Fwp%2Fv2%2Fmedia&parent=17488"}],"wp:term":[{"taxonomy":"category","embeddable":true,"href":"https:\/\/www.invarena.cz\/index.php?rest_route=%2Fwp%2Fv2%2Fcategories&post=17488"},{"taxonomy":"post_tag","embeddable":true,"href":"https:\/\/www.invarena.cz\/index.php?rest_route=%2Fwp%2Fv2%2Ftags&post=17488"}],"curies":[{"name":"wp","href":"https:\/\/api.w.org\/{rel}","templated":true}]}}