{"id":1749,"date":"2013-03-05T10:23:45","date_gmt":"2013-03-05T09:23:45","guid":{"rendered":"http:\/\/www.invarena.cz\/?p=1749"},"modified":"2014-10-20T20:14:19","modified_gmt":"2014-10-20T18:14:19","slug":"kdo-se-prisal-na-system-na-vyplatu-davek","status":"publish","type":"post","link":"https:\/\/www.invarena.cz\/?p=1749","title":{"rendered":"Kdo se p\u0159is\u00e1l na syst\u00e9m v\u00fdplaty d\u00e1vek"},"content":{"rendered":"<p>Mezi dvan\u00e1cti obvin\u011bn\u00fdmi v korup\u010dn\u00ed kauze IT zak\u00e1zek na ministerstvu pr\u00e1ce jsou i jednatel\u00e9 nadn\u00e1rodn\u00ed firmy Fujitsu Technology \u010di otec zn\u00e1m\u00e9 politi\u010dky Krist\u00fdny Ko\u010d\u00ed.\u00a0 MF DNES ve sv\u00e9m dne\u0161n\u00edm vyd\u00e1n\u00ed zve\u0159ejnila seznam v\u0161ech obvin\u011bn\u00fdch.<br \/>\n<!--more--><br \/>\nNa ministerstvu pr\u00e1ce se pod \u0159\u00edzen\u00edm b\u00fdval\u00e9ho ministra, m\u00edstop\u0159edsedy TOP 09 Jarom\u00edra Dr\u00e1bka rozbujelo podle policie korup\u010dn\u00ed jedn\u00e1n\u00ed v takov\u00e9 m\u00ed\u0159e, \u017ee za\u010dala st\u00edhat dvan\u00e1ct lid\u00ed.<br \/>\nPodle dokument\u016f, kter\u00e9 m\u00e1 MF DNES k dispozici, zah\u00e1jila trestn\u00ed st\u00edh\u00e1n\u00ed 19. \u00fanora v\u016f\u010di lidem, kte\u0159\u00ed se pod\u00edleli na nov\u00fdch IT syst\u00e9mech na v\u00fdplatu d\u00e1vek pro \u00fa\u0159ady pr\u00e1ce.<\/p>\n<p>Jsou to lid\u00e9 zodpov\u011bdn\u00ed za to, \u017ee po cel\u00fd lo\u0148sk\u00fd rok m\u011bly \u00fa\u0159ady probl\u00e9my s v\u00fdplatami d\u00e1vek, a jak prav\u00ed leto\u0161n\u00ed tajn\u00e1 zpr\u00e1va \u00fa\u0159ad\u016f pr\u00e1ce, nejsou schopni zaru\u010dit spolehlivou v\u00fdplatu pen\u011bz posti\u017een\u00fdm, rodin\u00e1m s d\u011btmi a nezam\u011bstnan\u00fdm ani dnes.<\/p>\n<p>Protikorup\u010dn\u00ed policie rozkryla, jak syst\u00e9m vznikl. A potvrdila tak prakticky v\u0161e, co m\u00e9dia v \u010dele s MF DNES rok odhalovala a popisovala.<\/p>\n<p><strong>Co se stalo?<\/strong><\/p>\n<p>N\u00e1m\u011bstek ministra pr\u00e1ce a soci\u00e1ln\u00edch v\u011bc\u00ed Vladim\u00edr \u0160i\u0161ka spolu se dv\u011bma nejvy\u0161\u0161\u00edmi jednateli Fujitsu Technology a \u010dleny managementu firem V\u00edtkovice IT Solutions, Digi Trade, Skill a Techniserv podle policist\u016f uzav\u0159eli dohodu, \u017ee obejdou povinnost vyhl\u00e1sit sout\u011b\u017e a rozd\u011bl\u00ed si trh s v\u00fdplatou d\u00e1vek. \u010cty\u0159i firmy m\u011bly vyvinout na vlastn\u00ed n\u00e1klady nov\u00e9 syst\u00e9my, p\u0159es n\u011b\u017e by se pak d\u00e1vky vypl\u00e1cely.<\/p>\n<p>&#8222;P\u0159edem bylo dohodnuto, \u017ee n\u00e1sledn\u011b tyto aplikace poskytnou MPSV k u\u017e\u00edv\u00e1n\u00ed za symbolickou cenu a MPSV bude za provoz platit Fujitsu, kter\u00e1 \u010d\u00e1st takto z\u00edskan\u00fdch pen\u011bz roze\u0161le spole\u010dnostem,&#8220; p\u00ed\u0161e se v usnesen\u00ed o zah\u00e1jen\u00ed trestn\u00edho st\u00edh\u00e1n\u00ed.<br \/>\nPro p\u0159edstavu: ro\u010dn\u011b syst\u00e9my vypl\u00e1cej\u00ed dohromady p\u0159es 40 miliard korun na d\u00e1vk\u00e1ch.<\/p>\n<p>Prvn\u00ed n\u00e1m\u011bstek Vladim\u00edr \u0160i\u0161ka pot\u00e9 uzav\u0159el na ji\u017e existuj\u00edc\u00ed r\u00e1mcovou smlouvu ministerstva vnitra s firmou Fujitsu novou prov\u00e1d\u011bc\u00ed smlouvu a k n\u00ed dodatky, kter\u00e9 zajistily, \u017ee dan\u00e9 firmy mohly nov\u00e9 aplikace pro d\u00e1vky vytvo\u0159it a provozovat.<br \/>\nProbl\u00e9m je, \u017ee r\u00e1mcov\u00e1 smlouva zn\u011bla pouze na n\u00e1kup licenc\u00ed od firmy Microsoft. Na nic jin\u00e9ho. &#8222;To, co ministerstvo provedlo, je stejn\u00e9 jako na r\u00e1mcovou smlouvu na n\u00e1kup kalkula\u010dek koupit raketopl\u00e1n a n\u011bkolik dru\u017eic k tomu,&#8220; uvedl exministr vnitra Ivan Langer.<\/p>\n<p>P\u0159esto \u00fa\u0159edn\u00edk ministerstva vnitra v\u0161e posv\u011btil. A byznys se rozjel.<\/p>\n<p>Firmy Digi Trade, V\u00edtkovice IT Solutions, Techniserv a Skill vytvo\u0159ily nov\u00e9 aplikace a k Fujitsu putovaly prvn\u00ed faktury k p\u0159erozd\u011blen\u00ed: na 93,5 milionu korun.<\/p>\n<p>Celkem si podle znaleck\u00e9ho posudku policie mohly firmy p\u0159ij\u00edt na 386,12 milionu korun.<\/p>\n<p>Co\u017e je o 180 milion\u016f v\u00edc, ne\u017e by ministerstvo platilo, kdyby nechalo b\u011b\u017eet v\u0161e p\u0159i star\u00e9m a do d\u00e1vek v\u016fbec nesahalo.<\/p>\n<p>A je to v p\u0159\u00edkr\u00e9m rozporu s t\u00edm, co po celou dobu tvrdil Dr\u00e1bek a jeho n\u00e1m\u011bstek \u0160i\u0161ka. Podle nich toti\u017e ministerstvo m\u011blo d\u00edky v\u00fdm\u011bn\u011b star\u00fdch aplikac\u00ed za nov\u00e9 ro\u010dn\u011b u\u0161et\u0159it 200 milion\u016f.<\/p>\n<p>&#8222;Jen v leto\u0161n\u00edm roce se jedn\u00e1 o \u00fasporu, kter\u00e1 dosahuje t\u00e9m\u011b\u0159 200 milion\u016f korun,&#8220; trval na sv\u00e9m Dr\u00e1bek je\u0161t\u011b \u0161est dn\u00ed po zat\u010den\u00ed sv\u00e9ho prvn\u00edho n\u00e1m\u011bstka \u0160i\u0161ky kv\u016fli obvin\u011bn\u00ed z nab\u00edzen\u00ed \u00faplatku.<\/p>\n<p>Co na zji\u0161t\u011bn\u00ed, \u017ee ministerstvo zbyte\u010dn\u011b plat\u00ed v\u00edc ne\u017e d\u0159\u00edv, \u0159\u00edk\u00e1 ministryn\u011b Ludmila M\u00fcllerov\u00e1?<\/p>\n<p>&#8222;Nech\u00e1m pracovat policii. Jsme pochopiteln\u011b p\u0159ipraveni na tomto p\u0159\u00edpadu spolupracovat a poskytnout ve\u0161ker\u00e9 dokumenty, kter\u00e9 budou vy\u0161et\u0159ovatel\u00e9 \u017e\u00e1dat,&#8220; uvedla.<\/p>\n<p><strong>V\u011bd\u011bly firmy, do \u010deho jdou?<\/strong><\/p>\n<p>Podle policie si firmy byly dob\u0159e v\u011bdomy toho, \u017ee t\u00edm naru\u0161ily hospod\u00e1\u0159skou sout\u011b\u017e. P\u0159esto byl jednatel jedn\u00e9 z nejzn\u00e1m\u011bj\u0161\u00edch nadn\u00e1rodn\u00edch firem v \u010cesku telefon\u00e1tem MF DNES p\u0159ekvapen. &#8222;Co na to \u0159\u00edk\u00e1m, \u017ee pat\u0159\u00edm ke st\u00edhan\u00fdm? \u017de o tom tedy fakt nev\u00edm,&#8220; reagoval Radek Sazama z Fujitsu Technology.<\/p>\n<p>A sd\u00edln\u011bj\u0161\u00ed nejsou ani ostatn\u00ed. &#8222;Nezlobte se, ale nebudu odpov\u00eddat,&#8220; \u0159ekl Radan Picek, jednatel firmy Digi Trade. Nechali si prov\u011b\u0159it pr\u00e1vn\u00edky, zda v\u016fbec je mo\u017en\u00e9 takov\u00e9 smlouvy uzav\u0159\u00edt? &#8222;Prob\u00edh\u00e1 vy\u0161et\u0159ov\u00e1n\u00ed, nebudu odpov\u00eddat. Ale p\u0159istupovali jsme k tomu s ve\u0161kerou odpov\u011bdnost\u00ed,&#8220; dodal Picek.<\/p>\n<p>Mezi st\u00edhan\u00fdmi je i otec poslankyn\u011b Krist\u00fdny Ko\u010d\u00ed, jinak jednatel firmy Skill.<\/p>\n<p>Vztahy mezi veden\u00edm ministerstva a n\u011bkter\u00fdmi firmami jsou v\u016fbec zaj\u00edmav\u00e9. Nap\u0159\u00edklad firma V\u00edtkovice IT Solutions s anonymn\u00edmi vlastn\u00edky pat\u0159\u00ed do skupiny V\u00edtkovice Machinery Group. Jin\u00e1 jej\u00ed spole\u010dnost, V\u00edtkovice, a. s., koupila firmu Cone Advise, kter\u00e1 pat\u0159ila Vladim\u00edru \u0160i\u0161kovi. A t\u00e9 prodali svou spole\u010dnou firmu iDTAX pr\u00e1v\u011b \u0160i\u0161ka s Dr\u00e1bkem.<\/p>\n<p>V\u0161echny nov\u00e9 aplikace na v\u00fdplatu d\u00e1vek jsou nav\u00edc prov\u00e1z\u00e1ny s programem od firmy Digi Trade, kter\u00fd administruje firma Deepview. A pro ni pracoval jeden z obvin\u011bn\u00fdch lid\u00ed z ministerstva.<\/p>\n<p>V\u0161em obvin\u011bn\u00fdm te\u010f hroz\u00ed nepodm\u00edn\u011bn\u00e9 tresty a\u017e do v\u00fd\u0161e dvan\u00e1cti let.<\/p>\n<p>Obvin\u011bn\u00ed v korup\u010dn\u00ed af\u00e9\u0159e MPSV<\/p>\n<p>MINISTERSTVO<br \/>\nPR\u00c1CE A SOCI\u00c1LN\u00cdCH<br \/>\nV\u011aC\u00cd<\/p>\n<p>Jarom\u00edr Dr\u00e1bek ministr (jedin\u00fd bez obvin\u011bn\u00ed)<br \/>\nVladim\u00edr \u0160i\u0161ka 1. n\u00e1m\u011bstek ministra<br \/>\nRen\u00e9 Pit\u00e1k (1. \u0159editel odboru IT)<br \/>\nMilan Hojer (2. \u0159editel odboru IT)<\/p>\n<p>R\u00c1MCOV\u00c1 SMLOUVA S FUJITSU TECHNOLOGY SOLUTIONS S. R. O.<\/p>\n<p>Radek Sazama (jednatel)<\/p>\n<p>Ji\u0159\u00ed \u0158eh\u00e1k (jednatel)<\/p>\n<p>V\u00edtkovice IT Solutions a. s. (d\u00e1vky podpory v nezam\u011bstnanosti)<br \/>\nVladim\u00edr M\u011bkota (m\u00edstop\u0159edseda p\u0159edstavenstva)<br \/>\nPavel Kocour (\u010dlen p\u0159edstavenstva)<br \/>\n13,4 mld. ro\u010dn\u011b<\/p>\n<p>Digi Trade, s.r.o.(d\u00e1vky hmotn\u00e9 nouze)<br \/>\nRadan Picek (jednatel)<br \/>\n3,82 mld. ro\u010dn\u011b<\/p>\n<p>Techniserv IT, s. r. o. (d\u00e1vky soci\u00e1ln\u00ed slu\u017eby)<br \/>\nLud\u011bk Teleck\u00fd\u00a0 (jednatel) 19,6 mld. ro\u010dn\u011b<\/p>\n<p>Skill, s. r. o. (d\u00e1vky zdravotn\u011b posti\u017een\u00fdm)<br \/>\nAnton\u00edn Ko\u010d\u00ed (jednatel) 1,79 mld. ro\u010dn\u011b<\/p>\n<p>MINISTERSTVO<br \/>\nVNITRA<\/p>\n<p>Miroslav Duda\u00a0 (\u0159editel odboru rozvoje projekt\u016f a slu\u017eeb eGovernmentu)<\/p>\n<p>Lenka Petr\u00e1\u0161ov\u00e1<br \/>\nMlad\u00e1 fronta DNES<\/p>\n","protected":false},"excerpt":{"rendered":"<div class=\"mh-excerpt\"><p>Mezi dvan\u00e1cti obvin\u011bn\u00fdmi v korup\u010dn\u00ed kauze IT zak\u00e1zek na ministerstvu pr\u00e1ce jsou i jednatel\u00e9 nadn\u00e1rodn\u00ed firmy Fujitsu Technology \u010di otec zn\u00e1m\u00e9 politi\u010dky Krist\u00fdny Ko\u010d\u00ed.\u00a0 MF <a class=\"mh-excerpt-more\" href=\"https:\/\/www.invarena.cz\/?p=1749\" title=\"Kdo se p\u0159is\u00e1l na syst\u00e9m v\u00fdplaty d\u00e1vek\">[&#8230;]<\/a><\/p>\n<\/div>","protected":false},"author":1,"featured_media":1346,"comment_status":"open","ping_status":"open","sticky":false,"template":"","format":"standard","meta":{"footnotes":""},"categories":[1,6],"tags":[],"class_list":["post-1749","post","type-post","status-publish","format-standard","has-post-thumbnail","hentry","category-nezarazene","category-politika"],"_links":{"self":[{"href":"https:\/\/www.invarena.cz\/index.php?rest_route=\/wp\/v2\/posts\/1749","targetHints":{"allow":["GET"]}}],"collection":[{"href":"https:\/\/www.invarena.cz\/index.php?rest_route=\/wp\/v2\/posts"}],"about":[{"href":"https:\/\/www.invarena.cz\/index.php?rest_route=\/wp\/v2\/types\/post"}],"author":[{"embeddable":true,"href":"https:\/\/www.invarena.cz\/index.php?rest_route=\/wp\/v2\/users\/1"}],"replies":[{"embeddable":true,"href":"https:\/\/www.invarena.cz\/index.php?rest_route=%2Fwp%2Fv2%2Fcomments&post=1749"}],"version-history":[{"count":0,"href":"https:\/\/www.invarena.cz\/index.php?rest_route=\/wp\/v2\/posts\/1749\/revisions"}],"wp:featuredmedia":[{"embeddable":true,"href":"https:\/\/www.invarena.cz\/index.php?rest_route=\/wp\/v2\/media\/1346"}],"wp:attachment":[{"href":"https:\/\/www.invarena.cz\/index.php?rest_route=%2Fwp%2Fv2%2Fmedia&parent=1749"}],"wp:term":[{"taxonomy":"category","embeddable":true,"href":"https:\/\/www.invarena.cz\/index.php?rest_route=%2Fwp%2Fv2%2Fcategories&post=1749"},{"taxonomy":"post_tag","embeddable":true,"href":"https:\/\/www.invarena.cz\/index.php?rest_route=%2Fwp%2Fv2%2Ftags&post=1749"}],"curies":[{"name":"wp","href":"https:\/\/api.w.org\/{rel}","templated":true}]}}