{"id":17507,"date":"2014-09-13T09:26:30","date_gmt":"2014-09-13T07:26:30","guid":{"rendered":"http:\/\/www.invarena.cz\/?p=17507"},"modified":"2014-09-13T09:26:30","modified_gmt":"2014-09-13T07:26:30","slug":"osn-v-jizni-asii-se-polovina-divek-vdava-pred-18-narozeninami","status":"publish","type":"post","link":"https:\/\/www.invarena.cz\/?p=17507","title":{"rendered":"OSN: V ji\u017en\u00ed Asii se polovina d\u00edvek vd\u00e1v\u00e1 p\u0159ed 18. narozeninami"},"content":{"rendered":"<p><strong>V ji\u017en\u00ed Asii se t\u00e9m\u011b\u0159 polovina d\u00edvek vd\u00e1v\u00e1 je\u0161t\u011b p\u0159ed dosa\u017een\u00edm 18 let v\u011bku. D\u016fvodem pro uzav\u0159en\u00ed man\u017eelstv\u00ed je chudoba a spole\u010densk\u00e1 pravidla.<\/strong><!--more--><\/p>\n<p>Uvedl to ve sv\u00e9 zpr\u00e1v\u011b D\u011btsk\u00fd fond OSN (UNICEF), kter\u00fd z\u00e1rove\u0148 upozornil na vysokou d\u011btskou \u00famrtnost a chronickou podv\u00fd\u017eivu v regionu.<\/p>\n<p>S\u0148atky, kdy je nev\u011bsta je\u0161t\u011b d\u00edt\u011btem, jsou v ji\u017en\u00ed Asii b\u011b\u017en\u00e9. P\u0159ed 18. narozeninami se vd\u00e1v\u00e1 46 procent d\u011bv\u010dat, 18 procent vstupuje do man\u017eelstv\u00ed p\u0159ed dosa\u017een\u00edm 15 let v\u011bku. Rodi\u010de dcery vd\u00e1vaj\u00ed takto brzy, proto\u017ee to vn\u00edmaj\u00ed jako spr\u00e1vn\u00e9; boj\u00ed se pr\u00fd mor\u00e1ln\u00edho odsouzen\u00ed, kter\u00e9 by ve spole\u010dnosti n\u00e1sledovalo, pokud by tak neu\u010dinili, uv\u00e1d\u00ed se ve zpr\u00e1v\u011b.<br \/>\nUNICEF mimo jin\u00e9 vyz\u00fdv\u00e1 k podpo\u0159e dostupnosti vzd\u011bl\u00e1v\u00e1n\u00ed pro d\u00edvky a k ekonomick\u00e9 podpo\u0159e, kter\u00e1 by potla\u010dila finan\u010dn\u00ed motivy s\u0148atku. \u0160edes\u00e1t procent d\u011bt\u00ed regionu, tedy 100 milion\u016f, st\u00e1le nem\u00e1 rodn\u00fd list, kter\u00fd by jim pomohl odm\u00edtnout vstoupit do man\u017eelstv\u00ed.<br \/>\nZpr\u00e1va UNICEF dokl\u00e1d\u00e1, \u017ee ji\u017en\u00ed Asie sice dos\u00e1hla za 25 let pokroku v oblasti zdrav\u00ed d\u011bt\u00ed, p\u0159esto ale upozor\u0148uje na p\u0159etrv\u00e1vaj\u00ed velkou nerovnost. &#8222;V regionu um\u00edraj\u00ed ka\u017edoro\u010dn\u011b p\u0159es dva miliony d\u011bt\u00ed ve v\u011bku do p\u011bti let, a to z p\u0159\u00ed\u010din, kter\u00fdm lze zabr\u00e1nit,&#8220; prohl\u00e1sila Karin Hulshofov\u00e1, region\u00e1ln\u00ed \u0159editelka UNICEF. V\u00edce ne\u017e t\u0159etina d\u011bt\u00ed v zem\u00edch regionu trp\u00ed chronickou podv\u00fd\u017eivou.<\/p>\n","protected":false},"excerpt":{"rendered":"<div class=\"mh-excerpt\"><p>V ji\u017en\u00ed Asii se t\u00e9m\u011b\u0159 polovina d\u00edvek vd\u00e1v\u00e1 je\u0161t\u011b p\u0159ed dosa\u017een\u00edm 18 let v\u011bku. D\u016fvodem pro uzav\u0159en\u00ed man\u017eelstv\u00ed je chudoba a spole\u010densk\u00e1 pravidla.<\/p>\n<\/div>","protected":false},"author":1,"featured_media":0,"comment_status":"open","ping_status":"closed","sticky":false,"template":"","format":"standard","meta":{"footnotes":""},"categories":[9],"tags":[],"class_list":["post-17507","post","type-post","status-publish","format-standard","hentry","category-zpravy"],"_links":{"self":[{"href":"https:\/\/www.invarena.cz\/index.php?rest_route=\/wp\/v2\/posts\/17507","targetHints":{"allow":["GET"]}}],"collection":[{"href":"https:\/\/www.invarena.cz\/index.php?rest_route=\/wp\/v2\/posts"}],"about":[{"href":"https:\/\/www.invarena.cz\/index.php?rest_route=\/wp\/v2\/types\/post"}],"author":[{"embeddable":true,"href":"https:\/\/www.invarena.cz\/index.php?rest_route=\/wp\/v2\/users\/1"}],"replies":[{"embeddable":true,"href":"https:\/\/www.invarena.cz\/index.php?rest_route=%2Fwp%2Fv2%2Fcomments&post=17507"}],"version-history":[{"count":0,"href":"https:\/\/www.invarena.cz\/index.php?rest_route=\/wp\/v2\/posts\/17507\/revisions"}],"wp:attachment":[{"href":"https:\/\/www.invarena.cz\/index.php?rest_route=%2Fwp%2Fv2%2Fmedia&parent=17507"}],"wp:term":[{"taxonomy":"category","embeddable":true,"href":"https:\/\/www.invarena.cz\/index.php?rest_route=%2Fwp%2Fv2%2Fcategories&post=17507"},{"taxonomy":"post_tag","embeddable":true,"href":"https:\/\/www.invarena.cz\/index.php?rest_route=%2Fwp%2Fv2%2Ftags&post=17507"}],"curies":[{"name":"wp","href":"https:\/\/api.w.org\/{rel}","templated":true}]}}