{"id":17528,"date":"2014-09-16T11:41:50","date_gmt":"2014-09-16T09:41:50","guid":{"rendered":"http:\/\/www.invarena.cz\/?p=17528"},"modified":"2014-09-16T11:41:27","modified_gmt":"2014-09-16T09:41:27","slug":"adrenalin-bez-barier","status":"publish","type":"post","link":"https:\/\/www.invarena.cz\/?p=17528","title":{"rendered":"Adrenalin bez Bari\u00e9r"},"content":{"rendered":"<p><strong>Jsou na voz\u00edku, ale necht\u011bj\u00ed se p\u0159ipravit o adrenalinov\u00e9 z\u00e1\u017eitky. K plnohodnotn\u00e9mu \u017eivotu podle nich pat\u0159\u00ed i trochu si zablbnout. Proto zalo\u017eili sdru\u017een\u00ed Adrenalin bez Bari\u00e9r. Tady ukazuj\u00ed <span class=\"highlight\">voz\u00ed\u010dk\u00e1\u0159\u016fm<\/span> extr\u00e9mn\u00ed sporty, jako je vodn\u00ed ly\u017eov\u00e1n\u00ed, seskoky pad\u00e1kem, nebo lezen\u00ed po skal\u00e1ch.<\/strong><!--more--><\/p>\n<p><em><strong>\u00a0report\u00e1\u017e \u010cesk\u00e9 televize &#8211; po\u0159ad Report\u00e9\u0159i<\/strong><\/em><\/p>\n<p>\u017divot na voz\u00edku podle nich nemus\u00ed b\u00fdt \u017e\u00e1dn\u00e1 nuda.<\/p>\n<p>Ji\u0159\u00ed SUCH\u00c1NEK, zakladatel ob\u010dansk\u00e9ho sdru\u017een\u00ed Adrenalin bez Bari\u00e9r:<br \/>\n\u017ee to ned\u00e1te tu vlnu, to v\u016fbec je jedno, to, \u017ee nem\u00e1te nohy je taky \u00fapln\u011b jedno, proto\u017ee to jsou jenom ploutvi\u010dky &#8230;.<\/p>\n<p>osoba:<br \/>\nJak nem\u00e1me nohy? V\u017edy\u0165 m\u00e1me nohy.<\/p>\n<p>Ji\u0159\u00ed SUCH\u00c1NEK,<br \/>\nAle na hovno.<\/p>\n<p>redaktorka:<br \/>\n42let\u00fd Ji\u0159\u00ed Such\u00e1nek nen\u00ed cynik ani necita. Jak by se podle jeho slov mohlo n\u011bkomu zd\u00e1t. Ale \u010dlov\u011bk, kter\u00fd spolu se sv\u00fdm kamar\u00e1dem Jakubem Kouck\u00fdm zalo\u017eil ob\u010dansk\u00e9 sdru\u017een\u00ed Adrenalin bez Bari\u00e9r. U\u017e 6 sez\u00f3n spolu ukazuj\u00ed <span class=\"highlight\">voz\u00ed\u010dk\u00e1\u0159\u016fm<\/span>, \u017ee ani po \u00farazu, nebo nemoci, kter\u00e1 je upout\u00e1 na kole\u010dkov\u00e9 k\u0159eslo, nemus\u00ed slovo adrenalin vymazat ze sv\u00e9ho slovn\u00edku a mohou za\u017e\u00edvat ten opojn\u00fd pocit strachu a vzru\u0161en\u00ed z\u00e1rove\u0148 navzdory osudu.<\/p>\n<p>Jakub KOUCK\u00dd, zakladatel ob\u010dansk\u00e9ho sdru\u017een\u00ed Adrenalin bez Bari\u00e9r:<br \/>\nT\u011bm lidem chcem uk\u00e1zat, \u017ee to jde. Hlavn\u011b, \u017ee to je sranda a \u017ee tu srandu si prost\u011b m\u016f\u017eou u\u017e\u00edt s n\u00e1ma a vlastn\u011b pak je to i vlastn\u011b takov\u00e1 pr\u016fprava do \u017eivota, proto\u017ee ty lidi se pak sn\u00e1z dok\u00e1\u017eou poprat i s v\u011bcma, kter\u00fd je v \u017eivot\u011b potkaj. Tak\u017ee si mysl\u00edm, \u017ee to je takov\u00e1 komplexn\u00ed p\u0159\u00edprava na \u017eivot vozej\u010dk\u00e1\u0159e.<\/p>\n<p>Jan REJZENOVER, :<br \/>\nNo, psychicky to bylo tak t\u0159i roky \u0161patn\u00fd, \u017ee \u010dlov\u011bk prost\u011b nemoh nic d\u011blat, musel bejt doma, proto\u017ee musel se nau\u010dit spoustu novejch v\u011bc\u00ed, jak chodit na z\u00e1chod, musel se nau\u010dit \u017e\u00edt prost\u011b s t\u00edm vozejkem.<\/p>\n<p>Alena JAN\u010c\u00cdKOV\u00c1, :<br \/>\nOno to vypad\u00e1, \u017ee to je jenom jakoby fyzick\u00e9 uspokojen\u00ed, ale t\u00edm, \u017ee chod\u00edte ven a d\u011bl\u00e1te ty v\u011bci jako p\u0159ed t\u00edm, tak v\u00e1s to pr\u00e1v\u011b psychicky udr\u017euje po\u0159\u00e1d stabiln\u00edm a nem\u00e1te vlastn\u011b psychickej handicap, \u017ee m\u00e1te ten fyzickej. A to je stra\u0161n\u011b d\u016fle\u017eit\u00fd.<\/p>\n<p>Jakub KOUCK\u00dd,<br \/>\nS Jirkou jsme se sezn\u00e1mili v roce 2005, jestli se pamatuju dob\u0159e, na florbale <span class=\"highlight\">voz\u00ed\u010dk\u00e1\u0159\u016f<\/span> &#8230;<\/p>\n<p>Ji\u0159\u00ed SUCH\u00c1NEK,<br \/>\nTak jsme se za\u010dali bavit a \u0159\u00edkali jsme si o tom jakoby co jsme, jak vid\u00edme sv\u011bt a najednou jsme si cinkli asi v 10 v\u011bcech najednou na \u00fapln\u011b stejnou notu jsme si k\u00e1pli.<\/p>\n<p>Jakub KOUCK\u00dd<br \/>\nCht\u011bli jsme vlastn\u011b vozej\u010dk\u00e1\u0159\u016fm nab\u00edzet n\u011bco, u \u010deho, a\u0165 u\u017e by se mohli vr\u00e1tit k aktivit\u00e1m, kter\u00fd d\u011blali t\u0159eba p\u0159ed \u00farazem, anebo v\u016fbec ty aktivity, kter\u00fd tady byly do t\u00fd doby, roz\u0161\u00ed\u0159it o aktivity nov\u00fd.<\/p>\n<p>redaktorka:<br \/>\nSpole\u010dn\u011b tak na zahrani\u010dn\u00edch internetov\u00fdch str\u00e1nk\u00e1ch hledaj\u00ed, nebo i sami vym\u00fd\u0161lej\u00ed prototypy sportovn\u00edho n\u00e1\u010din\u00ed pro handicapovan\u00e9. P\u0159itom motivaci na zalo\u017een\u00ed Adrenalinu bez Bari\u00e9r m\u011bl ka\u017ed\u00fd jinou. Ji\u0159\u00ed cht\u011bl hlavn\u011b pom\u00e1hat a Jakub uk\u00e1zat, \u017ee na voz\u00edku si jde \u017eivot u\u017e\u00edt. Jejich rozd\u00edln\u00fd postoj je d\u00e1n jejich odli\u0161n\u00fdmi \u017eivotn\u00edmi p\u0159\u00edb\u011bhy.<\/p>\n<p>Jakub KOUCK\u00dd,<br \/>\nt\u00edm, \u017ee jsem na vozejku odmali\u010dka a t\u00edm, \u017ee j\u00e1 jsem neza\u017eil, jakej je to pocit chodit a b\u011bhat, tak t\u00edm p\u00e1dem jsem jako nikdy ni\u010deho nelitoval. Nikdy jsem nesrovn\u00e1val, nem\u011bl jsem to n\u011bjak zapot\u0159eb\u00ed. Odmali\u010dka jsem n\u011bjak\u00fd sporty d\u011blal. Byla n\u011bjak\u00e1 atletika, st\u0159elba ze vzduchovky, z\u00e1vody na formulk\u00e1ch. Tak ta doba vlastn\u011b pokra\u010dovala, objevovaly se nov\u00fd a nov\u00fd aktivity a\u017e p\u0159i\u0161ly p\u0159esn\u011b outdorov\u00fd a adrenalinov\u00fd sporty a to bylo p\u0159esn\u011b ta, ta v\u011bc, na kterou jsem \u010dekal a kter\u00e1 m\u011b prost\u011b chytla a kter\u00fd jsem se pak za\u010dal v\u011bnovat, k\u00f3r po tom, co jsem se potkal s Jirkou. \u00c1lo? To je ly\u017ee, to nen\u00ed ponorka. Jed\u00e9m! Jsme dobr\u00e1ci od kosti. My si nic nedarujem. A tak to vlastn\u011b funguje. Ty lidi je pot\u0159eba neust\u00e1le jakoby hecovat a, a vlastn\u011b \u0159\u00edct jim, hele, kdy\u017e tob\u011b se todle nepovedlo, tak jako nen\u00ed to konec sv\u011bta. Hlavn\u011b se, pros\u00edm t\u011b, nelituj a koukej se do toho po\u0159\u00e1dn\u011b vop\u0159\u00edt. Nejl\u00e9pe po\u0159\u00e1dn\u011b do toho \u0161l\u00e1pni. To se vozej\u010dk\u00e1\u0159\u016fm l\u00edb\u00ed \u00fapln\u011b nejv\u00edc.<\/p>\n<p>Ji\u0159\u00ed SUCH\u00c1NEK,<br \/>\n\u010cernej humor naprosto p\u0159irozen\u00e1 v\u011bc mezi vozej\u010dk\u00e1\u0159i. S\u00e1m m\u016f\u017eu v\u011bd\u011bt, jak\u00fd to je, proto\u017ee vlastn\u011b prvn\u00ed tydle ty v\u011bci z \u010dern\u00fdho humoru jsem za\u017e\u00edval v Kladrubech, prvn\u00ed hav\u00e1rka, kter\u00e1 nebyla moj\u00ed vinou, p\u00e1n, co m\u011bl 2,5 promile v ned\u011bli, \u010deln\u00ed n\u00e1raz do m\u00fdho auta, <span class=\"highlight\">invalidn\u00ed<\/span> d\u016fchod, vozej\u010dek poprv\u00e9. Pak tam byly dal\u0161\u00ed, dal\u0161\u00ed hav\u00e1rky a nejv\u011bt\u0161\u00ed \u00faraz byl samoz\u0159ejm\u011b ten posledn\u00ed, kterej m\u011b opravdu jakoby vykoupal po\u0159\u00e1dn\u011b, ale p\u0159ed t\u00edm p\u0159i\u0161la v\u011bc, kter\u00e1 nebyla spole\u010dn\u00fd s m\u00fdm riskov\u00e1n\u00edm. Dostal jsem raka, respektive rakovinu, bylo to zhoubn\u00fd, vzali mi jedno varle, \u0159ekli, \u017ee m\u00edt, nebudu m\u00edt d\u011bti, oza\u0159ov\u00e1n\u00ed, chemoterapie a spousta dal\u0161\u00edho tr\u00e1pen\u00ed, kter\u00fd v\u00e1s pos\u00edl\u00ed \u00fapln\u011b jinak, ne\u017e, ne\u017e b\u011b\u017en\u011b lidi vn\u00edmaj.<\/p>\n<p>redaktorka:<br \/>\nNejv\u011bt\u0161\u00ed r\u00e1nu Jirka dostal znovu v aut\u011b. V roce 2004 po boura\u010dce z\u016fstal 28 dn\u00ed v k\u00f3matu a vypadalo to, \u017ee u\u017e se nikdy neprobud\u00ed. Selh\u00e1valy mu org\u00e1ny, n\u011bkolikr\u00e1t ho o\u017eivovali a pak, kdy\u017e se probral, musel se v\u0161echno u\u010dit znovu. J\u00edst, p\u00edt, d\u00fdchat bez p\u0159\u00edstroje, mluvit.<\/p>\n<p>Ji\u0159\u00ed SUCH\u00c1NEK,<br \/>\nTo, \u017ee jsem je\u0161t\u011b nechodil tak \u00fapln\u011b, nebylo d\u016fle\u017eit\u00fd, proto\u017ee jsem byl v Kladrubech mezi lidma, kter\u00fd taky nechodili, ale pak se jim to prost\u011b n\u011bjak povedlo, ale je to fakt dlouhodob\u00e1, to je n\u011bkolikam\u011bs\u00ed\u010dn\u00ed z\u00e1le\u017eitost, kdy\u017e \u0159eknu, \u017ee v dubnu se mi n\u011bco stalo a na podzim jsem n\u011bjak jako vn\u00edmal, \u017ee u\u017e m\u016f\u017eu d\u011blat p\u00e1r v\u011bc\u00ed, jako vostatn\u00ed lidi, to \u017ee, to \u017ee jsem vstal, to, \u017ee chod\u00edm, to, \u017ee mluv\u00edm, mi prost\u011b p\u0159ipad\u00e1, \u017ee to nem\u016f\u017ee bejt jen tak. To je prost\u011b dar, kterej mi tady n\u011bkdo dal a jestli ten naho\u0159e, nejsem v\u011b\u0159\u00edc\u00ed, ale jestli ten naho\u0159e mi \u0159ek, ty tady m\u00e1\u0161 je\u0161t\u011b n\u011bjakou povinnost, tady m\u00e1\u0161 je\u0161t\u011b n\u011bjakou cestu, co tady mus\u00ed\u0161 uk\u00e1zat, tak mi j\u00e1 dal, tak\u017ee prost\u011b j\u00e1 jenom to, co d\u011bl\u00e1m, d\u011bl\u00e1m i kv\u016fli tomu, \u017ee se ot\u00e1\u010d\u00edm nahoru a \u0159\u00edk\u00e1m: vid\u00ed\u0161 to? Jsem tady spr\u00e1vn\u011b. \u010caues. Po\u010dkej. A takhle by to \u0161lo asi, ne? Vid\u011bli jste, nevid\u011bli jste, v\u00edte? Jo v pohod\u011b, \u010daues, ahoj, \u010dau, \u010dau&#8230;<\/p>\n<p>Jakub KOUCK\u00dd,<br \/>\nVlastn\u011b jeden z prvn\u00edch projekt\u016f, kter\u00fd jsme s Adrenalinem d\u011blali, tak byla motorka. Proto\u017ee Jirka jezdil na motorce, t\u011blem i du\u0161\u00ed motork\u00e1\u0159 a proto\u017ee jsme cht\u011bli ty v\u011bci spolu sd\u00edlet a cht\u011bli jsme za\u017e\u00edvat podobn\u00fd v\u011bci, tak jsme za\u010dli p\u0159emej\u0161let nad t\u00edm, jak by vozej\u010dk\u00e1\u0159 v\u016fbec mohl jezdit na motorce.<\/p>\n<p>Ji\u0159\u00ed SUCH\u00c1NEK,<br \/>\nTohle je fin\u00e1le, kter\u00fd je pro m\u011b obrovsk\u00e1 satisfakce, proto\u017ee tam bylo dlouh\u00e1 cesta, ale je tady prost\u011b \/nesrozumiteln\u00e9\/ motorky na ru\u010dn\u00ed ovl\u00e1d\u00e1n\u00ed, kter\u00fd funguje, nen\u00ed to univerz\u00e1l pro v\u0161echny, ale to jak\u00fdsi n\u00e1vod, \u017ee motork\u00e1\u0159 a vozej\u010dk\u00e1\u0159 je v\u011bc, kter\u00e1 jde d\u011blat dohromady.<\/p>\n<p>Ta motorka je te\u010fkom ve st\u00e1diu, \u017ee vozej\u010dk\u00e1\u0159 podle druhu <span class=\"highlight\">posti\u017een\u00ed<\/span> na n\u00ed je schopnej jezdit. R\u016fzn\u00fd \u00fapravy, ale m\u016f\u017ee. Nicm\u00e9n\u011b na\u0161\u00edm c\u00edlem by bylo, dostat ji do provozu, ale to bez auto\u0161koly nejde, proto\u017ee <span class=\"highlight\">voz\u00ed\u010dk\u00e1\u0159<\/span> nem\u00e1 \u0159idi\u010d\u00e1k a nem\u00e1 si ho kde ud\u011blat, tak\u017ee auto\u0161kola pro vozej\u010dk\u00e1\u0159e jeden velkej sen.<\/p>\n<p>Jakub KOUCK\u00dd,<br \/>\nNab\u00eddka jet s traban\u0165\u00e1kama do Austr\u00e1lie je pro m\u011b vlastn\u011b spln\u011bnej sen. Tak todle je jeden z dvou tr\u00e1bo\u0161\u016f, s kterejma pojedeme. Todle je konkr\u00e9tn\u011b Egu. Babu ten se vlastn\u011b bude p\u0159ed\u011bl\u00e1vat na ru\u010dn\u00ed ovl\u00e1d\u00e1n\u00ed. J\u00e1 si to prost\u011b u\u017e\u00edv\u00e1m. Je to tro\u0161ku nezvyk, je to takov\u00fd, takov\u00fd industri\u00e1ln\u00ed v\u00edc ne\u017e, ne\u017e, ne\u017e, ne\u017e dneska b\u011b\u017en\u00fd auta. Ale pln\u00ed to tu funkci a to je to nejd\u016fle\u017eit\u011bj\u0161\u00ed a po zku\u0161enostech, \u017ee v\u00edm, \u017ee tydle tr\u00e1bo\u0161i u\u017e zvl\u00e1dly Afriku, zvl\u00e1dly Ji\u017en\u00ed Ameriku, tak se neboj\u00edm toho, \u017ee bysme nezvl\u00e1dli s nima Austr\u00e1lii.<\/p>\n<p>, redaktorka:<br \/>\nNa \u010dty\u0159m\u011bs\u00ed\u010dn\u00ed cestu k protino\u017ec\u016fm odl\u00e9taj\u00ed v lednu. Jirka sv\u00e9ho kamar\u00e1da bude sledovat z domova. M\u00e1 tady toti\u017e jin\u00fd, jak s\u00e1m se sm\u00edchem \u0159\u00edk\u00e1, projekt, ve kter\u00fd, vzhledem k rakovin\u011b, nedoufal.<\/p>\n<p>Ji\u0159\u00ed SUCH\u00c1NEK,<br \/>\nJsem otec a moje rodina je te\u010f pro m\u011b nejv\u011bt\u0161\u00ed prioritou. Tak\u017ee, co se povede je\u0161t\u011b k tomu, to \u010das uk\u00e1\u017ee.<\/p>\n<p>&nbsp;<\/p>\n<div id=\"divDocFoot\"><\/div>\n<div id=\"updPanDown\"><\/div>\n","protected":false},"excerpt":{"rendered":"<div class=\"mh-excerpt\"><p>Jsou na voz\u00edku, ale necht\u011bj\u00ed se p\u0159ipravit o adrenalinov\u00e9 z\u00e1\u017eitky. K plnohodnotn\u00e9mu \u017eivotu podle nich pat\u0159\u00ed i trochu si zablbnout. Proto zalo\u017eili sdru\u017een\u00ed Adrenalin bez <a class=\"mh-excerpt-more\" href=\"https:\/\/www.invarena.cz\/?p=17528\" title=\"Adrenalin bez Bari\u00e9r\">[&#8230;]<\/a><\/p>\n<\/div>","protected":false},"author":1,"featured_media":2210,"comment_status":"open","ping_status":"closed","sticky":false,"template":"","format":"standard","meta":{"footnotes":""},"categories":[7],"tags":[],"class_list":["post-17528","post","type-post","status-publish","format-standard","has-post-thumbnail","hentry","category-spolecnost"],"_links":{"self":[{"href":"https:\/\/www.invarena.cz\/index.php?rest_route=\/wp\/v2\/posts\/17528","targetHints":{"allow":["GET"]}}],"collection":[{"href":"https:\/\/www.invarena.cz\/index.php?rest_route=\/wp\/v2\/posts"}],"about":[{"href":"https:\/\/www.invarena.cz\/index.php?rest_route=\/wp\/v2\/types\/post"}],"author":[{"embeddable":true,"href":"https:\/\/www.invarena.cz\/index.php?rest_route=\/wp\/v2\/users\/1"}],"replies":[{"embeddable":true,"href":"https:\/\/www.invarena.cz\/index.php?rest_route=%2Fwp%2Fv2%2Fcomments&post=17528"}],"version-history":[{"count":0,"href":"https:\/\/www.invarena.cz\/index.php?rest_route=\/wp\/v2\/posts\/17528\/revisions"}],"wp:featuredmedia":[{"embeddable":true,"href":"https:\/\/www.invarena.cz\/index.php?rest_route=\/wp\/v2\/media\/2210"}],"wp:attachment":[{"href":"https:\/\/www.invarena.cz\/index.php?rest_route=%2Fwp%2Fv2%2Fmedia&parent=17528"}],"wp:term":[{"taxonomy":"category","embeddable":true,"href":"https:\/\/www.invarena.cz\/index.php?rest_route=%2Fwp%2Fv2%2Fcategories&post=17528"},{"taxonomy":"post_tag","embeddable":true,"href":"https:\/\/www.invarena.cz\/index.php?rest_route=%2Fwp%2Fv2%2Ftags&post=17528"}],"curies":[{"name":"wp","href":"https:\/\/api.w.org\/{rel}","templated":true}]}}