{"id":17534,"date":"2014-09-16T11:40:04","date_gmt":"2014-09-16T09:40:04","guid":{"rendered":"http:\/\/www.invarena.cz\/?p=17534"},"modified":"2014-09-16T11:47:06","modified_gmt":"2014-09-16T09:47:06","slug":"pruvodce-prahou-pro-handicapovane","status":"publish","type":"post","link":"https:\/\/www.invarena.cz\/?p=17534","title":{"rendered":"Pr\u016fvodce Prahou pro ment\u00e1ln\u011b posti\u017een\u00e9"},"content":{"rendered":"<p><strong>Hlavn\u00ed m\u011bsto Praha m\u00e1 novou kn\u00ed\u017eku pr\u016fvodce. Stejn\u011b jako v dal\u0161\u00edch sedmi evropsk\u00fdch metropol\u00edch usnadn\u00ed cestov\u00e1n\u00ed lidem s ment\u00e1ln\u00edm posti\u017een\u00edm a vytv\u00e1\u0159eli ji sami ment\u00e1ln\u011b posti\u017een\u00ed.<\/strong> <!--more--><\/p>\n<p><em><strong> \u010cesk\u00e1 televize\u00a0 &#8211; report\u00e1\u017e<\/strong> <\/em><\/p>\n<p>Katka, Denisa a Sandra, ka\u017ed\u00e1 bu\u0148ka v jejich t\u011ble m\u00e1 jeden chromozom nav\u00edc, navzdory t\u00e9to p\u0159esile je diagn\u00f3za Downova syndromu spojila a te\u010f pom\u00e1haj\u00ed dal\u0161\u00edm.<\/p>\n<p>Kate\u0159ina HO\u0158EN\u00cd, spoluautorka pr\u016fvodce:<br \/>\nJsme cht\u011bli ment\u00e1ln\u011b <span class=\"highlight\">posti\u017een\u00fdm<\/span> lidem pomoci v usnadn\u011bn\u00ed hled\u00e1n\u00ed r\u016fzn\u00fdch m\u00edst po Praze.<\/p>\n<p>Lenka TOTTOV\u00c1, supervizorka, Jednoduch\u00fd pr\u016fvodce Prahou:<br \/>\nOni taky r\u00e1di cestuj\u00ed a r\u00e1di se pohybuj\u00ed samostatn\u011b, neradi chod\u00ed neust\u00e1le za n\u011bk\u00fdm.<\/p>\n<p>redaktorka:<br \/>\nKde se naj\u00edst, ubytovat nebo jak cestovat hromadnou dopravou, to jsou jen n\u011bkter\u00e9 informace, kter\u00e9 pr\u016fvodce nab\u00edz\u00ed.<\/p>\n<p>&#8222;Taxi, tato auta maj\u00ed naps\u00e1no v\u017edy slovo taxi na st\u0159e\u0161e. Taxi t\u011b odveze p\u0159esn\u011b na m\u00edsto, kam chce\u0161, mus\u00ed\u0161 to \u0159\u00edct \u0159idi\u010di, kam chce\u0161 jet, ale tax\u00edky jsou drah\u00e9.&#8220;<\/p>\n<p>redaktorka:<br \/>\nNab\u00edz\u00ed se i n\u011bkter\u00e9 trasy. Na za\u010d\u00e1tek jedn\u00e9 z nich se vyd\u00e1v\u00e1me. Od Obecn\u00edho domu na Starom\u011bstsk\u00e9 n\u00e1m\u011bst\u00ed. Zachycen\u00ed reality mus\u00ed b\u00fdt hlavn\u011b jednoduch\u00e9 a jasn\u00e9. Slova, v\u011bty i informace.<\/p>\n<p>Lenka TOTTOV\u00c1,<br \/>\nVid\u00edme p\u0159ed sebou Starom\u011bstskou radnici, co o n\u00ed m\u016f\u017eeme napsat do pr\u016fvodce. \u017de je to vysok\u00e1 v\u011b\u017e, \u017ee je na n\u00ed orloj, \u017ee se d\u00e1 j\u00edt nahoru na prohl\u00eddku.<\/p>\n<p>redaktorka:<br \/>\nA bylo to t\u0159eba t\u011b\u017ek\u00fd pro v\u00e1s?<\/p>\n<p>Sandra DU\u0160ILOV\u00c1, spoluautorka pr\u016fvodce:<br \/>\nJako my chv\u00e1l\u00edme, je to fakt skv\u011bl\u00e1 pr\u00e1ce.<\/p>\n<p>redaktorka:<br \/>\nVyznat se v b\u011b\u017en\u00e9m pr\u016fvodci je pro podobn\u011b handicapovan\u00e9 prakticky nemo\u017en\u00e9, ten upraven\u00fd ujas\u0148uje hlavn\u011b pochopen\u00ed v\u00fdznamu textu a orientaci v prostoru.<\/p>\n<p>Denisa ST\u0158IHAVKOV\u00c1, spoluautorka pr\u016fvodce:<br \/>\n\/N j\u00e1 si mysl\u00edm, \u017ee oni jsou tak \u0161ikovn\u00ed, \u017ee to, \u017ee oni to prost\u011b zvl\u00e1dnou.<\/p>\n<p>redaktorka:<br \/>\nNa vytv\u00e1\u0159en\u00ed nov\u00e9 p\u0159\u00edru\u010dky pracovalo s podporou Evropsk\u00e9 unie posledn\u00ed dva roky sedm handicapovan\u00fdch. Naj\u00edt se d\u00e1 v informa\u010dn\u00edch centrech a je zdarma i na internetu.<\/p>\n","protected":false},"excerpt":{"rendered":"<div class=\"mh-excerpt\"><p>Hlavn\u00ed m\u011bsto Praha m\u00e1 novou kn\u00ed\u017eku pr\u016fvodce. Stejn\u011b jako v dal\u0161\u00edch sedmi evropsk\u00fdch metropol\u00edch usnadn\u00ed cestov\u00e1n\u00ed lidem s ment\u00e1ln\u00edm posti\u017een\u00edm a vytv\u00e1\u0159eli ji sami ment\u00e1ln\u011b <a class=\"mh-excerpt-more\" href=\"https:\/\/www.invarena.cz\/?p=17534\" title=\"Pr\u016fvodce Prahou pro ment\u00e1ln\u011b posti\u017een\u00e9\">[&#8230;]<\/a><\/p>\n<\/div>","protected":false},"author":1,"featured_media":13970,"comment_status":"open","ping_status":"closed","sticky":false,"template":"","format":"standard","meta":{"footnotes":""},"categories":[9],"tags":[],"class_list":["post-17534","post","type-post","status-publish","format-standard","has-post-thumbnail","hentry","category-zpravy"],"_links":{"self":[{"href":"https:\/\/www.invarena.cz\/index.php?rest_route=\/wp\/v2\/posts\/17534","targetHints":{"allow":["GET"]}}],"collection":[{"href":"https:\/\/www.invarena.cz\/index.php?rest_route=\/wp\/v2\/posts"}],"about":[{"href":"https:\/\/www.invarena.cz\/index.php?rest_route=\/wp\/v2\/types\/post"}],"author":[{"embeddable":true,"href":"https:\/\/www.invarena.cz\/index.php?rest_route=\/wp\/v2\/users\/1"}],"replies":[{"embeddable":true,"href":"https:\/\/www.invarena.cz\/index.php?rest_route=%2Fwp%2Fv2%2Fcomments&post=17534"}],"version-history":[{"count":0,"href":"https:\/\/www.invarena.cz\/index.php?rest_route=\/wp\/v2\/posts\/17534\/revisions"}],"wp:featuredmedia":[{"embeddable":true,"href":"https:\/\/www.invarena.cz\/index.php?rest_route=\/wp\/v2\/media\/13970"}],"wp:attachment":[{"href":"https:\/\/www.invarena.cz\/index.php?rest_route=%2Fwp%2Fv2%2Fmedia&parent=17534"}],"wp:term":[{"taxonomy":"category","embeddable":true,"href":"https:\/\/www.invarena.cz\/index.php?rest_route=%2Fwp%2Fv2%2Fcategories&post=17534"},{"taxonomy":"post_tag","embeddable":true,"href":"https:\/\/www.invarena.cz\/index.php?rest_route=%2Fwp%2Fv2%2Ftags&post=17534"}],"curies":[{"name":"wp","href":"https:\/\/api.w.org\/{rel}","templated":true}]}}