{"id":17535,"date":"2014-09-16T15:27:15","date_gmt":"2014-09-16T13:27:15","guid":{"rendered":"http:\/\/www.invarena.cz\/?p=17535"},"modified":"2014-09-16T15:29:04","modified_gmt":"2014-09-16T13:29:04","slug":"reforma-zamrzla","status":"publish","type":"post","link":"https:\/\/www.invarena.cz\/?p=17535","title":{"rendered":"Reforma zamrzla!"},"content":{"rendered":"<p><strong>Platforma pro transformaci syst\u00e9mu p\u00e9\u010de o lidi s du\u0161evn\u00edm onemocn\u011bn\u00edm zaslala otev\u0159en\u00fd dopis p\u0159edsedovi vl\u00e1dy Bohuslavu Sobotkovi a ministr\u016fm&#8230;Odborn\u00edci si st\u011b\u017euj\u00ed, \u017ee s psychiatrickou p\u00e9\u010d\u00ed se nic ned\u011bje&#8230;<\/strong><!--more--><\/p>\n<p>&nbsp;<\/p>\n<p>P\u0159\u00edpravy slibovan\u00e9 reformy psychiatrick\u00e9 p\u00e9\u010de v leto\u0161n\u00edm roce stagnuj\u00ed.<\/p>\n<p>P\u0159edstavitel\u00e9 organizac\u00ed i jednotlivci sdru\u017een\u00ed v Platform\u011b pro transformaci syst\u00e9mu p\u00e9\u010de o lidi s du\u0161evn\u00edm onemocn\u011bn\u00edm v \u010cR proto odeslali 15. z\u00e1\u0159\u00ed p\u0159edsedovi vl\u00e1dy Bohuslavu Sobotkovi otev\u0159en\u00fd dopis, ve kter\u00e9m vyjad\u0159uj\u00ed nesouhlas se sou\u010dasn\u00fdm v\u00fdvojem reformy psychiatrick\u00e9 p\u00e9\u010de a po\u017eaduj\u00ed vypracov\u00e1n\u00ed N\u00e1rodn\u00edho pl\u00e1nu p\u00e9\u010de o osoby s du\u0161evn\u00edm onemocn\u011bn\u00edm.<\/p>\n<p>\u201eReforma zamrzla. Shoduj\u00ed se na tom jak \u010dlenov\u00e9 pacientsk\u00fdch a rodi\u010dovsk\u00fdch organizac\u00ed, tak poskytovatel\u00e9 ter\u00e9nn\u00edch slu\u017eeb pro du\u0161evn\u011b nemocn\u00e9.Z\u00e1stupci pacient\u016f i rodinn\u00fdch p\u0159\u00edslu\u0161n\u00edk\u016f m\u011bli b\u00fdt u\u017e na konci lo\u0148sk\u00e9ho roku jmenov\u00e1ni do pracovn\u00edch skupin pro tvorbu strategie reformy na ministerstvu zdravotnictv\u00ed. Do dne\u0161n\u00edho dne se to nestalo,\u201c \u0159\u00edk\u00e1 \u0159editel Fokusu Praha Pavel Nov\u00e1k.<\/p>\n<p>\u201eSystematickou transformaci syst\u00e9mu p\u00e9\u010de o lidi s du\u0161evn\u00edm onemocn\u011bn\u00edm nelze realizovat v r\u00e1mci jednoho ministerstva. Pro dosa\u017een\u00ed tohoto c\u00edle je nutn\u00e1 koordinovan\u00e1 spolupr\u00e1ce na \u00farovni vl\u00e1dy. Pokl\u00e1d\u00e1me za nezbytn\u00e9, aby skute\u010dn\u011b vznikla N\u00e1rodn\u00ed skupina pro transformaci syt\u00e9mu p\u00e9\u010de o lidi s du\u0161evn\u00edm onemocn\u011bn\u00edm, kter\u00e1 zpracuje N\u00e1rodn\u00ed pl\u00e1n p\u00e9\u010de o osoby s du\u0161evn\u00edm onemocn\u011bn\u00edm,\u201cp\u00ed\u0161\u00ed mluv\u010d\u00ed platformy v otev\u0159en\u00e9m dopise adresovan\u00e9m tak\u00e9 ministrovi zdravotnictv\u00ed MUDr. Svatopluku N\u011bme\u010dkovi, ministryni pr\u00e1ce a soci\u00e1ln\u00edch v\u011bc\u00ed Michaele Marksov\u00e9 a ministrovi pro lidsk\u00e1 pr\u00e1va a rovn\u00e9 p\u0159\u00edle\u017eitosti Mgr. Ji\u0159\u00edmu Dienstbierovi.<\/p>\n<p>Dopis apeluje na vl\u00e1du, aby nepromarnila p\u0159\u00edle\u017eitost reformovat syst\u00e9m p\u00e9\u010de o du\u0161evn\u011b nemocn\u00e9\/. \u201eO reform\u011b se sice mluv\u00ed, Evropsk\u00e1 komise souhlas\u00ed s dotacemi, ale p\u0159\u00edpravy realizace se neust\u00e1le zpomaluj\u00ed, konstatuje psychiatr Ond\u0159ej P\u011b\u010d, jeden z mluv\u010d\u00edch platformy.<\/p>\n<p>P\u0159\u00edklad vyu\u017eit\u00ed tzv. Norsk\u00fdch fond\u016f podle n\u011bj ukazuje na re\u00e1ln\u00e9 riziko, \u017ee se dota\u010dn\u00ed prost\u0159edky rozplynou v nesyst\u00e9mov\u00fdch investic\u00edch do vylep\u0161ov\u00e1n\u00ed st\u00e1vaj\u00edc\u00edch l\u00e9\u010deben.<\/p>\n<p>\u201eTo je, jako bychom p\u0159ed koup\u00ed nov\u00e9ho vozu zaplatili gener\u00e1lku autu, kter\u00e9 je ji\u017e dvacet let star\u00e9 a stejn\u011b nespl\u0148uje ani technick\u00e9 normy ani sou\u010dasn\u00e9 po\u017eadavky na komfort i zp\u016fsob \u0159\u00edzen\u00ed,\u201c zd\u016fraz\u0148uje Jan Jaro\u0161, v\u00fdkonn\u00fd \u0159editel ob\u010dansk\u00e9ho sdru\u017een\u00ed KOLUMBUS, kter\u00e9 sdru\u017euje u\u017eivatele psychiatrick\u00e9 p\u00e9\u010de.<\/p>\n<p>\u201eRodi\u010de du\u0161evn\u011b nemocn\u00fdch po\u017eaduj\u00ed z\u00e1kon na ochranu du\u0161evn\u011b nemocn\u00fdch, kter\u00fd se ve vysp\u011bl\u00fdch st\u00e1tech velmi osv\u011bd\u010dil,\u201c \u0159\u00edk\u00e1 Jana Poljakov\u00e1.<\/p>\n<p>Platforma pro leto\u0161ek tak\u00e9 zru\u0161ila pl\u00e1novan\u00fd ka\u017edoro\u010dn\u00ed happening ke sv\u011btov\u00e9mu dni du\u0161evn\u00edho zdrav\u00ed. \/\u201eU\u017e nechceme post\u00e1vat p\u0159ed ministerstvy a tv\u00e1\u0159it se, \u017ee vedeme dialog. Reforma je na bodu mrazu. Po\u017eadujeme, aby vl\u00e1da kone\u010dn\u011b aktivn\u011b zah\u00e1jila reformu psychiatrick\u00e9 p\u00e9\u010de!\u201c, \u0159\u00edk\u00e1 Pavel Nov\u00e1k, \u0159editel nejv\u011bt\u0161\u00ed organizace poskytuj\u00edc\u00ed komunitn\u00ed slu\u017eby pro lidi s du\u0161evn\u00edm onemocn\u011bn\u00edm.<\/p>\n<p><em>Platforma pro transformaci p\u00e9\u010de o lidi s du\u0161evn\u00edm onemocn\u011bn\u00edm je seskupen\u00edm z\u00e1stupc\u016f odborn\u00fdch spole\u010dnost\u00ed, poskytovatel\u016f slu\u017eeb, pacientsk\u00fdch a rodi\u010dovsk\u00fdch organizac\u00ed i jednotlivc\u016f. C\u00edlem platformy je \u0159e\u0161en\u00ed neut\u011b\u0161en\u00e9 situace v oblasti p\u00e9\u010de o lidi s du\u0161evn\u00edm onemocn\u011bn\u00edm v \u010cesk\u00e9 republice.<\/em><\/p>\n<p><em>Tiskov\u00e1 zpr\u00e1va Platformy pro transformaci syst\u00e9mu p\u00e9\u010de o lidi s du\u0161evn\u00edm onemocn\u011bn\u00edm*<\/em><\/p>\n<p>ilustra\u010dn\u00ed foto: midiman \/ Flickr.com<\/p>\n","protected":false},"excerpt":{"rendered":"<div class=\"mh-excerpt\"><p>Platforma pro transformaci syst\u00e9mu p\u00e9\u010de o lidi s du\u0161evn\u00edm onemocn\u011bn\u00edm zaslala otev\u0159en\u00fd dopis p\u0159edsedovi vl\u00e1dy Bohuslavu Sobotkovi a ministr\u016fm&#8230;Odborn\u00edci si st\u011b\u017euj\u00ed, \u017ee s psychiatrickou p\u00e9\u010d\u00ed <a class=\"mh-excerpt-more\" href=\"https:\/\/www.invarena.cz\/?p=17535\" title=\"Reforma zamrzla!\">[&#8230;]<\/a><\/p>\n<\/div>","protected":false},"author":1,"featured_media":15786,"comment_status":"open","ping_status":"closed","sticky":false,"template":"","format":"standard","meta":{"footnotes":""},"categories":[4,6],"tags":[],"class_list":["post-17535","post","type-post","status-publish","format-standard","has-post-thumbnail","hentry","category-nazory","category-politika"],"_links":{"self":[{"href":"https:\/\/www.invarena.cz\/index.php?rest_route=\/wp\/v2\/posts\/17535","targetHints":{"allow":["GET"]}}],"collection":[{"href":"https:\/\/www.invarena.cz\/index.php?rest_route=\/wp\/v2\/posts"}],"about":[{"href":"https:\/\/www.invarena.cz\/index.php?rest_route=\/wp\/v2\/types\/post"}],"author":[{"embeddable":true,"href":"https:\/\/www.invarena.cz\/index.php?rest_route=\/wp\/v2\/users\/1"}],"replies":[{"embeddable":true,"href":"https:\/\/www.invarena.cz\/index.php?rest_route=%2Fwp%2Fv2%2Fcomments&post=17535"}],"version-history":[{"count":0,"href":"https:\/\/www.invarena.cz\/index.php?rest_route=\/wp\/v2\/posts\/17535\/revisions"}],"wp:featuredmedia":[{"embeddable":true,"href":"https:\/\/www.invarena.cz\/index.php?rest_route=\/wp\/v2\/media\/15786"}],"wp:attachment":[{"href":"https:\/\/www.invarena.cz\/index.php?rest_route=%2Fwp%2Fv2%2Fmedia&parent=17535"}],"wp:term":[{"taxonomy":"category","embeddable":true,"href":"https:\/\/www.invarena.cz\/index.php?rest_route=%2Fwp%2Fv2%2Fcategories&post=17535"},{"taxonomy":"post_tag","embeddable":true,"href":"https:\/\/www.invarena.cz\/index.php?rest_route=%2Fwp%2Fv2%2Ftags&post=17535"}],"curies":[{"name":"wp","href":"https:\/\/api.w.org\/{rel}","templated":true}]}}