{"id":17551,"date":"2014-09-17T10:54:51","date_gmt":"2014-09-17T08:54:51","guid":{"rendered":"http:\/\/www.invarena.cz\/?p=17551"},"modified":"2014-09-17T10:54:51","modified_gmt":"2014-09-17T08:54:51","slug":"lednove-duchody-budou-v-prumeru-o-200-korun-vyssi","status":"publish","type":"post","link":"https:\/\/www.invarena.cz\/?p=17551","title":{"rendered":"Lednov\u00e9 d\u016fchody budou v pr\u016fm\u011bru o 200 korun vy\u0161\u0161\u00ed"},"content":{"rendered":"<p><strong>Od za\u010d\u00e1tku ledna roku 2015 za\u010dne platit opat\u0159en\u00ed, kter\u00e9 zlep\u0161\u00ed finan\u010dn\u00ed situaci senior\u016f. V p\u0159\u00ed\u0161t\u00edm roce dostanou penzist\u00e9 v pr\u016fm\u011bru o 200 korun v\u00edce. T\u00fdk\u00e1 se to i invalidn\u00edch d\u016fchodc\u016f&#8230;<\/strong><br \/>\n<!--more--><\/p>\n<p>V\u00fd\u0161e d\u016fchod\u016f zmrazen\u00e1 v minulosti se bude op\u011bt ka\u017edoro\u010dn\u011b navy\u0161ovat o t\u0159etinu r\u016fstu re\u00e1ln\u00fdch mezd a sto procent n\u00e1r\u016fstu spot\u0159ebitelsk\u00fdch cen.<\/p>\n<p>\u201eD\u016fstojn\u00fd d\u016fchod je jedn\u00edm ze z\u00e1kladn\u00edch pil\u00ed\u0159\u016f ka\u017ed\u00e9ho vysp\u011bl\u00e9ho st\u00e1tu. A proto jsem velice r\u00e1da, \u017ee se poda\u0159ilo prosadit jednu z hlavn\u00edch priorit na\u0161eho resortu a \u017ee na nutnosti zlep\u0161it \u017eivot senior\u016f byla shoda nap\u0159\u00ed\u010d cel\u00fdm politick\u00fdm spektrem,\u201c uvedla ministryn\u011b pr\u00e1ce a soci\u00e1ln\u00edch v\u011bc\u00ed Michaela Marksov\u00e1.<\/p>\n<p>Stanoven\u00e9 zv\u00fd\u0161en\u00ed d\u016fchod\u016f od ledna 2015 se u vypl\u00e1cen\u00fdch d\u016fchod\u016f projev\u00ed zv\u00fd\u0161en\u00edm pr\u016fm\u011brn\u00e9ho starobn\u00edho d\u016fchodu o 200 korun m\u011bs\u00ed\u010dn\u011b z 11 076 K\u010d na 11 276 K\u010d, (celkov\u00e9 zv\u00fd\u0161en\u00ed o 1,8 %).<\/p>\n<p>Z\u00e1kladn\u00ed v\u00fdm\u011bry v\u0161ech d\u016fchod\u016f se zv\u00fd\u0161\u00ed o 60 K\u010d na 2 400 K\u010d. Zv\u00fd\u0161en\u00ed je ur\u010deno n\u00e1r\u016fstem pr\u016fm\u011brn\u00e9 mzdy za prvn\u00ed pololet\u00ed 2014 (podle \u00fadaj\u016f \u010cS\u00da \u010din\u00ed 2,73 %). Procentn\u00ed v\u00fdm\u011br d\u016fchod\u016f se zv\u00fd\u0161\u00ed o 1,6 % a je ur\u010deno dopo\u010dtem do celkov\u00e9ho nav\u00fd\u0161en\u00ed d\u016fchod\u016f. Toto celkov\u00e9 nav\u00fd\u0161en\u00ed se odvozuje z \u00fadaj\u016f o v\u00fd\u0161i pr\u016fm\u011brn\u00e9 mzdy za rok 2013 (podle \u00fadaj\u016f \u010cS\u00da \u010din\u00ed \u2013 0,4 %) a z \u00fadaj\u016f o n\u00e1r\u016fstu spot\u0159ebitelsk\u00fdch cen za posledn\u00edch 12 m\u011bs\u00edc\u016f (podle \u00fadaj\u016f \u010cS\u00da \u010din\u00ed 0,6 %). Takto ur\u010den\u00e9 nav\u00fd\u0161en\u00ed podle statistick\u00fdch index\u016f by \u010dinilo jen 0,6 procenta.<\/p>\n<p>T\u00e9m\u011b\u0159 polovin\u011b senior\u016f (45 procent\u016fm) se tak podle odhad\u016f zv\u00fd\u0161\u00ed d\u016fchod v rozmez\u00ed 151 \u2013 200 K\u010d, t\u0159etin\u011b senior\u016f (31 procent\u016fm lid\u00ed) by se m\u011bl d\u016fchod zv\u00fd\u0161it v rozmez\u00ed 201 \u2013 250 korun. N\u00e1klady na zv\u00fd\u0161en\u00ed d\u016fchod\u016f v roce 2015 budou \u010dinit cca 7 miliard K\u010d.<\/p>\n<p>V d\u016fvodov\u00e9 zpr\u00e1v\u011b k novele z\u00e1kona bylo uvedeno zv\u00fd\u0161en\u00ed o 205 K\u010d, tento odhad ale vych\u00e1zel z ni\u017e\u0161\u00edho odhadovan\u00e9ho r\u016fstu mezd za prvn\u00ed pololet\u00ed 2014 (progn\u00f3za 2,5 %) a t\u00edm i z\u00e1kladn\u00ed v\u00fdm\u011bry d\u016fchodu (50 K\u010d). Jin\u00fd pom\u011br z\u00e1kladn\u00ed a procentn\u00ed v\u00fdm\u011bry m\u00e1 za d\u016fsledek, \u017ee skute\u010dn\u00e1 valorizace u pr\u016fm\u011brn\u00e9ho starobn\u00edho d\u016fchodu je o n\u011bkolik korun ni\u017e\u0161\u00ed, konkr\u00e9tn\u011b p\u0159esn\u011b o 200 K\u010d.<\/p>\n<p>Petr Hab\u00e1\u0148<br \/>\ntiskov\u00fd mluv\u010d\u00ed MPSV<\/p>\n","protected":false},"excerpt":{"rendered":"<div class=\"mh-excerpt\"><p>Od za\u010d\u00e1tku ledna roku 2015 za\u010dne platit opat\u0159en\u00ed, kter\u00e9 zlep\u0161\u00ed finan\u010dn\u00ed situaci senior\u016f. V p\u0159\u00ed\u0161t\u00edm roce dostanou penzist\u00e9 v pr\u016fm\u011bru o 200 korun v\u00edce. T\u00fdk\u00e1 <a class=\"mh-excerpt-more\" href=\"https:\/\/www.invarena.cz\/?p=17551\" title=\"Lednov\u00e9 d\u016fchody budou v pr\u016fm\u011bru o 200 korun vy\u0161\u0161\u00ed\">[&#8230;]<\/a><\/p>\n<\/div>","protected":false},"author":1,"featured_media":0,"comment_status":"open","ping_status":"closed","sticky":false,"template":"","format":"standard","meta":{"footnotes":""},"categories":[1,9],"tags":[],"class_list":["post-17551","post","type-post","status-publish","format-standard","hentry","category-nezarazene","category-zpravy"],"_links":{"self":[{"href":"https:\/\/www.invarena.cz\/index.php?rest_route=\/wp\/v2\/posts\/17551","targetHints":{"allow":["GET"]}}],"collection":[{"href":"https:\/\/www.invarena.cz\/index.php?rest_route=\/wp\/v2\/posts"}],"about":[{"href":"https:\/\/www.invarena.cz\/index.php?rest_route=\/wp\/v2\/types\/post"}],"author":[{"embeddable":true,"href":"https:\/\/www.invarena.cz\/index.php?rest_route=\/wp\/v2\/users\/1"}],"replies":[{"embeddable":true,"href":"https:\/\/www.invarena.cz\/index.php?rest_route=%2Fwp%2Fv2%2Fcomments&post=17551"}],"version-history":[{"count":0,"href":"https:\/\/www.invarena.cz\/index.php?rest_route=\/wp\/v2\/posts\/17551\/revisions"}],"wp:attachment":[{"href":"https:\/\/www.invarena.cz\/index.php?rest_route=%2Fwp%2Fv2%2Fmedia&parent=17551"}],"wp:term":[{"taxonomy":"category","embeddable":true,"href":"https:\/\/www.invarena.cz\/index.php?rest_route=%2Fwp%2Fv2%2Fcategories&post=17551"},{"taxonomy":"post_tag","embeddable":true,"href":"https:\/\/www.invarena.cz\/index.php?rest_route=%2Fwp%2Fv2%2Ftags&post=17551"}],"curies":[{"name":"wp","href":"https:\/\/api.w.org\/{rel}","templated":true}]}}