{"id":17552,"date":"2014-09-17T11:08:21","date_gmt":"2014-09-17T09:08:21","guid":{"rendered":"http:\/\/www.invarena.cz\/?p=17552"},"modified":"2014-09-17T11:08:21","modified_gmt":"2014-09-17T09:08:21","slug":"ano-navrhuje-vyhody-i-pro-specialni-vozidla-pro-postizene","status":"publish","type":"post","link":"https:\/\/www.invarena.cz\/?p=17552","title":{"rendered":"ANO navrhuje v\u00fdhody i pro speci\u00e1ln\u00ed vozidla pro posti\u017een\u00e9"},"content":{"rendered":"<p><strong>Sn\u011bmovna z\u0159ejm\u011b schv\u00e1l\u00ed vl\u00e1dn\u00ed n\u00e1vrh na zaveden\u00ed t\u0159et\u00ed, 10procentn\u00ed sazby DPH. Strana ANO chce prosadit v\u00fdhody i pro speci\u00e1ln\u00ed voz\u00edtka konstruovan\u00e1 p\u0159\u00edmo pro posti\u017een\u00e9 \/na sn\u00edmku auto pro voz\u00ed\u010dk\u00e1\u0159e\/.<\/strong><!--more--><\/p>\n<p>&nbsp;<\/p>\n<p>Sazba m\u00e1 platit od p\u0159\u00ed\u0161t\u00edho roku a vztahovat se bude na knihy, l\u00e9ky a kojeneckou v\u00fd\u017eivu. V sou\u010dasn\u00e9 dob\u011b plat\u00ed z\u00e1kladn\u00ed sazba 21 procent a sn\u00ed\u017een\u00e1 15 procent.<\/p>\n<p>Rozpo\u010dtov\u00fd v\u00fdbor doporu\u010dil novelu schv\u00e1lit bez p\u0159ipom\u00ednek, poslanci k n\u00ed p\u0159esto vznesli n\u011bkolik pozm\u011b\u0148ovac\u00edch n\u00e1vrh\u016f. O t\u011bchto n\u00e1vrz\u00edch i o cel\u00e9 novele budou rozhodovat je\u0161t\u011b na sv\u00e9 sou\u010dasn\u00e9 sch\u016fzi.<\/p>\n<p>Vl\u00e1da si od nov\u00e9 sazby slibuje sn\u00ed\u017een\u00ed cen pro koncov\u00e9 spot\u0159ebitele. Ni\u017e\u0161\u00edm zdan\u011bn\u00edm kojeneck\u00e9 v\u00fd\u017eivy a potravin pro mal\u00e9 d\u011bti chce podpo\u0159it rodiny s d\u011btmi. V p\u0159\u00edpad\u011b knih se nebude nov\u00e1 sazba vztahovat na publikace, kde bude reklama p\u0159esahovat 50 procent plochy.<\/p>\n<p>Karel Rais (ANO) p\u0159ednesl n\u00e1vrh, kter\u00fd se t\u00fdk\u00e1 vracen\u00ed DPH u vozidel pro invalidy. Navrhuje v z\u00e1kon\u011b m\u00edsto term\u00ednu &#8222;osobn\u00ed automobil&#8220; pou\u017e\u00edt slova &#8222;motorov\u00e9 vozidlo&#8220;, aby se tato v\u00fdhoda vztahovala i na speci\u00e1ln\u00ed voz\u00edtka konstruovan\u00e1 p\u0159\u00edmo pro posti\u017een\u00e9. Napravil by se tak podle n\u011bj sou\u010dasn\u00fd stav, kdy se vztahuje pouze na osobn\u00ed auta upraven\u00e1 pro pot\u0159eby invalid\u016f.<\/p>\n<p>Exministr financ\u00ed Miroslav Kalousek (TOP 09) obvinil vl\u00e1dn\u00ed strany z pokrytectv\u00ed. Pouk\u00e1zal na to, \u017ee v minulosti kritizovaly zv\u00fd\u0161en\u00ed sazeb DPH, kter\u00e9 prosadila b\u00fdval\u00e1 Ne\u010dasova vl\u00e1da, ale sazby ponech\u00e1vaj\u00ed v kritizovan\u00e9 v\u00fd\u0161i. &#8222;Vy ty pen\u00edze chcete, abyste je utratili,&#8220; \u0159ekl na adresu vl\u00e1dy s t\u00edm, \u017ee kabinet o tyto pen\u00edze nesn\u00ed\u017e\u00ed struktur\u00e1ln\u00ed deficit. Zaveden\u00ed nov\u00e9 sazby ozna\u010dil za nesmysl.<\/p>\n<p>Ministr financ\u00ed Andrej Babi\u0161 (ANO) odm\u00edtl Kalouskovo obvin\u011bn\u00ed z toho, \u017ee by vl\u00e1da utr\u00e1cela, a zd\u016fraznil \u00faspory, kter\u00e9 prosazuje. P\u0159ipustil, \u017ee by jedna sazba byla ide\u00e1ln\u00ed, t\u0159i sazby podle n\u011bj ide\u00e1ln\u00ed nejsou. \u0158ekl, \u017ee pokud se mu poda\u0159\u00ed d\u00e1t do po\u0159\u00e1dku finan\u010dn\u00ed a celn\u00ed spr\u00e1vu, aby l\u00e9pe vyb\u00edraly p\u0159\u00edjmy st\u00e1tu, m\u011bly by b\u00fdt c\u00edlem dv\u011b sazby DPH deset a 20 procent.<\/p>\n<p>Sou\u010d\u00e1st\u00ed novely je i zru\u0161en\u00ed sjednocen\u00e9 dan\u011b z p\u0159idan\u00e9 hodnoty na 17,5 procenta od roku 2016. D\u016fvodem je podle vl\u00e1dy snaha zabr\u00e1nit zv\u00fd\u0161en\u00ed dan\u011b na potraviny a dal\u0161\u00ed soci\u00e1ln\u011b citliv\u00e9 polo\u017eky, u kter\u00fdch by DPH musela vzr\u016fst o 2,5 procentn\u00edho bodu.<\/p>\n<p>&nbsp;<\/p>\n","protected":false},"excerpt":{"rendered":"<div class=\"mh-excerpt\"><p>Sn\u011bmovna z\u0159ejm\u011b schv\u00e1l\u00ed vl\u00e1dn\u00ed n\u00e1vrh na zaveden\u00ed t\u0159et\u00ed, 10procentn\u00ed sazby DPH. Strana ANO chce prosadit v\u00fdhody i pro speci\u00e1ln\u00ed voz\u00edtka konstruovan\u00e1 p\u0159\u00edmo pro posti\u017een\u00e9 \/na <a class=\"mh-excerpt-more\" href=\"https:\/\/www.invarena.cz\/?p=17552\" title=\"ANO navrhuje v\u00fdhody i pro speci\u00e1ln\u00ed vozidla pro posti\u017een\u00e9\">[&#8230;]<\/a><\/p>\n<\/div>","protected":false},"author":1,"featured_media":15220,"comment_status":"open","ping_status":"closed","sticky":false,"template":"","format":"standard","meta":{"footnotes":""},"categories":[6],"tags":[],"class_list":["post-17552","post","type-post","status-publish","format-standard","has-post-thumbnail","hentry","category-politika"],"_links":{"self":[{"href":"https:\/\/www.invarena.cz\/index.php?rest_route=\/wp\/v2\/posts\/17552","targetHints":{"allow":["GET"]}}],"collection":[{"href":"https:\/\/www.invarena.cz\/index.php?rest_route=\/wp\/v2\/posts"}],"about":[{"href":"https:\/\/www.invarena.cz\/index.php?rest_route=\/wp\/v2\/types\/post"}],"author":[{"embeddable":true,"href":"https:\/\/www.invarena.cz\/index.php?rest_route=\/wp\/v2\/users\/1"}],"replies":[{"embeddable":true,"href":"https:\/\/www.invarena.cz\/index.php?rest_route=%2Fwp%2Fv2%2Fcomments&post=17552"}],"version-history":[{"count":0,"href":"https:\/\/www.invarena.cz\/index.php?rest_route=\/wp\/v2\/posts\/17552\/revisions"}],"wp:featuredmedia":[{"embeddable":true,"href":"https:\/\/www.invarena.cz\/index.php?rest_route=\/wp\/v2\/media\/15220"}],"wp:attachment":[{"href":"https:\/\/www.invarena.cz\/index.php?rest_route=%2Fwp%2Fv2%2Fmedia&parent=17552"}],"wp:term":[{"taxonomy":"category","embeddable":true,"href":"https:\/\/www.invarena.cz\/index.php?rest_route=%2Fwp%2Fv2%2Fcategories&post=17552"},{"taxonomy":"post_tag","embeddable":true,"href":"https:\/\/www.invarena.cz\/index.php?rest_route=%2Fwp%2Fv2%2Ftags&post=17552"}],"curies":[{"name":"wp","href":"https:\/\/api.w.org\/{rel}","templated":true}]}}