{"id":17579,"date":"2014-09-19T11:29:10","date_gmt":"2014-09-19T09:29:10","guid":{"rendered":"http:\/\/www.invarena.cz\/?p=17579"},"modified":"2014-10-17T22:28:20","modified_gmt":"2014-10-17T20:28:20","slug":"vozickar-petrous-bude-od-nove-sezony-soutezit-se-zdravymi","status":"publish","type":"post","link":"https:\/\/www.invarena.cz\/?p=17579","title":{"rendered":"Voz\u00ed\u010dk\u00e1\u0159 Petrou\u0161 bude od nov\u00e9 sezony sout\u011b\u017eit se zdrav\u00fdmi"},"content":{"rendered":"<p><strong>Dlouholet\u00fd \u010desk\u00fd reprezentant, medailista a evropsk\u00fd rekordman ve vrha\u010dsk\u00fdch discipl\u00edn\u00e1ch Jaroslav Petrou\u0161 z pardubick\u00e9 Hv\u011bzdy SKP se rozhodl skon\u010dit s atletikou <span class=\"highlight\">voz\u00ed\u010dk\u00e1\u0159\u016f<\/span>.<\/strong> <!--more--><\/p>\n<p>Neznamen\u00e1 to v\u0161ak, \u017ee by dal vale sportu jako takov\u00e9mu; pouze se kv\u016fli v\u00fdrazn\u00fdm zm\u011bn\u00e1m pravidel rozhodl z\u00e1vodit s chod\u00edc\u00edmi. M\u00edsto z vrhac\u00ed stolice bude od p\u0159\u00ed\u0161t\u00ed sezony sout\u011b\u017eit s prot\u00e9zou v atletick\u00e9m kruhu &#8211; v\u011b\u0159\u00ed si i na souboje se zdrav\u00fdmi sportovci.<\/p>\n<p>Sv\u011b\u0159enec tren\u00e9rky Evy Hrdinov\u00e9, jen\u017e p\u0159ed dv\u011bma t\u00fddny p\u0159ivezl bronzovou medaili z Mistrovstv\u00ed Evropy v atletice handicapovan\u00fdch za hod diskem, se lou\u010dil p\u0159i posledn\u00edm kole \u010cesk\u00e9ho poh\u00e1ru v Chrudmi nov\u00fdm n\u00e1rodn\u00edm rekordem 41,83 metru.<\/p>\n<p>B\u011bhem kari\u00e9ry mezi <span class=\"highlight\">posti\u017een\u00fdmi<\/span> Petrou\u0161 vybojoval t\u0159i t\u0159et\u00ed m\u00edsta na ME, z\u00edskal dv\u011b druh\u00e1 m\u00edsta na Sv\u011btov\u00fdch hr\u00e1ch IWAS v Indii, splnil kvalifika\u010dn\u00ed limity na MS na Nov\u00e9m Z\u00e9landu a ve Francii a paralympi\u00e1du v Lond\u00fdn\u011b 2012. Letos se stal mistrem republiky v hodu diskem.<\/p>\n<p>Celkem p\u0159ekonal 31 \u010desk\u00fdch rekord\u016f ve vrha\u010dsk\u00fdch discipl\u00edn\u00e1ch a jeden evropsk\u00fd.<\/p>\n<p><a href=\"http:\/\/www.idnes.cz\/\">Mlad\u00e1 fronta DNES<\/a><\/p>\n","protected":false},"excerpt":{"rendered":"<div class=\"mh-excerpt\"><p>Dlouholet\u00fd \u010desk\u00fd reprezentant, medailista a evropsk\u00fd rekordman ve vrha\u010dsk\u00fdch discipl\u00edn\u00e1ch Jaroslav Petrou\u0161 z pardubick\u00e9 Hv\u011bzdy SKP se rozhodl skon\u010dit s atletikou voz\u00ed\u010dk\u00e1\u0159\u016f.<\/p>\n<\/div>","protected":false},"author":1,"featured_media":0,"comment_status":"open","ping_status":"closed","sticky":false,"template":"","format":"standard","meta":{"footnotes":""},"categories":[9],"tags":[],"class_list":["post-17579","post","type-post","status-publish","format-standard","hentry","category-zpravy"],"_links":{"self":[{"href":"https:\/\/www.invarena.cz\/index.php?rest_route=\/wp\/v2\/posts\/17579","targetHints":{"allow":["GET"]}}],"collection":[{"href":"https:\/\/www.invarena.cz\/index.php?rest_route=\/wp\/v2\/posts"}],"about":[{"href":"https:\/\/www.invarena.cz\/index.php?rest_route=\/wp\/v2\/types\/post"}],"author":[{"embeddable":true,"href":"https:\/\/www.invarena.cz\/index.php?rest_route=\/wp\/v2\/users\/1"}],"replies":[{"embeddable":true,"href":"https:\/\/www.invarena.cz\/index.php?rest_route=%2Fwp%2Fv2%2Fcomments&post=17579"}],"version-history":[{"count":0,"href":"https:\/\/www.invarena.cz\/index.php?rest_route=\/wp\/v2\/posts\/17579\/revisions"}],"wp:attachment":[{"href":"https:\/\/www.invarena.cz\/index.php?rest_route=%2Fwp%2Fv2%2Fmedia&parent=17579"}],"wp:term":[{"taxonomy":"category","embeddable":true,"href":"https:\/\/www.invarena.cz\/index.php?rest_route=%2Fwp%2Fv2%2Fcategories&post=17579"},{"taxonomy":"post_tag","embeddable":true,"href":"https:\/\/www.invarena.cz\/index.php?rest_route=%2Fwp%2Fv2%2Ftags&post=17579"}],"curies":[{"name":"wp","href":"https:\/\/api.w.org\/{rel}","templated":true}]}}