{"id":17581,"date":"2014-09-19T12:28:42","date_gmt":"2014-09-19T10:28:42","guid":{"rendered":"http:\/\/www.invarena.cz\/?p=17581"},"modified":"2014-09-20T00:08:40","modified_gmt":"2014-09-19T22:08:40","slug":"tezce-nemocna-matka-postizeneho-chlapce-zemrela","status":"publish","type":"post","link":"https:\/\/www.invarena.cz\/?p=17581","title":{"rendered":"T\u011b\u017ece nemocn\u00e1 matka mal\u00e9ho autisty zem\u0159ela"},"content":{"rendered":"<p><strong>P\u0159\u00edb\u011bh o odvaze a boji pan\u00ed Marcely Rebern\u00e1kov\u00e9 m\u00e1 smutn\u00fd konec. V\u00e1\u017en\u011b nemocn\u00e1 matka desetilet\u00e9ho autisty Erika zem\u0159ela. Jej\u00ed syn u n\u00ed byl t\u00e9m\u011b\u0159 do posledn\u00ed chv\u00edle. I d\u00edky div\u00e1k\u016fm Televizn\u00edch novin TV Nova se spln\u00ed jej\u00ed posledn\u00ed p\u0159\u00e1n\u00ed. O chlapce bude postar\u00e1no.<\/strong><!--more--><\/p>\n<p>televize Nova &#8211; report\u00e1\u017e<\/p>\n<p>pan\u00ed Marcela, :<br \/>\nDouf\u00e1m, \u017ee to ustoj\u00edm.<\/p>\n<p>redaktorka:<br \/>\n\u0158\u00edkala pan\u00ed Marcela na za\u010d\u00e1tku onkologick\u00e9 l\u00e9\u010dby. Podstoupila dv\u011b operace a chemoterapie.<\/p>\n<p>pan\u00ed Marcela, :<br \/>\nJ\u00e1 si te\u010fko v\u00e1\u017e\u00edm ka\u017ed\u00fd minuty, ka\u017ed\u00fdho kr\u00e1sn\u00fdho \u010dasu. Se boj\u00edm o to, jak zvl\u00e1dnu tu starost okolo, mysl\u00edm hlavn\u011b t\u00edm starost o Er\u00edska, jak spolu to ustoj\u00edme. Nic v\u00edc.<\/p>\n<p>redaktorka:<br \/>\nA pr\u00e1v\u011b Marcelin syn desetilet\u00fd Erik trp\u00edc\u00ed d\u011btsk\u00fdm autismem a st\u0159edn\u00ed ment\u00e1ln\u00ed retardac\u00ed ji dr\u017eel nad vodou a dod\u00e1val j\u00ed s\u00edlu \u017e\u00edt.<\/p>\n<p>pan\u00ed Marcela, :<br \/>\nKdy\u017e jsem t\u0159eba v k\u0159e\u010d\u00edch, tak on m\u011b pusinkuje a l\u00edb\u00e1, proto\u017ee maminka p\u0159ece na zemi nele\u017e\u00ed. A v\u016fbec si neuv\u011bdomuje v\u00e1\u017enost situace.<\/p>\n<p>redaktorka:<br \/>\nPo posledn\u00ed chemoterapii nakonec l\u00e9ka\u0159i boj s rakovinou vzdali.<\/p>\n<p>pan\u00ed Marcela, :<br \/>\nSi m\u00e1m j\u00edt uspo\u0159\u00e1dat dom\u016f svoje v\u011bci, a jeliko\u017e se m\u016f\u017eou vyskytnout i zdravotn\u00ed komplikace, tak m\u016f\u017ee b\u00fdt konec z vte\u0159iny na vte\u0159inu.<\/p>\n<p>redaktorka:<br \/>\nPan\u00ed Marcela zem\u0159ela dnes dopoledne.<\/p>\n<p>Monika REJSKOV\u00c1, kamar\u00e1dka Moniky:<br \/>\nOna nemohla teda mluvit, mluvili jsme my na ni, byla klidn\u00e1 a my jsme ji vlastn\u011b uji\u0161\u0165ovali, \u017ee se nemus\u00ed b\u00e1t, \u017ee o Erika bude postar\u00e1no, \u017ee pom\u016f\u017eeme i man\u017eelovi, prost\u011b \u017ee se nemus\u00ed strachovat.<\/p>\n<p>redaktorka:<br \/>\nErik ji m\u011bl v nemocnici dnes nav\u0161t\u00edvit. Bohu\u017eel to u\u017e nestihl. Te\u010f se o n\u011bj bude starat jeho otec. Pr\u00e1v\u011b to, aby byl syn zaji\u0161t\u011bn\u00fd, bylo Marcelin\u00fdm posledn\u00edm p\u0159\u00e1n\u00edm. S pomoc\u00ed p\u0159\u00e1tel se j\u00ed snad spln\u00ed.<\/p>\n","protected":false},"excerpt":{"rendered":"<div class=\"mh-excerpt\"><p>P\u0159\u00edb\u011bh o odvaze a boji pan\u00ed Marcely Rebern\u00e1kov\u00e9 m\u00e1 smutn\u00fd konec. V\u00e1\u017en\u011b nemocn\u00e1 matka desetilet\u00e9ho autisty Erika zem\u0159ela. Jej\u00ed syn u n\u00ed byl t\u00e9m\u011b\u0159 do <a class=\"mh-excerpt-more\" href=\"https:\/\/www.invarena.cz\/?p=17581\" title=\"T\u011b\u017ece nemocn\u00e1 matka mal\u00e9ho autisty zem\u0159ela\">[&#8230;]<\/a><\/p>\n<\/div>","protected":false},"author":1,"featured_media":0,"comment_status":"open","ping_status":"closed","sticky":false,"template":"","format":"standard","meta":{"footnotes":""},"categories":[9],"tags":[],"class_list":["post-17581","post","type-post","status-publish","format-standard","hentry","category-zpravy"],"_links":{"self":[{"href":"https:\/\/www.invarena.cz\/index.php?rest_route=\/wp\/v2\/posts\/17581","targetHints":{"allow":["GET"]}}],"collection":[{"href":"https:\/\/www.invarena.cz\/index.php?rest_route=\/wp\/v2\/posts"}],"about":[{"href":"https:\/\/www.invarena.cz\/index.php?rest_route=\/wp\/v2\/types\/post"}],"author":[{"embeddable":true,"href":"https:\/\/www.invarena.cz\/index.php?rest_route=\/wp\/v2\/users\/1"}],"replies":[{"embeddable":true,"href":"https:\/\/www.invarena.cz\/index.php?rest_route=%2Fwp%2Fv2%2Fcomments&post=17581"}],"version-history":[{"count":0,"href":"https:\/\/www.invarena.cz\/index.php?rest_route=\/wp\/v2\/posts\/17581\/revisions"}],"wp:attachment":[{"href":"https:\/\/www.invarena.cz\/index.php?rest_route=%2Fwp%2Fv2%2Fmedia&parent=17581"}],"wp:term":[{"taxonomy":"category","embeddable":true,"href":"https:\/\/www.invarena.cz\/index.php?rest_route=%2Fwp%2Fv2%2Fcategories&post=17581"},{"taxonomy":"post_tag","embeddable":true,"href":"https:\/\/www.invarena.cz\/index.php?rest_route=%2Fwp%2Fv2%2Ftags&post=17581"}],"curies":[{"name":"wp","href":"https:\/\/api.w.org\/{rel}","templated":true}]}}