{"id":17582,"date":"2014-09-19T12:39:22","date_gmt":"2014-09-19T10:39:22","guid":{"rendered":"http:\/\/www.invarena.cz\/?p=17582"},"modified":"2014-09-19T12:39:22","modified_gmt":"2014-09-19T10:39:22","slug":"klokanky-jsou-v-ohrozeni","status":"publish","type":"post","link":"https:\/\/www.invarena.cz\/?p=17582","title":{"rendered":"Klok\u00e1nky jsou v ohro\u017een\u00ed&#8230;"},"content":{"rendered":"<p><strong>\u0160estici Klok\u00e1nk\u016f pro ohro\u017een\u00e9 d\u011bti hroz\u00ed na konci roku uzav\u0159en\u00ed. M\u016f\u017ee za to novela z\u00e1kona o ochran\u011b d\u011bt\u00ed, kter\u00e1 omezuje jejich po\u010det v Klok\u00e1nc\u00edch na dvacet osm.<\/strong> <!--more--><\/p>\n<p><em><strong> TV Barrandov &#8211; report\u00e1\u017e<\/strong> <\/em><br \/>\nProbl\u00e9m je hlav\u011b financov\u00e1n\u00ed. Za\u0159\u00edzen\u00ed s vy\u0161\u0161\u00ed kapacitou toti\u017e dostanou ni\u017e\u0161\u00ed p\u0159\u00edsp\u011bvky a nebudou m\u00edt na n\u00e1jem, energie, ani platy zam\u011bstnanc\u016f.<br \/>\nKlok\u00e1nky s kapacitou vy\u0161\u0161\u00ed ne\u017e dvacet osm d\u011bt\u00ed dostaly po lo\u0148sk\u00e9 zm\u011bn\u011b z\u00e1kona v\u00fdjimku, aby mohly d\u00e1l fungovat, jen\u017ee ta brzy skon\u010d\u00ed.<\/p>\n<p>Marie VODI\u010cKOV\u00c1, p\u0159edsedkyn\u011b Fondu ohro\u017een\u00fdch d\u011bt\u00ed:<br \/>\nM\u00e1me vlastn\u011b v\u00fdjimku jenom do konce roku s t\u00edm, \u017ee dal\u0161\u00ed u\u017e tedy, s dal\u0161\u00ed u\u017e nem\u00e1me po\u010d\u00edtat no.<\/p>\n<p>redaktor:<br \/>\nProbl\u00e9m jsou pen\u00edze. Za\u0159\u00edzen\u00ed s vy\u0161\u0161\u00ed kapacitou dostanou ni\u017e\u0161\u00ed st\u00e1tn\u00ed p\u0159\u00edsp\u011bvky, co\u017e znemo\u017en\u00ed jejich fungov\u00e1n\u00ed.<\/p>\n<p>Marie VODI\u010cKOV\u00c1,:<br \/>\nPr\u00e1v\u011b to hroz\u00ed u \u0161esti Klok\u00e1nk\u016f, kter\u00e9 maj\u00ed v\u011bt\u0161\u00ed kapacitu ne\u017e dvacet osm, d\u011bti na dlouhodob\u00fdch propustk\u00e1ch, tak\u017ee tam z\u016fstane minimum d\u011bt\u00ed a z toho se to ned\u00e1 v\u016fbec financovat.<\/p>\n<p>redaktor:<br \/>\n\u0160t\u011brboholsk\u00fd Klok\u00e1nek v sou\u010dasnosti pe\u010duje celkem o 38 d\u011bt\u00ed. Jen\u017ee te\u010f to vypad\u00e1, \u017ee od nov\u00e9ho roku se o n\u011b mo\u017en\u00e1 nebude moci postarat.<\/p>\n<p>Jan VAN\u011aK, vedouc\u00ed Klok\u00e1nku Praha &#8211; \u0160t\u011brboholy:<br \/>\nU\u017e jenom to, \u017ee se vlastn\u011b do kapacity za\u0159\u00edzen\u00ed po\u010d\u00edtaj\u00ed d\u011bti, kter\u00fd tu fyzicky nejsou, tro\u0161ku si p\u0159ipad\u00e1me jako v n\u011bjak\u00fd kouzelnick\u00fd h\u0159e.<\/p>\n<p>redaktor:<br \/>\nKlok\u00e1nek m\u00e1 na dlouhodob\u00fdch propustk\u00e1ch, tedy t\u0159eba v p\u011bstounsk\u00e9 p\u00e9\u010di, kde se \u010dek\u00e1 na rozhodnut\u00ed soudu, devaten\u00e1ct d\u011bt\u00ed. Na ty p\u0159\u00edsp\u011bvky nedost\u00e1v\u00e1, ale ani na jejich m\u00edsta nem\u016f\u017ee p\u0159ijmout d\u011bti jin\u00e9. Od leda by tak dost\u00e1val p\u0159\u00edsp\u011bvky jen na dev\u011bt d\u011bt\u00ed.<\/p>\n<p>Jan VAN\u011aK,<br \/>\nDok\u00e1\u017eu si p\u0159edstavit takov\u00fd sc\u00e9n\u00e1\u0159, \u017ee 31. 12. 2014 po p\u016flnoci p\u0159ijede ministersk\u00fd autobus a odveze d\u011bti do d\u011btsk\u00e9ho domova.<\/p>\n<p>Karla SMETANOV\u00c1, teta:<br \/>\nNep\u0159em\u00fd\u0161l\u00edme nad t\u00edm, jestli skon\u010d\u00edme k posledn\u00edmu tohoto roku a d\u011bti p\u016fjdou do \u00fastavky a my p\u016fjdeme nev\u00edm kam.<\/p>\n<p>Kate\u0159ina \u0160LESINGEROV\u00c1, odbor ochrany d\u011bt\u00ed <span class=\"highlight\">MPSV<\/span>:<br \/>\nPokud si fond po\u017e\u00e1d\u00e1 o dal\u0161\u00ed v\u00fdjimku ,bude o tom znova rozhodov\u00e1no ve spr\u00e1vn\u00edm \u0159\u00edzen\u00ed.<\/p>\n<p>redaktor:<br \/>\nKlok\u00e1nk\u016f je v \u010cesku 31. St\u00e1t stoj\u00ed asi o t\u0159etinu m\u00ed\u0148, ne\u017e \u00fastavn\u00ed za\u0159\u00edzen\u00ed. Zat\u00edmco zde plat\u00ed st\u00e1t za d\u00edt\u011b 400 tis\u00edc ro\u010dn\u011b, v Klok\u00e1nku je to asi 270 tis\u00edc. P\u0159i sou\u010dasn\u00e9 kapacit\u011b 560 m\u00edst to p\u0159edstavuje ro\u010dn\u00ed \u00fasporu asi 70 milion\u016f korun.<\/p>\n","protected":false},"excerpt":{"rendered":"<div class=\"mh-excerpt\"><p>\u0160estici Klok\u00e1nk\u016f pro ohro\u017een\u00e9 d\u011bti hroz\u00ed na konci roku uzav\u0159en\u00ed. M\u016f\u017ee za to novela z\u00e1kona o ochran\u011b d\u011bt\u00ed, kter\u00e1 omezuje jejich po\u010det v Klok\u00e1nc\u00edch na <a class=\"mh-excerpt-more\" href=\"https:\/\/www.invarena.cz\/?p=17582\" title=\"Klok\u00e1nky jsou v ohro\u017een\u00ed&#8230;\">[&#8230;]<\/a><\/p>\n<\/div>","protected":false},"author":1,"featured_media":6457,"comment_status":"open","ping_status":"closed","sticky":false,"template":"","format":"standard","meta":{"footnotes":""},"categories":[7],"tags":[],"class_list":["post-17582","post","type-post","status-publish","format-standard","has-post-thumbnail","hentry","category-spolecnost"],"_links":{"self":[{"href":"https:\/\/www.invarena.cz\/index.php?rest_route=\/wp\/v2\/posts\/17582","targetHints":{"allow":["GET"]}}],"collection":[{"href":"https:\/\/www.invarena.cz\/index.php?rest_route=\/wp\/v2\/posts"}],"about":[{"href":"https:\/\/www.invarena.cz\/index.php?rest_route=\/wp\/v2\/types\/post"}],"author":[{"embeddable":true,"href":"https:\/\/www.invarena.cz\/index.php?rest_route=\/wp\/v2\/users\/1"}],"replies":[{"embeddable":true,"href":"https:\/\/www.invarena.cz\/index.php?rest_route=%2Fwp%2Fv2%2Fcomments&post=17582"}],"version-history":[{"count":0,"href":"https:\/\/www.invarena.cz\/index.php?rest_route=\/wp\/v2\/posts\/17582\/revisions"}],"wp:featuredmedia":[{"embeddable":true,"href":"https:\/\/www.invarena.cz\/index.php?rest_route=\/wp\/v2\/media\/6457"}],"wp:attachment":[{"href":"https:\/\/www.invarena.cz\/index.php?rest_route=%2Fwp%2Fv2%2Fmedia&parent=17582"}],"wp:term":[{"taxonomy":"category","embeddable":true,"href":"https:\/\/www.invarena.cz\/index.php?rest_route=%2Fwp%2Fv2%2Fcategories&post=17582"},{"taxonomy":"post_tag","embeddable":true,"href":"https:\/\/www.invarena.cz\/index.php?rest_route=%2Fwp%2Fv2%2Ftags&post=17582"}],"curies":[{"name":"wp","href":"https:\/\/api.w.org\/{rel}","templated":true}]}}