{"id":17584,"date":"2014-09-20T12:03:56","date_gmt":"2014-09-20T10:03:56","guid":{"rendered":"http:\/\/www.invarena.cz\/?p=17584"},"modified":"2014-09-20T12:03:56","modified_gmt":"2014-09-20T10:03:56","slug":"cervene-tvare-mohou-znamenat-zavaznou-nemoc","status":"publish","type":"post","link":"https:\/\/www.invarena.cz\/?p=17584","title":{"rendered":"\u010cerven\u00e9 tv\u00e1\u0159e mohou znamenat z\u00e1va\u017enou nemoc"},"content":{"rendered":"<p><strong>A\u017e p\u016fl milion\u016f \u010cech\u016f trp\u00ed chronick\u00fdm onemocn\u011bn\u00edm rozacea, neboli r\u016f\u017eovkou. Jde o trval\u00e9 z\u010derven\u00e1n\u00ed pleti, kter\u00e9 doposud nebylo l\u00e9\u010diteln\u00e9. Na nemoc se sna\u017e\u00ed upozornit kampa\u0148 s n\u00e1zvem \u010cerven\u00e1 \u010derven\u00e9.<\/strong> <!--more--><\/p>\n<p><em><strong>televize Nova &#8211; report\u00e1\u017e<\/strong><\/em><\/p>\n<p>Rozacea neboli r\u016f\u017eovka se vyskytuje v\u011bt\u0161inou u keltsk\u00fdch typ\u016f, tedy lid\u00ed s modr\u00fdma o\u010dima, sv\u011btl\u00fdmi vlasy, pihami a sklony k rychl\u00e9mu sp\u00e1len\u00ed. Nej\u010dast\u011bji se projevuje mezi 30. a\u017e 60. rokem a obecn\u011b v\u00edce postihuje \u017eeny.<\/p>\n<p>M\u00e1 n\u011bkolik forem. Prvn\u00ed forma je pr\u00e1v\u011b zar\u016f\u017eov\u011bn\u00ed, kter\u00e9 je nejd\u0159\u00edve p\u0159echodn\u00e9 a potom trval\u00e9 a p\u0159ipojuj\u00ed se k n\u011bmu roz\u0161\u00ed\u0159en\u00e9 c\u00e9vky. Druh\u00e1 forma se nav\u00edc projevuje je\u0161t\u011b \u010derven\u00fdmi pupeny a\u017e hnis\u00e1n\u00edm. A t\u0159et\u00ed se projevuje zmno\u017een\u00edm tk\u00e1n\u00ed, p\u0159edev\u0161\u00edm zmno\u017een\u00ed nosu, jsou to takov\u00e9 ty zn\u00e1m\u00e9 velk\u00e9 \u010derven\u00e9 nosy.<\/p>\n<p>I kdy\u017e nemoc neohro\u017euje pacienty na \u017eivot\u011b, jej\u00ed viditeln\u00e9 p\u0159\u00edznaky se negativn\u011b podepisuj\u00ed na psychice \u010dlov\u011bka. Tito lid\u00e9 m\u00edvaj\u00ed velk\u00e9 probl\u00e9my v osobn\u00edm i pracovn\u00edm \u017eivot\u011b. Mezi pacienty pat\u0159\u00ed nap\u0159\u00edklad i Bill Clinton \u010di jin\u00e9 zn\u00e1m\u00e9 osobnosti.<\/p>\n<p>Cynthia NIXON; here\u010dka:<br \/>\n&#8222;Zarudnut\u00ed ovliv\u0148ovalo moji sebed\u016fv\u011bru. Kdy\u017e u m\u011b pak diagnostikovali rozaceu, aspo\u0148 jsem v\u011bd\u011bla, s \u010d\u00edm mohu bojovat.&#8220;<\/p>\n<p>Jednozna\u010dn\u00e9 p\u0159\u00ed\u010diny nemoci dosud nejsou zn\u00e1m\u00e9. A\u017e doned\u00e1vna se pova\u017eovala za nevyl\u00e9\u010ditelnou. Nyn\u00ed se na trhu objevil l\u00e9k, kter\u00fd p\u0159\u00edznaky tohoto onemocn\u011bn\u00ed razantn\u011b zm\u00edrn\u00ed.<\/p>\n<p>Je d\u016fle\u017eit\u00e9 zd\u016fraznit, \u017ee rozacea je opravdu l\u00e9\u010diteln\u00e9 onemocn\u011bn\u00ed a je \u0161koda, \u017ee plno pacient\u016f o tom nev\u00ed a k l\u00e9ka\u0159i nejde. \u010c\u00edm d\u0159\u00edve se za\u010dne s tou l\u00e9\u010dbou, t\u00edm l\u00e9pe.<\/p>\n<p>Kampa\u0148 \u010cerven\u00e1 \u010derven\u00e9 chce pomoci lidem, kte\u0159\u00ed rozaceou trp\u00ed nebo na ni maj\u00ed podez\u0159en\u00ed. V obou p\u0159\u00edpadech je pot\u0159eba nemoc konzultovat s l\u00e9ka\u0159em.<\/p>\n<p>ilustra\u010dn\u00ed foto: krystle-MorgueFile<\/p>\n","protected":false},"excerpt":{"rendered":"<div class=\"mh-excerpt\"><p>A\u017e p\u016fl milion\u016f \u010cech\u016f trp\u00ed chronick\u00fdm onemocn\u011bn\u00edm rozacea, neboli r\u016f\u017eovkou. Jde o trval\u00e9 z\u010derven\u00e1n\u00ed pleti, kter\u00e9 doposud nebylo l\u00e9\u010diteln\u00e9. Na nemoc se sna\u017e\u00ed upozornit kampa\u0148 <a class=\"mh-excerpt-more\" href=\"https:\/\/www.invarena.cz\/?p=17584\" title=\"\u010cerven\u00e9 tv\u00e1\u0159e mohou znamenat z\u00e1va\u017enou nemoc\">[&#8230;]<\/a><\/p>\n<\/div>","protected":false},"author":1,"featured_media":14560,"comment_status":"open","ping_status":"closed","sticky":false,"template":"","format":"standard","meta":{"footnotes":""},"categories":[11],"tags":[],"class_list":["post-17584","post","type-post","status-publish","format-standard","has-post-thumbnail","hentry","category-zdravi"],"_links":{"self":[{"href":"https:\/\/www.invarena.cz\/index.php?rest_route=\/wp\/v2\/posts\/17584","targetHints":{"allow":["GET"]}}],"collection":[{"href":"https:\/\/www.invarena.cz\/index.php?rest_route=\/wp\/v2\/posts"}],"about":[{"href":"https:\/\/www.invarena.cz\/index.php?rest_route=\/wp\/v2\/types\/post"}],"author":[{"embeddable":true,"href":"https:\/\/www.invarena.cz\/index.php?rest_route=\/wp\/v2\/users\/1"}],"replies":[{"embeddable":true,"href":"https:\/\/www.invarena.cz\/index.php?rest_route=%2Fwp%2Fv2%2Fcomments&post=17584"}],"version-history":[{"count":0,"href":"https:\/\/www.invarena.cz\/index.php?rest_route=\/wp\/v2\/posts\/17584\/revisions"}],"wp:featuredmedia":[{"embeddable":true,"href":"https:\/\/www.invarena.cz\/index.php?rest_route=\/wp\/v2\/media\/14560"}],"wp:attachment":[{"href":"https:\/\/www.invarena.cz\/index.php?rest_route=%2Fwp%2Fv2%2Fmedia&parent=17584"}],"wp:term":[{"taxonomy":"category","embeddable":true,"href":"https:\/\/www.invarena.cz\/index.php?rest_route=%2Fwp%2Fv2%2Fcategories&post=17584"},{"taxonomy":"post_tag","embeddable":true,"href":"https:\/\/www.invarena.cz\/index.php?rest_route=%2Fwp%2Fv2%2Ftags&post=17584"}],"curies":[{"name":"wp","href":"https:\/\/api.w.org\/{rel}","templated":true}]}}