{"id":17586,"date":"2014-09-20T12:19:37","date_gmt":"2014-09-20T10:19:37","guid":{"rendered":"http:\/\/www.invarena.cz\/?p=17586"},"modified":"2014-09-20T12:19:37","modified_gmt":"2014-09-20T10:19:37","slug":"konec-regulacnich-poplatku-se-blizi","status":"publish","type":"post","link":"https:\/\/www.invarena.cz\/?p=17586","title":{"rendered":"Konec regula\u010dn\u00edch poplatk\u016f se bl\u00ed\u017e\u00ed"},"content":{"rendered":"<p><strong>Zru\u0161en\u00ed poplatk\u016f u l\u00e9ka\u0159\u016f a za recept je op\u011bt re\u00e1ln\u011bj\u0161\u00ed. Pravici se nepoda\u0159ilo normu, kter\u00e1 tyto poplatky ru\u0161\u00ed, vr\u00e1tit do zdravotnick\u00e9ho v\u00fdboru. Jej\u00ed z\u00e1v\u011bre\u010dn\u00e9 schvalov\u00e1n\u00ed se uskute\u010dn\u00ed p\u0159\u00ed\u0161t\u00ed t\u00fdden.<\/strong> <!--more--><\/p>\n<p>Hlasovat se bude i o pozm\u011b\u0148ovac\u00edm n\u00e1vrhu KS\u010cM zru\u0161it i poplatek na pohotovosti.<br \/>\nZru\u0161en\u00ed regula\u010dn\u00edch poplatk\u016f, krom\u011b platby za pohotovost, m\u00e1 koali\u010dn\u00ed vl\u00e1da v programov\u00e9m prohl\u00e1\u0161en\u00ed. Podle ministra zdravotnictv\u00ed Svatopluka N\u011bme\u010dka (\u010cSSD) p\u0159edstavuj\u00ed soci\u00e1ln\u00ed a administrativn\u00ed z\u00e1t\u011b\u017e a nepln\u00ed o\u010dek\u00e1vanou regula\u010dn\u00ed funkci. Naopak poplatek za pohotovost m\u00e1 podle n\u011bj v\u00fdznam. Zaru\u010d\u00ed, \u017ee pohotovosti nebudou zneu\u017e\u00edv\u00e1ny a budou m\u00edt dostate\u010dn\u00e9 kapacity pro \u0159e\u0161en\u00ed akutn\u00edch stav\u016f.<\/p>\n<p>S t\u00edm nesouhlas\u00ed st\u00ednov\u00e1 ministryn\u011b KS\u010cM pro resort zdravotnictv\u00ed So\u0148a Markov\u00e1, podle n\u00ed\u017e je ponech\u00e1n\u00ed tohoto poplatku nesyst\u00e9mov\u00e9. \u00bbP\u0159edkladatel nereflektuje stav, kdy zachov\u00e1n\u00ed existence regula\u010dn\u00edho poplatku za pohotovostn\u00ed slu\u017eby m\u016f\u017ee m\u00edt za n\u00e1sledek v\u011bt\u0161\u00ed zneu\u017e\u00edv\u00e1n\u00ed zdravotnick\u00e9 z\u00e1chrann\u00e9 slu\u017eby, jej\u00ed\u017e n\u00e1klady jsou pro syst\u00e9m ve\u0159ejn\u00e9ho zdravotn\u00edho poji\u0161t\u011bn\u00ed ale i pro z\u0159izovatele mnohem v\u011bt\u0161\u00ed,\u00ab uvedla poslankyn\u011b.<\/p>\n<p>P\u0159ipomn\u011bla, \u017ee KS\u010cM p\u0159edlo\u017eila n\u00e1vrh na \u00fapln\u00e9 zru\u0161en\u00ed regula\u010dn\u00edch poplatk\u016f u\u017e v \u00fanoru tohoto roku, dosud ale le\u017e\u00ed ve sn\u011bmovn\u011b neprojedn\u00e1n. \u00bbDlouhodob\u011b navrhujeme kompletn\u00ed zru\u0161en\u00ed regula\u010dn\u00edch poplatk\u016f, proto\u017ee tyto neod\u016fvodn\u011bn\u011b u n\u011bkter\u00fdch pacient\u016f, p\u0159edev\u0161\u00edm u soci\u00e1ln\u011b slab\u0161\u00edch, chronicky nemocn\u00fdch a <span class=\"highlight\">zdravotn\u011b<\/span> <span class=\"highlight\">posti\u017een\u00fdch<\/span>, zhor\u0161uj\u00ed soci\u00e1ln\u00ed situaci a nav\u00edc to je u lid\u00ed, kte\u0159\u00ed zdravotn\u00ed p\u00e9\u010di v\u011bt\u0161inou skute\u010dn\u011b pot\u0159ebuj\u00ed,\u00ab zd\u016fvodnila, pro\u010d komunist\u00e9 bojuj\u00ed proti poplatk\u016fm u\u017e od jejich zaveden\u00ed v roce 2008.<\/p>\n<p>Vzhledem k tomu, \u017ee nen\u00ed jasn\u00e9, kdy budou poslanci n\u00e1vrh KS\u010cM projedn\u00e1vat, p\u0159edlo\u017eila Markov\u00e1 k vl\u00e1dn\u00ed p\u0159edloze pozm\u011b\u0148ovac\u00ed n\u00e1vrh, kter\u00fd ru\u0161\u00ed v\u0161echny zdravotnick\u00e9 poplatky nebo v p\u0159\u00edpad\u011b zachov\u00e1n\u00ed platby na pohotovosti, zapo\u010d\u00edt\u00e1v\u00e1 tuto \u010d\u00e1stku do takzvan\u00e9ho ochrann\u00e9ho limitu. Ten komunist\u00e9 navrhuj\u00ed sn\u00ed\u017eit na polovinu.<\/p>\n<p>Zru\u0161en\u00ed t\u0159icetikorunov\u00fdch plateb u l\u00e9ka\u0159\u016f a za recept bude znamenat v\u00fdpadek p\u0159\u00edjm\u016f ambulanc\u00ed a l\u00e9k\u00e1ren ve v\u00fd\u0161i asi 3,27 mld. korun.<\/p>\n<table class=\"docHdrTable\">\n<tbody>\n<tr>\n<td class=\"docHdrNavesti\"><\/td>\n<td>Hal\u00f3 noviny<\/td>\n<\/tr>\n<\/tbody>\n<\/table>\n","protected":false},"excerpt":{"rendered":"<div class=\"mh-excerpt\"><p>Zru\u0161en\u00ed poplatk\u016f u l\u00e9ka\u0159\u016f a za recept je op\u011bt re\u00e1ln\u011bj\u0161\u00ed. Pravici se nepoda\u0159ilo normu, kter\u00e1 tyto poplatky ru\u0161\u00ed, vr\u00e1tit do zdravotnick\u00e9ho v\u00fdboru. Jej\u00ed z\u00e1v\u011bre\u010dn\u00e9 schvalov\u00e1n\u00ed <a class=\"mh-excerpt-more\" href=\"https:\/\/www.invarena.cz\/?p=17586\" title=\"Konec regula\u010dn\u00edch poplatk\u016f se bl\u00ed\u017e\u00ed\">[&#8230;]<\/a><\/p>\n<\/div>","protected":false},"author":1,"featured_media":0,"comment_status":"open","ping_status":"closed","sticky":false,"template":"","format":"standard","meta":{"footnotes":""},"categories":[9],"tags":[],"class_list":["post-17586","post","type-post","status-publish","format-standard","hentry","category-zpravy"],"_links":{"self":[{"href":"https:\/\/www.invarena.cz\/index.php?rest_route=\/wp\/v2\/posts\/17586","targetHints":{"allow":["GET"]}}],"collection":[{"href":"https:\/\/www.invarena.cz\/index.php?rest_route=\/wp\/v2\/posts"}],"about":[{"href":"https:\/\/www.invarena.cz\/index.php?rest_route=\/wp\/v2\/types\/post"}],"author":[{"embeddable":true,"href":"https:\/\/www.invarena.cz\/index.php?rest_route=\/wp\/v2\/users\/1"}],"replies":[{"embeddable":true,"href":"https:\/\/www.invarena.cz\/index.php?rest_route=%2Fwp%2Fv2%2Fcomments&post=17586"}],"version-history":[{"count":0,"href":"https:\/\/www.invarena.cz\/index.php?rest_route=\/wp\/v2\/posts\/17586\/revisions"}],"wp:attachment":[{"href":"https:\/\/www.invarena.cz\/index.php?rest_route=%2Fwp%2Fv2%2Fmedia&parent=17586"}],"wp:term":[{"taxonomy":"category","embeddable":true,"href":"https:\/\/www.invarena.cz\/index.php?rest_route=%2Fwp%2Fv2%2Fcategories&post=17586"},{"taxonomy":"post_tag","embeddable":true,"href":"https:\/\/www.invarena.cz\/index.php?rest_route=%2Fwp%2Fv2%2Ftags&post=17586"}],"curies":[{"name":"wp","href":"https:\/\/api.w.org\/{rel}","templated":true}]}}