{"id":17592,"date":"2014-09-22T07:11:15","date_gmt":"2014-09-22T05:11:15","guid":{"rendered":"http:\/\/www.invarena.cz\/?p=17592"},"modified":"2014-09-22T08:29:15","modified_gmt":"2014-09-22T06:29:15","slug":"cesti-sportovci-se-na-hrach-specialni-olympiady-letos-neztratili","status":"publish","type":"post","link":"https:\/\/www.invarena.cz\/?p=17592","title":{"rendered":"\u010ce\u0161t\u00ed sportovci se na hr\u00e1ch Speci\u00e1ln\u00ed olympi\u00e1dy neztratili"},"content":{"rendered":"<p><strong>Mezi dv\u011bma tis\u00edcovkami soupe\u0159\u016f ze skoro \u0161esti des\u00edtek st\u00e1t\u016f se 22 reprezentant\u016f \u010cR rozhodn\u011b neztratilo. \u010ce\u0161t\u00ed sportovci s ment\u00e1ln\u00edm posti\u017een\u00edm si z leto\u0161n\u00edch evropsk\u00fdch letn\u00edch her Speci\u00e1ln\u00ed olympi\u00e1dy v belgick\u00fdch Antverp\u00e1ch vezou dom\u016f 12 zlat\u00fdch, osm st\u0159\u00edbrn\u00fdch a 11 bronzov\u00fdch medail\u00ed.<\/strong><!--more--><\/p>\n<p>Hry v Belgii v\u00a0 p\u00e1tek slavnostn\u011b kon\u010dily.<\/p>\n<p>Kdy\u017e p\u011bta\u010dty\u0159icetilet\u00fd Bed\u0159ich Bulava ze Zl\u00edna vyhr\u00e1l z\u00e1v\u011bre\u010dn\u00fd set olympijsk\u00e9ho fin\u00e1le ve stoln\u00edm tenise nad Duncanem Georgem z Velk\u00e9 Brit\u00e1nie, zdvihl v antverpsk\u00e9 hale ruce nad hlavu ve v\u00edt\u011bzn\u00e9m gestu.<\/p>\n<p>Bezprost\u0159edn\u011b po utk\u00e1n\u00ed \u0159ekl, \u017ee z v\u00fdhry m\u00e1 radost a zlat\u00e1 medaile se mu velmi l\u00edb\u00ed. A co je podle n\u011bj na stoln\u00edm tenise nejlep\u0161\u00ed? &#8222;Ty to\u010den\u00e9 a rychl\u00e9 m\u00ed\u010de, sme\u010de a rozhazov\u00e1n\u00ed do roh\u016f,&#8220; \u0159ekl.<\/p>\n<p>Sportovci, kte\u0159\u00ed se na hry do Antverp dostali, mus\u00ed pravideln\u011b tr\u00e9novat ve sv\u00fdch klubech a proj\u00edt s\u00edtem kvalifika\u010dn\u00edch z\u00e1pas\u016f, vysv\u011btlila \u010desk\u00fdm novin\u00e1\u0159\u016fm vedouc\u00ed delegace a n\u00e1rodn\u00ed \u0159editelka \u010cesk\u00e9ho hnut\u00ed speci\u00e1ln\u00edch olympi\u00e1d Martina St\u0159edov\u00e1.<\/p>\n<p>Hnut\u00ed m\u00e1 tradici od po\u010d\u00e1tku 90. let a ka\u017ed\u00e9 \u010dty\u0159i roky po\u0159\u00e1d\u00e1 n\u00e1rodn\u00ed hry. Po cel\u00e9 zemi se ho nyn\u00ed \u00fa\u010dastn\u00ed 145 klub\u016f. &#8222;Konkr\u00e9tn\u011b na tyto hry byli sportovci vyb\u00edr\u00e1ni na z\u00e1klad\u011b v\u00fdsledk\u016f, kter\u00fdch dos\u00e1hli loni na hr\u00e1ch v Olomouci,&#8220; doplnila \u0159editelka.<\/p>\n<p>V\u011bt\u0161ina sportovn\u00edch kl\u00e1n\u00ed evropsk\u00e9 leto\u0161n\u00ed letn\u00ed Speci\u00e1ln\u00ed olympi\u00e1dy se odehr\u00e1vala v hal\u00e1ch antverpsk\u00e9ho v\u00fdstavi\u0161t\u011b. Atletick\u00e9 sout\u011b\u017ee se v\u0161ak konaly v n\u011bkolik des\u00edtek kilometr\u016f vzd\u00e1len\u00e9m sportovn\u00edm st\u0159edisku Den Uyt v severobelgick\u00e9m m\u011bste\u010dku Mol. A cel\u00e1 delegace bydlela je\u0161t\u011b jinde. &#8222;Ka\u017ed\u00e9 r\u00e1no jezd\u00edme na sportovi\u0161t\u011b a vrac\u00edme se. Obn\u00e1\u0161\u00ed to p\u0159es t\u0159i hodiny j\u00edzdy,&#8220; vypo\u010detla St\u0159edov\u00e1.<\/p>\n<p>Na hr\u00e1ch se letos sout\u011b\u017eilo v celkem deseti discipl\u00edn\u00e1ch, \u010ce\u0161i m\u011bli z\u00e1stupce v atletice, plav\u00e1n\u00ed, stoln\u00edm tenisu a h\u0159e boccia, podobn\u00e9 zn\u00e1m\u00e9mu francouzsk\u00e9mu p\u00e9tanque. Pr\u00e1v\u011b v n\u00ed nap\u0159\u00edklad usp\u011bla Lucie Kvakov\u00e1 z Neveklova.<\/p>\n<p>Na Speci\u00e1ln\u00ed olympi\u00e1d\u011b b\u00fdvaj\u00ed ocen\u011bni nejen ti nejlep\u0161\u00ed, ale ka\u017ed\u00fd, kdo se z\u00fa\u010dastnil. &#8222;To je pr\u00e1v\u011b to, co d\u011bl\u00e1 tuto olympi\u00e1du tak p\u0159ita\u017elivou pro sportovce s ment\u00e1ln\u00edm posti\u017een\u00edm. Ka\u017ed\u00fd si u\u017eije svou chv\u00edli sl\u00e1vy,&#8220; uvedla \u0161\u00e9fka \u010desk\u00e9 v\u00fdpravy.<\/p>\n<p>V\u00fdkony sportovc\u016f sledovali nejen jejich tren\u00e9\u0159i a \u010dlenov\u00e9 v\u00fdprav, ale i div\u00e1ci. Fandily nap\u0159\u00edklad \u0161koln\u00ed t\u0159\u00eddy a atmosf\u00e9ra z\u00e1pas\u016f tak byla skute\u010dn\u011b olympijsk\u00e1. &#8222;Je to sportovn\u00ed sv\u011bt. Jen m\u00e1 n\u011bkter\u00e9 sv\u00e9 principy a z\u00e1sady,&#8220; p\u0159ipomn\u011bla St\u0159edov\u00e1. Sportovci jsou nap\u0159\u00edklad \u0159azeni do kategori\u00ed nejen podle v\u011bku a pohlav\u00ed, ale tak\u00e9 podle v\u00fdkonnosti. V r\u00e1mci kategorie by se v\u00fdkony nejlep\u0161\u00edho a nejhor\u0161\u00edho sportovce nem\u011bly li\u0161it v\u00edce ne\u017e o p\u011btinu. &#8222;Ka\u017ed\u00fd tak m\u00e1 \u0161anci b\u00fdt velmi \u00fasp\u011b\u0161n\u00fd,&#8220; dodala St\u0159edov\u00e1.<\/p>\n<p>\u010cesk\u00e9 reprezentanty doprov\u00e1zel v Antverp\u00e1ch tak\u00e9 zn\u00e1m\u00fd tane\u010dn\u00edk Vlastimil Harapes, kter\u00fd \u010cesk\u00e9 hnut\u00ed speci\u00e1ln\u00edch olympi\u00e1d u\u017e l\u00e9ta podporuje. &#8222;Jsou tady proto, aby n\u00e1m nastavovali zrcadlo, nev\u011bd\u00ed, co je z\u00e1vist,&#8220; \u0159\u00edk\u00e1 o \u010desk\u00fdch reprezentantech.<\/p>\n<p>\u010cTK<\/p>\n","protected":false},"excerpt":{"rendered":"<div class=\"mh-excerpt\"><p>Mezi dv\u011bma tis\u00edcovkami soupe\u0159\u016f ze skoro \u0161esti des\u00edtek st\u00e1t\u016f se 22 reprezentant\u016f \u010cR rozhodn\u011b neztratilo. \u010ce\u0161t\u00ed sportovci s ment\u00e1ln\u00edm posti\u017een\u00edm si z leto\u0161n\u00edch evropsk\u00fdch letn\u00edch <a class=\"mh-excerpt-more\" href=\"https:\/\/www.invarena.cz\/?p=17592\" title=\"\u010ce\u0161t\u00ed sportovci se na hr\u00e1ch Speci\u00e1ln\u00ed olympi\u00e1dy neztratili\">[&#8230;]<\/a><\/p>\n<\/div>","protected":false},"author":1,"featured_media":0,"comment_status":"open","ping_status":"closed","sticky":false,"template":"","format":"standard","meta":{"footnotes":""},"categories":[9],"tags":[],"class_list":["post-17592","post","type-post","status-publish","format-standard","hentry","category-zpravy"],"_links":{"self":[{"href":"https:\/\/www.invarena.cz\/index.php?rest_route=\/wp\/v2\/posts\/17592","targetHints":{"allow":["GET"]}}],"collection":[{"href":"https:\/\/www.invarena.cz\/index.php?rest_route=\/wp\/v2\/posts"}],"about":[{"href":"https:\/\/www.invarena.cz\/index.php?rest_route=\/wp\/v2\/types\/post"}],"author":[{"embeddable":true,"href":"https:\/\/www.invarena.cz\/index.php?rest_route=\/wp\/v2\/users\/1"}],"replies":[{"embeddable":true,"href":"https:\/\/www.invarena.cz\/index.php?rest_route=%2Fwp%2Fv2%2Fcomments&post=17592"}],"version-history":[{"count":0,"href":"https:\/\/www.invarena.cz\/index.php?rest_route=\/wp\/v2\/posts\/17592\/revisions"}],"wp:attachment":[{"href":"https:\/\/www.invarena.cz\/index.php?rest_route=%2Fwp%2Fv2%2Fmedia&parent=17592"}],"wp:term":[{"taxonomy":"category","embeddable":true,"href":"https:\/\/www.invarena.cz\/index.php?rest_route=%2Fwp%2Fv2%2Fcategories&post=17592"},{"taxonomy":"post_tag","embeddable":true,"href":"https:\/\/www.invarena.cz\/index.php?rest_route=%2Fwp%2Fv2%2Ftags&post=17592"}],"curies":[{"name":"wp","href":"https:\/\/api.w.org\/{rel}","templated":true}]}}