{"id":17594,"date":"2014-09-22T12:07:45","date_gmt":"2014-09-22T10:07:45","guid":{"rendered":"http:\/\/www.invarena.cz\/?p=17594"},"modified":"2014-09-22T12:07:45","modified_gmt":"2014-09-22T10:07:45","slug":"priprava-na-it-zakazky-mpsv-probiha-podle-planu-vyplata-davek-ohrozena-nebude","status":"publish","type":"post","link":"https:\/\/www.invarena.cz\/?p=17594","title":{"rendered":"P\u0159\u00edprava na IT zak\u00e1zky MPSV prob\u00edh\u00e1 podle pl\u00e1nu, v\u00fdplata d\u00e1vek ohro\u017eena nebude"},"content":{"rendered":"<p><strong>Proces p\u0159\u00edprav zak\u00e1zek, ze kter\u00fdch vzejde nov\u00fd dodavatel IT syst\u00e9mu pro MPSV a v\u00fdplatu soci\u00e1ln\u00edch d\u00e1vek, prob\u00edh\u00e1 od sam\u00e9ho za\u010d\u00e1tku podle pl\u00e1nu. Samotn\u00e1 v\u00fdplata nepojistn\u00fdch soci\u00e1ln\u00edch d\u00e1vek a d\u00e1vek st\u00e1tn\u00ed politiky zam\u011bstnanosti v sou\u010dasn\u00e9 dob\u011b ani v bl\u00edzk\u00e9 budoucnosti nen\u00ed ohro\u017eena.<\/strong><br \/>\n<!--more--><br \/>\nTo jsou nejd\u016fle\u017eit\u011bj\u0161\u00ed sd\u011blen\u00ed, kter\u00e1 zazn\u011bla na \u010dtvrte\u010dn\u00edm soci\u00e1ln\u00edm v\u00fdboru Poslaneck\u00e9 sn\u011bmovny z \u00fast z\u00e1stupc\u016f ministerstva.<\/p>\n<p>MPSV p\u0159edpokl\u00e1d\u00e1, \u017ee podle dosavadn\u00edch v\u00fdsledk\u016f dojde k vyps\u00e1n\u00ed zad\u00e1vac\u00edch \u0159\u00edzen\u00ed na agendov\u00e9 syst\u00e9my na po\u010d\u00e1tku \u010dtvrt\u00e9ho kvart\u00e1lu 2014, vyd\u00e1n\u00ed p\u0159edb\u011b\u017en\u00fdch ozn\u00e1men\u00ed bude realizov\u00e1no na konci z\u00e1\u0159\u00ed 2014.<\/p>\n<p>\u201eJi\u017e od sv\u00e9ho n\u00e1stupu, po sezn\u00e1men\u00ed se stavem IT na ministerstvu, jsem uv\u00e1d\u011bla, \u017ee k realizaci zad\u00e1vac\u00edch \u0159\u00edzen\u00ed n\u00e1s \u010dek\u00e1 dlouh\u00e1 a n\u00e1ro\u010dn\u00e1 cesta. S ohledem na projektov\u00e9 a legislativn\u00ed lh\u016fty nem\u016f\u017ee b\u00fdt v\u0161e dokon\u010deno je\u0161t\u011b v tomto roce. Z tohoto d\u016fvodu p\u0159edpokl\u00e1d\u00e1 ministerstvo u agendov\u00fdch syst\u00e9m\u016f p\u0159echodn\u00e9 obdob\u00ed fungov\u00e1n\u00ed st\u00e1vaj\u00edc\u00edho syst\u00e9mu spole\u010dnosti OKsystem i v roce 2015 a 2016,\u201c uvedla ministryn\u011b pr\u00e1ce a soci\u00e1ln\u00edch v\u011bc\u00ed Michaela Marksov\u00e1.<\/p>\n<p>Ministerstvo pr\u00e1ce a soci\u00e1ln\u00edch v\u011bc\u00ed v sou\u010dasn\u00e9 dob\u011b p\u0159ipravuje p\u0159es dvacet zad\u00e1vac\u00edch \u0159\u00edzen\u00ed, kter\u00e1 maj\u00ed \u0159e\u0161it neut\u011b\u0161enou smluvn\u00ed situaci v IT oblasti. Nejv\u011bt\u0161\u00ed pozornost ministerstva je samoz\u0159ejm\u011b zam\u011b\u0159ena na p\u0159\u00edpravu zad\u00e1vac\u00edch \u0159\u00edzen\u00ed, kter\u00e1 maj\u00ed v budoucnu zajistit v\u00fdplatu nepojistn\u00fdch soci\u00e1ln\u00edch d\u00e1vek a d\u00e1vek st\u00e1tn\u00ed politiky zam\u011bstnanosti. MPSV d\u00e1le p\u0159ipravuje zad\u00e1vac\u00ed \u0159\u00edzen\u00ed nap\u0159\u00edklad na komunika\u010dn\u00ed infrastrukturu, dod\u00e1vku HW architektury, elektronickou spisovou slu\u017ebu apod.<\/p>\n<p>Ve spolupr\u00e1ci MPSV a \u00da\u0159adu pr\u00e1ce \u010cR v uplynul\u00fdch m\u011bs\u00edc\u00edch vznikaly podkladov\u00e9 materi\u00e1ly pro zad\u00e1vac\u00ed \u0159\u00edzen\u00ed pro agendov\u00e9 syst\u00e9my. V \u010dervenci a srpnu 2014 posoudily pracovn\u00ed skupiny p\u0159es 4 000 nov\u00fdch po\u017eadavk\u016f a vznikala technick\u00e1 dokumentace, kter\u00e1 m\u00e1 n\u011bkolik set stran. V sou\u010dasn\u00e9 dob\u011b pokra\u010duje \u010dinnost integra\u010dn\u00ed skupiny a postupuje se ve finalizaci zad\u00e1vac\u00edch podm\u00ednek a zpracov\u00e1n\u00ed zad\u00e1vac\u00edch dokumentac\u00ed.<\/p>\n<p>\u201eNa z\u00e1klad\u011b n\u011bkolika jedn\u00e1n\u00ed s \u0159editelem spole\u010dnosti OKsystem jsme za\u010dali p\u0159ipravovat prov\u00e1d\u011bc\u00ed smlouvy na rok 2015, kter\u00e9 zajist\u00ed plynul\u00e9 pokra\u010dov\u00e1n\u00ed v\u00fdplaty v\u0161ech d\u00e1vek. D\u00e1le p\u0159edpokl\u00e1d\u00e1me, \u017ee ve 4. \u010dtvrtlet\u00ed 2014 bude zah\u00e1jeno jednac\u00ed \u0159\u00edzen\u00ed bez uve\u0159ejn\u011bn\u00ed, jeho\u017e c\u00edlem je zejm\u00e9na uzav\u0159\u00edt smlouvu na zaji\u0161t\u011bn\u00ed sou\u010dinnosti, migraci dat a tak\u00e9 \u00fadr\u017eby, spr\u00e1vy a legislativn\u00edho v\u00fdvoje, kter\u00e9 by m\u011blo zajistit pokra\u010dov\u00e1n\u00ed v\u00fdplaty d\u00e1vek a\u017e do doby, kdy dojde k nasazen\u00ed nov\u00fdch \u010di staronov\u00fdch informa\u010dn\u00edch syst\u00e9m\u016f,\u201c doplnila n\u00e1m\u011bstkyn\u011b ministryn\u011b pro IT Iva Merhautov\u00e1.<\/p>\n<p>Sou\u010dasn\u00e1 p\u0159edpokl\u00e1dan\u00e1 hodnota ve\u0159ejn\u00fdch zak\u00e1zek na zaji\u0161t\u011bn\u00ed v\u00fdplaty nepojistn\u00fdch soci\u00e1ln\u00edch d\u00e1vek a d\u00e1vek st\u00e1tn\u00ed politiky zam\u011bstnanosti je ve v\u00fd\u0161i 1,8 mld. K\u010d, \u010d\u00e1stku na ja\u0159e vzala vl\u00e1da na v\u011bdom\u00ed. Vych\u00e1z\u00ed z pr\u016fm\u011brn\u00e9 v\u00fd\u0161e v\u00fddaj\u016f na provoz agendov\u00fdch syst\u00e9m\u016f hrazen\u00fdch v uplynul\u00fdch \u010dty\u0159ech letech.<\/p>\n<p>Petr Hab\u00e1\u0148<br \/>\ntiskov\u00fd mluv\u010d\u00ed MPSV<\/p>\n<p>ilustra\u010dn\u00ed foto: PhotoRack.net<\/p>\n","protected":false},"excerpt":{"rendered":"<div class=\"mh-excerpt\"><p>Proces p\u0159\u00edprav zak\u00e1zek, ze kter\u00fdch vzejde nov\u00fd dodavatel IT syst\u00e9mu pro MPSV a v\u00fdplatu soci\u00e1ln\u00edch d\u00e1vek, prob\u00edh\u00e1 od sam\u00e9ho za\u010d\u00e1tku podle pl\u00e1nu. Samotn\u00e1 v\u00fdplata nepojistn\u00fdch <a class=\"mh-excerpt-more\" href=\"https:\/\/www.invarena.cz\/?p=17594\" title=\"P\u0159\u00edprava na IT zak\u00e1zky MPSV prob\u00edh\u00e1 podle pl\u00e1nu, v\u00fdplata d\u00e1vek ohro\u017eena nebude\">[&#8230;]<\/a><\/p>\n<\/div>","protected":false},"author":1,"featured_media":17230,"comment_status":"open","ping_status":"closed","sticky":false,"template":"","format":"standard","meta":{"footnotes":""},"categories":[1,9],"tags":[],"class_list":["post-17594","post","type-post","status-publish","format-standard","has-post-thumbnail","hentry","category-nezarazene","category-zpravy"],"_links":{"self":[{"href":"https:\/\/www.invarena.cz\/index.php?rest_route=\/wp\/v2\/posts\/17594","targetHints":{"allow":["GET"]}}],"collection":[{"href":"https:\/\/www.invarena.cz\/index.php?rest_route=\/wp\/v2\/posts"}],"about":[{"href":"https:\/\/www.invarena.cz\/index.php?rest_route=\/wp\/v2\/types\/post"}],"author":[{"embeddable":true,"href":"https:\/\/www.invarena.cz\/index.php?rest_route=\/wp\/v2\/users\/1"}],"replies":[{"embeddable":true,"href":"https:\/\/www.invarena.cz\/index.php?rest_route=%2Fwp%2Fv2%2Fcomments&post=17594"}],"version-history":[{"count":0,"href":"https:\/\/www.invarena.cz\/index.php?rest_route=\/wp\/v2\/posts\/17594\/revisions"}],"wp:featuredmedia":[{"embeddable":true,"href":"https:\/\/www.invarena.cz\/index.php?rest_route=\/wp\/v2\/media\/17230"}],"wp:attachment":[{"href":"https:\/\/www.invarena.cz\/index.php?rest_route=%2Fwp%2Fv2%2Fmedia&parent=17594"}],"wp:term":[{"taxonomy":"category","embeddable":true,"href":"https:\/\/www.invarena.cz\/index.php?rest_route=%2Fwp%2Fv2%2Fcategories&post=17594"},{"taxonomy":"post_tag","embeddable":true,"href":"https:\/\/www.invarena.cz\/index.php?rest_route=%2Fwp%2Fv2%2Ftags&post=17594"}],"curies":[{"name":"wp","href":"https:\/\/api.w.org\/{rel}","templated":true}]}}