{"id":17633,"date":"2014-09-26T08:00:35","date_gmt":"2014-09-26T06:00:35","guid":{"rendered":"http:\/\/www.invarena.cz\/?p=17633"},"modified":"2014-09-26T08:00:35","modified_gmt":"2014-09-26T06:00:35","slug":"pro-seniory-v-brne-bude-fungovat-specialni-tisnova-linka","status":"publish","type":"post","link":"https:\/\/www.invarena.cz\/?p=17633","title":{"rendered":"Pro seniory v Brn\u011b bude fungovat speci\u00e1ln\u00ed t\u00eds\u0148ov\u00e1 linka"},"content":{"rendered":"<p><strong>Senior\u016fm v Brn\u011b za\u010dne v p\u0159\u00ed\u0161t\u00edm roce slou\u017eit speci\u00e1ln\u00ed t\u00eds\u0148ov\u00e1 linka provozovan\u00e1 m\u011bstem. Magistr\u00e1t ji z\u0159\u00edd\u00ed za v\u00edce ne\u017e deset milion\u016f korun, kter\u00e9 z \u010d\u00e1sti pokryje evropsk\u00e1 dotace. Na linku se budou moct senio\u0159i obr\u00e1tit v p\u0159\u00edpad\u011b zdravotn\u00edch pot\u00ed\u017e\u00ed&#8230;<\/strong><!--more--><\/p>\n<p>Na linku se budou moct senio\u0159i obr\u00e1tit v p\u0159\u00edpad\u011b zdravotn\u00edch pot\u00ed\u017e\u00ed, ale tak\u00e9 p\u0159i dotazech z r\u016fzn\u00fdch oblast\u00ed, \u0159ekl vedouc\u00ed brn\u011bnsk\u00e9ho Domova pro seniory Vychodilova Petr N\u011bmec. Pr\u00e1v\u011b v tomto domov\u011b vznikne dispe\u010dink s odborn\u00fdm person\u00e1lem, kter\u00fd klient v p\u0159\u00edpad\u011b pot\u0159eby zalarmuje stisknut\u00edm nouzov\u00e9ho tla\u010d\u00edtka ve sv\u00e9m byt\u011b. Soci\u00e1ln\u00ed slu\u017eba po\u010d\u00edt\u00e1 se zhruba 500 u\u017eivateli za m\u011bs\u00ed\u010dn\u00ed poplatek 500 korun.<\/p>\n<p>&#8222;C\u00edlem je sn\u00ed\u017eit zdravotn\u00ed a bezpe\u010dnostn\u00ed rizika u star\u0161\u00edch lid\u00ed v p\u0159\u00edpad\u011b mimo\u0159\u00e1dn\u00fdch situac\u00ed, kter\u00e9 bude vyhodnocovat slu\u017eba na dispe\u010dinku,&#8220; informoval mluv\u010d\u00ed brn\u011bnsk\u00e9ho magistr\u00e1tu Pavel \u017d\u00e1ra. Podle n\u011bj je slu\u017eba ur\u010den\u00e1 p\u0159edev\u0161\u00edm pro star\u0161\u00ed klienty se zdravotn\u00edmi probl\u00e9my nebo pro takov\u00e9, kte\u0159\u00ed jsou sami.<\/p>\n<p>Linka bude fungovat jako profesion\u00e1ln\u00ed asisten\u010dn\u00ed slu\u017eba 24 hodin denn\u011b, sedm dn\u016f v t\u00fddnu. &#8222;Nebude to klasick\u00e1 v\u0161eobecn\u011b dostupn\u00e1 telefonn\u00ed linka pro v\u0161echny ob\u010dany, ale uzav\u0159en\u00fd syst\u00e9m s p\u0159edpokl\u00e1dan\u00fdmi 500 u\u017eivateli,&#8220; vysv\u011btlil N\u011bmec. Doplnil, \u017ee klienti budou m\u00edt koncov\u00e9 tla\u010d\u00edtko, jeho\u017e zma\u010dknut\u00edm upozorn\u00ed dispe\u010dera, \u017ee n\u011bco pot\u0159ebuj\u00ed.<\/p>\n<p>&#8222;Dispe\u010der se s u\u017eivatelem spoj\u00ed a vyslechne si, co pot\u0159ebuje. V p\u0159\u00edpad\u011b zdravotn\u00edch komplikac\u00ed nebo nespojen\u00ed zalarmuje z\u00e1chrannou slu\u017ebu, v ostatn\u00edch p\u0159\u00edpadech nap\u0159\u00edklad rodinu, hasi\u010de, plyna\u0159e a jin\u00e9 organizace nebo seniorovi odpov\u00ed na dotaz a porad\u00ed mu. Je to komplexn\u00ed slu\u017eba, kter\u00e1 m\u00e1 star\u0161\u00edm lidem pomoct jak p\u0159i obt\u00ed\u017e\u00edch, tak p\u0159i neznalosti,&#8220; doplnil N\u011bmec.<\/p>\n<p>Dispe\u010dink linky vznikne stavebn\u00edmi \u00fapravami za dva miliony korun v \u0161est\u00e9m pat\u0159e Domova pro seniory Vychodilova. T\u00e9m\u011b\u0159 dev\u011bt milion\u016f bude st\u00e1t pot\u0159ebn\u00e1 technologie v\u010detn\u011b rozvod\u016f datov\u00fdch kabel\u016f a digitalizac\u00ed. Spolu s Brnem pokryje \u010d\u00e1st dotace z Region\u00e1ln\u00edho opera\u010dn\u00edho programu Jihov\u00fdchod. &#8222;V\u00fdhledov\u011b je mo\u017en\u00e9, aby se do syst\u00e9mu zapojily i jin\u00e9 obce v Jihomoravsk\u00e9m kraji,&#8220; uzav\u0159el N\u011bmec.<\/p>\n<p>ilustra\u010dn\u00ed foto: photoXpress<\/p>\n","protected":false},"excerpt":{"rendered":"<div class=\"mh-excerpt\"><p>Senior\u016fm v Brn\u011b za\u010dne v p\u0159\u00ed\u0161t\u00edm roce slou\u017eit speci\u00e1ln\u00ed t\u00eds\u0148ov\u00e1 linka provozovan\u00e1 m\u011bstem. Magistr\u00e1t ji z\u0159\u00edd\u00ed za v\u00edce ne\u017e deset milion\u016f korun, kter\u00e9 z \u010d\u00e1sti <a class=\"mh-excerpt-more\" href=\"https:\/\/www.invarena.cz\/?p=17633\" title=\"Pro seniory v Brn\u011b bude fungovat speci\u00e1ln\u00ed t\u00eds\u0148ov\u00e1 linka\">[&#8230;]<\/a><\/p>\n<\/div>","protected":false},"author":1,"featured_media":15769,"comment_status":"open","ping_status":"closed","sticky":false,"template":"","format":"standard","meta":{"footnotes":""},"categories":[7],"tags":[],"class_list":["post-17633","post","type-post","status-publish","format-standard","has-post-thumbnail","hentry","category-spolecnost"],"_links":{"self":[{"href":"https:\/\/www.invarena.cz\/index.php?rest_route=\/wp\/v2\/posts\/17633","targetHints":{"allow":["GET"]}}],"collection":[{"href":"https:\/\/www.invarena.cz\/index.php?rest_route=\/wp\/v2\/posts"}],"about":[{"href":"https:\/\/www.invarena.cz\/index.php?rest_route=\/wp\/v2\/types\/post"}],"author":[{"embeddable":true,"href":"https:\/\/www.invarena.cz\/index.php?rest_route=\/wp\/v2\/users\/1"}],"replies":[{"embeddable":true,"href":"https:\/\/www.invarena.cz\/index.php?rest_route=%2Fwp%2Fv2%2Fcomments&post=17633"}],"version-history":[{"count":0,"href":"https:\/\/www.invarena.cz\/index.php?rest_route=\/wp\/v2\/posts\/17633\/revisions"}],"wp:featuredmedia":[{"embeddable":true,"href":"https:\/\/www.invarena.cz\/index.php?rest_route=\/wp\/v2\/media\/15769"}],"wp:attachment":[{"href":"https:\/\/www.invarena.cz\/index.php?rest_route=%2Fwp%2Fv2%2Fmedia&parent=17633"}],"wp:term":[{"taxonomy":"category","embeddable":true,"href":"https:\/\/www.invarena.cz\/index.php?rest_route=%2Fwp%2Fv2%2Fcategories&post=17633"},{"taxonomy":"post_tag","embeddable":true,"href":"https:\/\/www.invarena.cz\/index.php?rest_route=%2Fwp%2Fv2%2Ftags&post=17633"}],"curies":[{"name":"wp","href":"https:\/\/api.w.org\/{rel}","templated":true}]}}