{"id":17643,"date":"2014-09-26T17:26:16","date_gmt":"2014-09-26T15:26:16","guid":{"rendered":"http:\/\/www.invarena.cz\/?p=17643"},"modified":"2014-09-26T17:26:16","modified_gmt":"2014-09-26T15:26:16","slug":"lazne-budou-opet-na-ctyri-tydny","status":"publish","type":"post","link":"https:\/\/www.invarena.cz\/?p=17643","title":{"rendered":"L\u00e1zn\u011b budou op\u011bt na \u010dty\u0159i t\u00fddny"},"content":{"rendered":"<p><strong>Sn\u011bmovna dnes podpo\u0159ila prodlou\u017een\u00ed hrazen\u00fdch l\u00e1ze\u0148sk\u00fdch pobyt\u016f. Pacienti po z\u00e1va\u017en\u00e9 operaci, \u00farazu nebo s t\u011b\u017ekou chronickou nemoc\u00ed by mohli jezdit do l\u00e1zn\u00ed na \u00fa\u010det zdravotn\u00ed poji\u0161\u0165ovny nejm\u00e9n\u011b na \u010dty\u0159i t\u00fddny m\u00edsto nyn\u011bj\u0161\u00edch t\u0159\u00ed.<\/strong> <!--more--><\/p>\n<p>Opozi\u010dn\u00ed TOP 09 a ODS vetovaly \u017e\u00e1dost vl\u00e1dy, aby poslanci rozhodli o novele z\u00e1kona o ve\u0159ejn\u00e9m zdravotn\u00edm poji\u0161t\u011bn\u00edm zrychlen\u011b u\u017e v \u00favodn\u00edm kole. M\u00ed\u0159\u00ed do zdravotnick\u00e9ho v\u00fdboru.<\/p>\n<p>D\u011bti by m\u011bly jezdit podle p\u0159edlohy do l\u00e1zn\u00ed v\u017edy alespo\u0148 na \u010dty\u0159i t\u00fddny. Pobyt, i opakovan\u00fd, by se jim prodlou\u017eil jen na z\u00e1klad\u011b posouzen\u00ed zdravotn\u00edho stavu.<\/p>\n<p>L\u00e1ze\u0148stv\u00ed dost\u00e1valo v p\u0159edchoz\u00edch letech ze zdravotn\u00edho poji\u0161t\u011bn\u00ed ro\u010dn\u011b t\u00e9m\u011b\u0159 t\u0159i miliardy korun, v\u00fddaje postupn\u011b klesly a\u017e ke dv\u011bma miliard\u00e1m s t\u00edm, jak pobyt\u016f ub\u00fdvalo. Zm\u011bna mu m\u00e1 vr\u00e1tit p\u016flmiliardu korun ro\u010dn\u011b, o kterou p\u0159i\u0161lo omezuj\u00edc\u00ed vyhl\u00e1\u0161kou z roku 2012. \u00dastavn\u00ed soud p\u0159edpis zru\u0161il, nechal ho platn\u00fd jen do konce leto\u0161n\u00edho roku.<\/p>\n<p>&#8222;N\u00e1vrh z\u00e1kona je na \u00farovni nejlep\u0161\u00edho mo\u017en\u00e9ho \u0159e\u0161en\u00ed,&#8220; uvedla zpravodajka So\u0148a Markov\u00e1 (KS\u010cM). \u0160\u00e9f zdravotnick\u00e9ho v\u00fdboru Rostislav Vyzula (ANO) soud\u00ed, \u017ee p\u0159edloha by mohla b\u00fdt schv\u00e1lena tak, aby pacienti nebyli po\u0161kozeni.<\/p>\n<p>Pobyt na 28 dn\u00ed a v\u00edce by m\u011bly poji\u0161\u0165ovny podle d\u0159\u00edv\u011bj\u0161\u00edch informac\u00ed hradit dosp\u011bl\u00fdm s vybran\u00fdmi nemocemi ob\u011bhov\u00e9ho, d\u00fdchac\u00edho a pohybov\u00e9ho \u00fastroj\u00ed, du\u0161evn\u00edmi poruchami a ko\u017en\u00edmi \u010di gynekologick\u00fdmi nemocemi. N\u011bkter\u00e1 onemocn\u011bn\u00ed, kde si dosud musej\u00ed pacienti hradit pobyt a stravu, budou p\u0159e\u0159azena do komplexn\u00ed p\u00e9\u010de a poji\u0161\u0165ovny uhrad\u00ed v\u0161e.<\/p>\n<p>P\u0159i t\u011b\u017ek\u00fdch z\u00e1va\u017en\u00fdch nemocech by l\u00e9\u010dba na n\u00e1vrh l\u00e9ka\u0159e l\u00e1zn\u00ed a po schv\u00e1len\u00ed revizn\u00edm l\u00e9ka\u0159em zdravotn\u00ed poji\u0161\u0165ovny trvala po dobu nutnou k vyl\u00e9\u010den\u00ed, nebylo by u\u017e \u010dasov\u00e9 omezen\u00ed. T\u00fdk\u00e1 se to dosp\u011bl\u00fdch i d\u011bt\u00ed. Zm\u011bnit se maj\u00ed i n\u011bkter\u00e1 krit\u00e9ria pro poskytov\u00e1n\u00ed p\u00e9\u010de, pacienti ohro\u017een\u00ed nemoc\u00ed z povol\u00e1n\u00ed se dostanou do l\u00e1zn\u00ed d\u0159\u00edve, co\u017e by m\u011blo p\u0159isp\u011bt k tomu, \u017ee si d\u00e9le udr\u017e\u00ed dobr\u00e9 zdrav\u00ed.<\/p>\n<p>Zp\u0159esnit se maj\u00ed n\u011bkter\u00e1 ustanoven\u00ed tak, aby nebylo pochyb o n\u00e1roc\u00edch pacienta. Nap\u0159\u00edklad frekvence pobyt\u016f pacient\u016f s astmatem se uprav\u00ed tak, aby doba l\u00e9\u010den\u00ed nezasahovala do pylov\u00e9 sez\u00f3ny, kdy pro \u0159adu z nich je pobyt v l\u00e1zn\u00edch nevhodn\u00fd.<\/p>\n","protected":false},"excerpt":{"rendered":"<div class=\"mh-excerpt\"><p>Sn\u011bmovna dnes podpo\u0159ila prodlou\u017een\u00ed hrazen\u00fdch l\u00e1ze\u0148sk\u00fdch pobyt\u016f. Pacienti po z\u00e1va\u017en\u00e9 operaci, \u00farazu nebo s t\u011b\u017ekou chronickou nemoc\u00ed by mohli jezdit do l\u00e1zn\u00ed na \u00fa\u010det zdravotn\u00ed <a class=\"mh-excerpt-more\" href=\"https:\/\/www.invarena.cz\/?p=17643\" title=\"L\u00e1zn\u011b budou op\u011bt na \u010dty\u0159i t\u00fddny\">[&#8230;]<\/a><\/p>\n<\/div>","protected":false},"author":1,"featured_media":4375,"comment_status":"open","ping_status":"closed","sticky":false,"template":"","format":"standard","meta":{"footnotes":""},"categories":[6],"tags":[],"class_list":["post-17643","post","type-post","status-publish","format-standard","has-post-thumbnail","hentry","category-politika"],"_links":{"self":[{"href":"https:\/\/www.invarena.cz\/index.php?rest_route=\/wp\/v2\/posts\/17643","targetHints":{"allow":["GET"]}}],"collection":[{"href":"https:\/\/www.invarena.cz\/index.php?rest_route=\/wp\/v2\/posts"}],"about":[{"href":"https:\/\/www.invarena.cz\/index.php?rest_route=\/wp\/v2\/types\/post"}],"author":[{"embeddable":true,"href":"https:\/\/www.invarena.cz\/index.php?rest_route=\/wp\/v2\/users\/1"}],"replies":[{"embeddable":true,"href":"https:\/\/www.invarena.cz\/index.php?rest_route=%2Fwp%2Fv2%2Fcomments&post=17643"}],"version-history":[{"count":0,"href":"https:\/\/www.invarena.cz\/index.php?rest_route=\/wp\/v2\/posts\/17643\/revisions"}],"wp:featuredmedia":[{"embeddable":true,"href":"https:\/\/www.invarena.cz\/index.php?rest_route=\/wp\/v2\/media\/4375"}],"wp:attachment":[{"href":"https:\/\/www.invarena.cz\/index.php?rest_route=%2Fwp%2Fv2%2Fmedia&parent=17643"}],"wp:term":[{"taxonomy":"category","embeddable":true,"href":"https:\/\/www.invarena.cz\/index.php?rest_route=%2Fwp%2Fv2%2Fcategories&post=17643"},{"taxonomy":"post_tag","embeddable":true,"href":"https:\/\/www.invarena.cz\/index.php?rest_route=%2Fwp%2Fv2%2Ftags&post=17643"}],"curies":[{"name":"wp","href":"https:\/\/api.w.org\/{rel}","templated":true}]}}