{"id":17652,"date":"2014-09-30T08:23:16","date_gmt":"2014-09-30T06:23:16","guid":{"rendered":"http:\/\/www.invarena.cz\/?p=17652"},"modified":"2014-09-30T08:23:16","modified_gmt":"2014-09-30T06:23:16","slug":"snadna-vymena-prukazu-ozp-smeteno-ze-stolu","status":"publish","type":"post","link":"https:\/\/www.invarena.cz\/?p=17652","title":{"rendered":"Snadn\u00e1 v\u00fdm\u011bna pr\u016fkaz\u016f OZP? Smeteno ze stolu"},"content":{"rendered":"<p><strong>Minul\u00fd t\u00fdden jsme v\u00e1s informovali o zp\u016fsobu, jak pl\u00e1nuje MPSV vym\u011bnit stovky tis\u00edc pr\u016fkaz\u016f OZP do konce roku 2015. Pravicov\u00e9 strany to ale smetly ze stolu.<\/strong><br \/>\n<!--more--><br \/>\nZe strany MPSV byla zm\u011bna z\u00e1kona, kter\u00e1 by dovolila v\u00fdm\u011bnu pr\u016fkaz\u016f OZP bez l\u00e9ka\u0159sk\u00e9ho posouzen\u00ed, uv\u00e1d\u011bna jako banalita a jako n\u011bco, s \u010d\u00edm se jednodu\u0161e po\u010d\u00edt\u00e1. I z toho d\u016fvodu \u00da\u0159ad pr\u00e1ce \u010cR do sou\u010dasn\u00e9 doby vym\u011b\u0148oval pr\u016fkazy pouze t\u011bm lidem, kter\u00fdm kon\u010dila platnost d\u0159\u00edve ne\u017e 31. 12. 2015, s t\u00edm \u017ee od prvn\u00edho ledna bude mo\u017eno v\u0161em ostatn\u00edm vym\u011bnit pr\u016fkazy jednodu\u0161e. Poslanci za ODS a Top 09 ale zm\u011bnu z\u00e1kona vetovali.<\/p>\n<p>&#8222;Nech\u00e1pu, pro\u010d bylo schv\u00e1len\u00ed prvn\u00edho \u010dten\u00ed vetov\u00e1no je\u0161t\u011b p\u0159edt\u00edm, ne\u017e jsem vystoupila s \u00favodn\u00edm slovem a situaci vysv\u011btlila. Poslanci TOP 09 a ODS z\u0159ejm\u011b souhlas\u00ed s pokra\u010dov\u00e1n\u00edm asoci\u00e1ln\u00ed politiky pana Dr\u00e1bka,&#8220; \u0159ekla ministryn\u011b pr\u00e1ce a soci\u00e1ln\u00edch v\u011bc\u00ed Michaela Marksov\u00e1.<br \/>\nJe ot\u00e1zkou, pro koho je to v\u011bt\u0161\u00ed komplikac\u00ed. Zda pro posti\u017een\u00e9, nebo pro MPSV.<\/p>\n<p>Pokud by toti\u017e \u00da\u0159ad pr\u00e1ce m\u011bl b\u011bhem p\u0159\u00ed\u0161t\u00edho roku vydat a\u017e 300 00 nov\u00fdch pr\u016fkaz\u016f postupem, kter\u00fdm je vyd\u00e1v\u00e1 do dnes, tedy muselo by b\u00fdt s ka\u017ed\u00fdm dr\u017eitelem zah\u00e1jeno spr\u00e1vn\u00ed \u0159\u00edzen\u00ed a p\u0159edev\u0161\u00edm l\u00e9ka\u0159sk\u00e9 posouzen\u00ed, je velice nepravd\u011bpodobn\u00e9, \u017ee by na to kapacity L\u00e9ka\u0159sk\u00e9 posudkov\u00e9 slu\u017eby mohly sta\u010dit. Nemluv\u011b o tom, \u017ee by se automaticky muselo prodlou\u017eit \u010dek\u00e1n\u00ed na schv\u00e1len\u00ed ostatn\u00edch p\u0159\u00edsp\u011bvk\u016f jak\u00fdmi nap\u0159\u00edklad jsou p\u0159\u00edsp\u011bvek na p\u00e9\u010di, \u010di invalidn\u00ed d\u016fchod.<br \/>\nV koncov\u00e9m d\u016fsledku rozhodnut\u00ed pravicov\u00fdch poslanc\u016f m\u016f\u017ee znamenat, \u017ee spousta posti\u017een\u00fdch nebude m\u00edt na za\u010d\u00e1tku roku 2016 platn\u00fd pr\u016fkaz OZP, kter\u00fd je pro v\u011bt\u0161inu z nich z\u00e1sadn\u00ed.<\/p>\n<p>&#8222;Poslankyn\u011b a poslanci si tak vetov\u00e1n\u00edm schvalov\u00e1n\u00ed tohoto z\u00e1kona berou v p\u0159edvolebn\u00edm honu na voli\u010de za rukojm\u00ed ty nejzraniteln\u011bj\u0161\u00ed, lidi se zdravotn\u00edm posti\u017een\u00edm a jejich rodiny. A vn\u00e1\u0161\u00ed politika\u0159en\u00ed i do oblast\u00ed, kam nepat\u0159\u00ed. Nejv\u00edce na to bohu\u017eel doplat\u00ed zdravotn\u011b posti\u017een\u00ed lid\u00e9,&#8220; uvedl v tiskov\u00e9 zpr\u00e1v\u011b MPSV mluv\u010d\u00ed Petr Hab\u00e1\u0148.<\/p>\n<p>O dal\u0161\u00edm v\u00fdvoji okolo v\u00fdm\u011bny pr\u016fkaz\u016f OZP v\u00e1s budeme informovat ihned, co nastanou n\u011bjak\u00e9 dal\u0161\u00ed zm\u011bny. V\u011b\u0159me, \u017ee k lep\u0161\u00edmu pro v\u0161echny posti\u017een\u00e9.<\/p>\n<p>Ji\u0159\u00ed Marek<br \/>\ninvArena<\/p>\n","protected":false},"excerpt":{"rendered":"<div class=\"mh-excerpt\"><p>Minul\u00fd t\u00fdden jsme v\u00e1s informovali o zp\u016fsobu, jak pl\u00e1nuje MPSV vym\u011bnit stovky tis\u00edc pr\u016fkaz\u016f OZP do konce roku 2015. Pravicov\u00e9 strany to ale smetly ze <a class=\"mh-excerpt-more\" href=\"https:\/\/www.invarena.cz\/?p=17652\" title=\"Snadn\u00e1 v\u00fdm\u011bna pr\u016fkaz\u016f OZP? Smeteno ze stolu\">[&#8230;]<\/a><\/p>\n<\/div>","protected":false},"author":3,"featured_media":13767,"comment_status":"open","ping_status":"closed","sticky":false,"template":"","format":"standard","meta":{"footnotes":""},"categories":[6,9],"tags":[],"class_list":["post-17652","post","type-post","status-publish","format-standard","has-post-thumbnail","hentry","category-politika","category-zpravy"],"_links":{"self":[{"href":"https:\/\/www.invarena.cz\/index.php?rest_route=\/wp\/v2\/posts\/17652","targetHints":{"allow":["GET"]}}],"collection":[{"href":"https:\/\/www.invarena.cz\/index.php?rest_route=\/wp\/v2\/posts"}],"about":[{"href":"https:\/\/www.invarena.cz\/index.php?rest_route=\/wp\/v2\/types\/post"}],"author":[{"embeddable":true,"href":"https:\/\/www.invarena.cz\/index.php?rest_route=\/wp\/v2\/users\/3"}],"replies":[{"embeddable":true,"href":"https:\/\/www.invarena.cz\/index.php?rest_route=%2Fwp%2Fv2%2Fcomments&post=17652"}],"version-history":[{"count":0,"href":"https:\/\/www.invarena.cz\/index.php?rest_route=\/wp\/v2\/posts\/17652\/revisions"}],"wp:featuredmedia":[{"embeddable":true,"href":"https:\/\/www.invarena.cz\/index.php?rest_route=\/wp\/v2\/media\/13767"}],"wp:attachment":[{"href":"https:\/\/www.invarena.cz\/index.php?rest_route=%2Fwp%2Fv2%2Fmedia&parent=17652"}],"wp:term":[{"taxonomy":"category","embeddable":true,"href":"https:\/\/www.invarena.cz\/index.php?rest_route=%2Fwp%2Fv2%2Fcategories&post=17652"},{"taxonomy":"post_tag","embeddable":true,"href":"https:\/\/www.invarena.cz\/index.php?rest_route=%2Fwp%2Fv2%2Ftags&post=17652"}],"curies":[{"name":"wp","href":"https:\/\/api.w.org\/{rel}","templated":true}]}}