{"id":17661,"date":"2014-09-29T23:58:06","date_gmt":"2014-09-29T21:58:06","guid":{"rendered":"http:\/\/www.invarena.cz\/?p=17661"},"modified":"2014-09-29T23:58:06","modified_gmt":"2014-09-29T21:58:06","slug":"jsem-pacifistka-nenavidim-vse-co-je-spojeno-se-zabijenim-nevinnych-lidi-pro-penize-bohatstvi-nabozenstvi","status":"publish","type":"post","link":"https:\/\/www.invarena.cz\/?p=17661","title":{"rendered":"Jsem pacifistka, nen\u00e1vid\u00edm v\u0161e, co je spojeno se zab\u00edjen\u00edm nevinn\u00fdch lid\u00ed pro pen\u00edze, bohatstv\u00ed, n\u00e1bo\u017eenstv\u00ed"},"content":{"rendered":"<p><strong>Rozhovor se zastupitelkou m\u011bsta Sob\u011bslavi a kandid\u00e1tkou KS\u010cM do zdej\u0161\u00edho zastupitelstva R\u016f\u017eenou Domovou <\/strong><!--more--><\/p>\n<p>&#8211; Sob\u011bslav je kr\u00e1sn\u00e9 m\u011bsto. Mysl\u00edte, \u017ee by ho bylo mo\u017en\u00e9 je\u0161t\u011b v\u00edc zkr\u00e1\u0161lit?<\/p>\n<p>Moje rodina nepoch\u00e1z\u00ed ze Sob\u011bslavi. Do Sob\u011bslavi jsme p\u0159i\u0161li s man\u017eelem p\u0159ed 41 lety za zam\u011bstn\u00e1n\u00edm. U\u017e tehdy bylo toto m\u011bsto velmi zaj\u00edmav\u00e9 nejen svou histori\u00ed, ale tak\u00e9 p\u0159ekr\u00e1sn\u00fdm okol\u00edm. M\u011bsto se postupn\u011b rozr\u016fstalo, m\u011bn\u00ed svou tv\u00e1\u0159 t\u00e9m\u011b\u0159 ka\u017edodenn\u011b. Bylo by dob\u0159e, kdyby to bylo v\u017edy k lep\u0161\u00edmu. Uvedu p\u0159\u00edklad: V sou\u010dasn\u00e9 dob\u011b toti\u017e za\u010d\u00edn\u00e1 rekonstrukce n\u00e1m\u011bst\u00ed v Sob\u011bslavi a j\u00e1 nejsem p\u0159esv\u011bd\u010dena o tom, jako\u017e i spousta m\u00fdch spoluob\u010dan\u016f, \u017ee to bude k lep\u0161\u00edmu. Ne\u017e se radnice k tomuto kroku rozhodla, i kdy\u017e okolo tohoto t\u00e9matu byla vedena velk\u00e1 diskuse s ob\u010dany, m\u011blo b\u00fdt asi vyps\u00e1no m\u00edstn\u00ed referendum. Vylep\u0161ovat prost\u0159ed\u00ed pro n\u00e1s pro v\u0161echny by m\u011blo pat\u0159it ke ka\u017edodenn\u00edmu \u017eivotu. T\u0159eba kdyby majitel\u00e9 p\u0159i ven\u010den\u00ed sv\u00fdch \u010dty\u0159noh\u00fdch mil\u00e1\u010dk\u016f byli d\u016fsledn\u011bj\u0161\u00ed p\u0159i \u00faklidu, ur\u010dit\u011b by bylo m\u011bsto o trochu kr\u00e1sn\u011bj\u0161\u00ed.<\/p>\n<p>&#8211; Jak by k tomu cht\u011bli p\u0159isp\u011bt komunist\u00e9 zvolen\u00ed do zastupitelstva?<\/p>\n<p>V\u0161echno se prom\u00edt\u00e1 v na\u0161em volebn\u00edm programu, kter\u00fd sestavili spole\u010dn\u011b v\u0161ichni kandid\u00e1ti. A\u0165 jsou to opravy a budov\u00e1n\u00ed nov\u00fdch komunikac\u00ed, chodn\u00edk\u016f s n\u00e1jezdy pro <span class=\"highlight\">voz\u00ed\u010dk\u00e1\u0159e<\/span>, budov\u00e1n\u00ed nov\u00fdch m\u00edst v p\u0159ed\u0161koln\u00edch za\u0159\u00edzen\u00edch nebo v Senior-dom\u011b, dal\u0161\u00ed protipovod\u0148ov\u00e1 opat\u0159en\u00ed, zlep\u0161en\u00ed dopravn\u00ed situace ve m\u011bst\u011b atd. Ur\u010dit\u011b podpo\u0159\u00edme i v\u0161echny n\u00e1vrhy, kter\u00e9 budou ke spln\u011bn\u00ed t\u011bchto \u00fakol\u016f sm\u011b\u0159ovat.<\/p>\n<p>&#8211; Na co, podle v\u00e1s, se ve m\u011bst\u011b Sob\u011bslav minul\u00e9 obdob\u00ed zapomn\u011blo? A co tedy by m\u011blo b\u00fdt tou nejv\u011bt\u0161\u00ed prioritou?<\/p>\n<p>V Sob\u011bslavi p\u0159estaly v minul\u00fdch 25 letech existovat velk\u00e9 z\u00e1vody, jako byla Jitona, Lada \u2013 pozd\u011bji Elitex, Otavan, Jiho\u010desk\u00e9 d\u0159eva\u0159sk\u00e9 z\u00e1vody aj. O pr\u00e1ci p\u0159i\u0161la spousta lid\u00ed. Ka\u017ed\u00fd nem\u00e1 ten dar nebo odvahu za\u010d\u00edt podnikat s\u00e1m. Proto si mysl\u00edm, a je to v podstat\u011b moj\u00ed nejv\u011bt\u0161\u00ed prioritou, \u017ee je nutn\u00e9 sna\u017eit se vyhledat a vyu\u017e\u00edt nab\u00eddky z fond\u016f Evropsk\u00e9 unie k vytvo\u0159en\u00ed nov\u00fdch pracovn\u00edch m\u00edst. Kdy\u017e budou lid\u00e9 pracovat v m\u00edst\u011b bydli\u0161t\u011b, nebudou ztr\u00e1cet \u010das doj\u00ed\u017ed\u011bn\u00edm a budou se moci v\u011bnovat v\u00edce sv\u00fdm d\u011btem, rodin\u011b, rodi\u010d\u016fm, zlep\u0161\u00ed se snad i mezilidsk\u00e9 vztahy, kter\u00e9 jsou podle m\u00e9ho n\u00e1zoru v dne\u0161n\u00ed dob\u011b na velmi \u0161patn\u00e9 \u00farovni. Ka\u017ed\u00fd n\u011bkam sp\u011bch\u00e1\u2026<\/p>\n<p>&#8211; Jste opti\u010dka. Zept\u00e1m se na v\u00e1\u0161 obor. Jak\u00fd je podle v\u00e1s rozd\u00edl, pokud jde o o\u010dn\u00ed optiku a v\u016fbec \u00bbo\u010dn\u00ed zdrav\u00ed\u00ab, mezi p\u00e9\u010d\u00ed dnes a v minulosti?<\/p>\n<p>V oboru pracuji v\u00edce ne\u017e 40 let. M\u00e1m to \u0161t\u011bst\u00ed, \u017ee st\u00e1le mohu d\u011blat pr\u00e1ci, kter\u00e1 m\u011b bav\u00ed a je m\u00fdm kon\u00ed\u010dkem. Za ta l\u00e9ta se samoz\u0159ejm\u011b zm\u011bnila spousta v\u011bc\u00ed, obor zaznamenal velk\u00fd pokrok. Nov\u00e9 technologie p\u0159i v\u00fdrob\u011b korek\u010dn\u00edch skel, obrub i ostatn\u00edch korek\u010dn\u00edch pom\u016fcek umo\u017e\u0148uj\u00ed nositel\u016fm br\u00fdl\u00ed plnohodnotn\u00e9 zapojen\u00ed do ka\u017edodenn\u00ed pr\u00e1ce jak z hlediska kvality vid\u011bn\u00ed, tak i z m\u00f3dn\u00edho hlediska. M\u016f\u017eeme sv\u00fdm z\u00e1kazn\u00edk\u016fm nab\u00eddnout \u0161irok\u00fd sortiment br\u00fdlov\u00fdch \u010do\u010dek, kontaktn\u00edch \u010do\u010dek i obrub v\u0161ech sv\u011btov\u00fdch zna\u010dek.<\/p>\n<p>&#8211; S jak\u00fdmi probl\u00e9my se ve va\u0161em oboru nyn\u00ed nejv\u00edce setk\u00e1v\u00e1te?<\/p>\n<p>Zrak je nejcenn\u011bj\u0161\u00ed lidsk\u00fd smysl. Lid\u00e9 si to uv\u011bdom\u00ed, a\u017e kdy\u017e zjist\u00ed, \u017ee za\u010d\u00ednaj\u00ed h\u016f\u0159e vid\u011bt. Mus\u00edm \u0159\u00edci, \u017ee nejv\u011bt\u0161\u00edm probl\u00e9mem v na\u0161em oboru je naprosto nedostate\u010dn\u00e1 informovanost. Nap\u0159\u00edklad ka\u017ed\u00fd \u010dlov\u011bk v\u00ed, jak si m\u00e1 chr\u00e1nit poko\u017eku p\u0159ed nebezpe\u010dn\u00fdm UV z\u00e1\u0159en\u00edm, a je ochoten investovat finan\u010dn\u00ed prost\u0159edky do kvalitn\u00edch kr\u00e9m\u016f. Ale br\u00fdle proti slunci si koup\u00ed na tr\u017enici. To sam\u00e9 je i s br\u00fdlemi do d\u00e1lky, na bl\u00edzko, na po\u010d\u00edta\u010d. Ochrana o\u010d\u00ed p\u0159ed z\u00e1\u0159en\u00edm z obrazovek po\u010d\u00edta\u010d\u016f i pod um\u011bl\u00fdm osv\u011btlen\u00edm je zejm\u00e9na u d\u011bt\u00ed velice d\u016fle\u017eit\u00e1. Velmi m\u00e1lo lid\u00ed v\u00ed o tom, \u017ee na vy\u0161et\u0159en\u00ed pro br\u00fdle m\u016f\u017ee zaj\u00edt z\u00e1kazn\u00edk do optiky, kde ho diplomovan\u00fd optik-optometrista vy\u0161et\u0159\u00ed a doporu\u010d\u00ed vhodnou korek\u010dn\u00ed pom\u016fcku tak, jak je to b\u011b\u017en\u00e9 v N\u011bmecku, Rakousku a jinde ve sv\u011bt\u011b. Dal\u0161\u00edm probl\u00e9mem je, \u017ee ne v\u017edy obsluhuje z\u00e1kazn\u00edky v optice o\u010dn\u00ed optik-optometrista. Z\u00e1kazn\u00edk by m\u011bl v\u011bd\u011bt, kdo pe\u010duje o jeho zdrav\u00ed. Ur\u010dit\u011b by nenakupoval v l\u00e9k\u00e1rn\u011b, kdyby za t\u00e1rou nest\u00e1l magistr nebo jin\u00fd odborn\u00fd laborant. Nyn\u00ed sice ve\u0161el v platnost nov\u00fd z\u00e1kon o nest\u00e1tn\u00edch zdravotnick\u00fdch za\u0159\u00edzen\u00edch (NZZ) a pracovn\u00edc\u00edch v optik\u00e1ch. Ji\u017e dnes ale v\u00edme, \u017ee existuj\u00ed provozovny, kter\u00e9 \u2013 a\u010d inzeruj\u00ed, \u017ee toto v\u0161e spl\u0148uj\u00ed, vlastn\u011b nejsou do registru NZZ p\u0159ihl\u00e1\u0161eny, a tud\u00ed\u017e je nem\u016f\u017ee nikdo z hlediska dodr\u017eov\u00e1n\u00ed z\u00e1kon\u016f kontrolovat.<\/p>\n<p>&#8211; A jak se d\u00edv\u00e1te na situaci ve zdravotnictv\u00ed v\u016fbec?<\/p>\n<p>Dnes je v\u0161echno podle hesla: Pen\u00edze a\u017e na prvn\u00edm m\u00edst\u011b\u2026 N\u011bkte\u0159\u00ed l\u00e9ka\u0159i, m\u00edsto toho, aby se v\u011bnovali l\u00e9\u010den\u00ed o\u010dn\u00edch nemoc\u00ed, zakl\u00e1daj\u00ed provozovny optiky a v\u011bnuj\u00ed se prodeji br\u00fdl\u00ed. Stane se pak, \u017ee objednac\u00ed doba v na\u0161em okrese k o\u010dn\u00edmu l\u00e9ka\u0159i se pohybuje od dvou m\u011bs\u00edc\u016f v\u00edce, nebo doch\u00e1z\u00ed i k situaci, \u017ee je tzv. stopstav. A to nemluv\u00edm o tom, kdy\u017e na preventivn\u00edch prohl\u00eddk\u00e1ch d\u011btsk\u00fdch l\u00e9ka\u0159\u016f, pop\u0159. na screeningov\u00e9m vy\u0161et\u0159en\u00ed v na\u0161\u00ed optice, zjist\u00edme, \u017ee by mal\u00fd pacient pot\u0159eboval dal\u0161\u00ed speci\u00e1ln\u00ed vy\u0161et\u0159en\u00ed. Nem\u00e1me tyto pacienty kam poslat. Je\u0161t\u011b \u017ee n\u00e1m vych\u00e1z\u00ed vst\u0159\u00edc nemocnice v sousedn\u00edm okrese. O situaci ve zdravotnictv\u00ed by se dalo popsat mnoho stran. Ka\u017ed\u00fd z n\u00e1s m\u00e1 jist\u011b dobr\u00e9 i zl\u00e9 zku\u0161enosti, jak s l\u00e9ka\u0159i, tak se zdravotn\u00edm person\u00e1lem. To sam\u00e9 plat\u00ed i opa\u010dn\u011b, zdravotn\u00edci maj\u00ed dobr\u00e9 i \u0161patn\u00e9 zku\u0161enosti s pacienty. M\u011bli bychom se asi p\u0159edev\u0161\u00edm \u0159\u00eddit v\u0161ichni pravidlem: Chovej se k lidem tak, jak o\u010dek\u00e1v\u00e1\u0161, \u017ee se budou oni chovat k tob\u011b. Uv\u011bdomit si, \u017ee za pen\u00edze se v\u0161echno koupit ned\u00e1. A pak by se dalo diskutovat o n\u011bkter\u00fdch podivn\u00fdch z\u00e1konech\u2026<\/p>\n<p>&#8211; Jak vn\u00edm\u00e1te sou\u010dasnou mezin\u00e1rodn\u00ed situaci a jak byste ji, pokud byste mohla, \u0159e\u0161ila?<\/p>\n<p>Na toto t\u00e9ma si moc netrouf\u00e1m odpov\u011bd\u011bt. V\u00edm, \u017ee m\u00e1me k ur\u010dit\u00fdm situac\u00edm zkreslen\u00e9 informace. Nenech\u00e1m si vnutit n\u00e1zory n\u011bkter\u00fdch politik\u016f ohledn\u011b situace nap\u0159. na Ukrajin\u011b. Jsem pacifistka, nen\u00e1vid\u00edm v\u0161e, co je spojeno se zab\u00edjen\u00edm nevinn\u00fdch lid\u00ed pro pen\u00edze, bohatstv\u00ed, n\u00e1bo\u017eenstv\u00ed nebo jin\u00e9 politick\u00e9 p\u0159esv\u011bd\u010den\u00ed. Jsem pro vyjedn\u00e1v\u00e1n\u00ed a dohody a n\u00e1sledn\u00e9 oboustrann\u00e9 dodr\u017eov\u00e1n\u00ed dohod. Je asi t\u011b\u017ek\u00e9 domluvit se s fanatikem, moje p\u0159edstavy jsou zna\u010dn\u011b naivn\u00ed, ale jsou ur\u010dit\u011b mezi n\u00e1mi lid\u00e9, kte\u0159\u00ed maj\u00ed dar pozitivn\u011b ovlivnit ty, kte\u0159\u00ed si z jak\u00e9hokoliv d\u016fvodu p\u0159ej\u00ed v\u00e1lky a genocidy. Proto bych si p\u0159\u00e1la, aby se pen\u00edze vynalo\u017een\u00e9 na zab\u00edjen\u00ed lid\u00ed v\u011bnovaly na nasycen\u00ed hladov\u00fdch, na l\u00e9\u010den\u00ed nemocn\u00fdch a pot\u0159ebn\u00fdch, na v\u00fdzkum l\u00e9k\u016f proti smrteln\u00fdm nemocem, na to, aby si ve v\u0161ech zem\u00edch sv\u011bta lid\u00e9 mohli dop\u0159\u00e1t klid, m\u00edr a \u0161t\u011bst\u00ed pro\u017e\u00edt \u017eivot d\u016fstojn\u011b.<\/p>\n<table class=\"docHdrTable\">\n<tbody>\n<tr>\n<td class=\"docHdrNavesti\"><\/td>\n<td>Hal\u00f3 noviny<\/td>\n<\/tr>\n<\/tbody>\n<\/table>\n","protected":false},"excerpt":{"rendered":"<div class=\"mh-excerpt\"><p>Rozhovor se zastupitelkou m\u011bsta Sob\u011bslavi a kandid\u00e1tkou KS\u010cM do zdej\u0161\u00edho zastupitelstva R\u016f\u017eenou Domovou<\/p>\n<\/div>","protected":false},"author":1,"featured_media":0,"comment_status":"open","ping_status":"closed","sticky":false,"template":"","format":"standard","meta":{"footnotes":""},"categories":[9],"tags":[],"class_list":["post-17661","post","type-post","status-publish","format-standard","hentry","category-zpravy"],"_links":{"self":[{"href":"https:\/\/www.invarena.cz\/index.php?rest_route=\/wp\/v2\/posts\/17661","targetHints":{"allow":["GET"]}}],"collection":[{"href":"https:\/\/www.invarena.cz\/index.php?rest_route=\/wp\/v2\/posts"}],"about":[{"href":"https:\/\/www.invarena.cz\/index.php?rest_route=\/wp\/v2\/types\/post"}],"author":[{"embeddable":true,"href":"https:\/\/www.invarena.cz\/index.php?rest_route=\/wp\/v2\/users\/1"}],"replies":[{"embeddable":true,"href":"https:\/\/www.invarena.cz\/index.php?rest_route=%2Fwp%2Fv2%2Fcomments&post=17661"}],"version-history":[{"count":0,"href":"https:\/\/www.invarena.cz\/index.php?rest_route=\/wp\/v2\/posts\/17661\/revisions"}],"wp:attachment":[{"href":"https:\/\/www.invarena.cz\/index.php?rest_route=%2Fwp%2Fv2%2Fmedia&parent=17661"}],"wp:term":[{"taxonomy":"category","embeddable":true,"href":"https:\/\/www.invarena.cz\/index.php?rest_route=%2Fwp%2Fv2%2Fcategories&post=17661"},{"taxonomy":"post_tag","embeddable":true,"href":"https:\/\/www.invarena.cz\/index.php?rest_route=%2Fwp%2Fv2%2Ftags&post=17661"}],"curies":[{"name":"wp","href":"https:\/\/api.w.org\/{rel}","templated":true}]}}