{"id":17665,"date":"2014-09-30T00:13:08","date_gmt":"2014-09-29T22:13:08","guid":{"rendered":"http:\/\/www.invarena.cz\/?p=17665"},"modified":"2014-10-17T22:27:52","modified_gmt":"2014-10-17T20:27:52","slug":"ze-nemoc-rodinu-posili-to-rikaji-hlavne-laici","status":"publish","type":"post","link":"https:\/\/www.invarena.cz\/?p=17665","title":{"rendered":"\u017de nemoc rodinu pos\u00edl\u00ed, to \u0159\u00edkaj\u00ed hlavn\u011b laici"},"content":{"rendered":"<p><strong>\u010ctvrt stolet\u00ed pracuje docent Jan Michal\u00edk z olomouck\u00e9 univerzity s rodinami, kter\u00e9 pe\u010duj\u00ed o <span class=\"highlight\">posti\u017een\u00e9<\/span> a t\u011b\u017ece nemocn\u00e9. A upozor\u0148uje, \u017ee jde v\u017edy o velkou z\u00e1t\u011b\u017e. <\/strong><!--more--><\/p>\n<p><strong>V\u00fdzkum se zam\u011b\u0159il na z\u00e1t\u011b\u017e, kterou pro rodiny znamen\u00e1 p\u00e9\u010de o nemocn\u00e9ho. Odpov\u00eddaj\u00ed jeho v\u00fdsledky va\u0161\u00ed praxi?<\/strong><\/p>\n<p>Ten v\u00fdzkum mus\u00edme v t\u00e9to \u010d\u00e1sti br\u00e1t s rezervou, proto\u017ee v n\u011bm odpov\u00eddaly p\u0159ev\u00e1\u017en\u011b \u017eeny. D\u016fvody rozpadu rodiny, kter\u00e9 uvedly, mohou b\u00fdt zkreslen\u00e9. Mu\u017ei by mohli odpov\u00eddat jinak.<\/p>\n<p><strong>Tak\u017ee m\u00e1te jinou zku\u0161enost?<\/strong><\/p>\n<p>Na kvalitu vztahu maj\u00ed z pohledu p\u00e9\u010de vliv dv\u011b z\u00e1kladn\u00ed v\u011bci \u2013 jej\u00ed d\u00e9lka a n\u00e1ro\u010dnost. Rizikov\u011bj\u0161\u00ed pro vztah je p\u00e9\u010de vy\u017eaduj\u00edc\u00ed a\u017e nep\u0159etr\u017eitou pomoc a samoz\u0159ejm\u011b p\u00e9\u010de dlouhodob\u00e1, \u010dasto i se \u0161patnou progn\u00f3zou.<\/p>\n<p><strong>\u0158\u00edk\u00e1 se, \u017ee n\u011bkter\u00e9 rodiny to naopak v\u00edce stmel\u00ed.<\/strong><\/p>\n<p>Ano, laici to ob\u010das \u0159\u00edkaj\u00ed. A skute\u010dn\u011b k tomu m\u016f\u017ee v n\u011bkter\u00fdch f\u00e1z\u00edch vztahu doj\u00edt. Dlouhodob\u011b v\u0161ak plat\u00ed, \u017ee spole\u010dn\u011b str\u00e1ven\u00fd \u010das, z\u00e1\u017eitky, klid a pohoda hodn\u011b chyb\u011bj\u00ed. A t\u00edm jsou v\u0161echny p\u00e1ry ohro\u017eeny. Pe\u010duj\u00edc\u00edmi osobami jsou v dev\u00edti z deseti p\u0159\u00edpad\u016f \u017eeny. Je ot\u00e1zka, jestli si p\u0159ipou\u0161t\u011bj\u00ed, \u017ee na \u00fakor p\u00e9\u010de zanedb\u00e1vaj\u00ed partnersk\u00fd \u017eivot. A zda ho v\u016fbec mohou nezanedb\u00e1vat. Na to je\u0161t\u011b \u017e\u00e1dn\u00fd v\u00fdzkum nebyl.<\/p>\n<p><strong>M\u011bn\u00ed se postoj spole\u010dnosti v\u016f\u010di <span class=\"highlight\">posti\u017een\u00fdm<\/span>?<\/strong><\/p>\n<p>Ne\u0159ekl bych. Spole\u010dnost moc nechce sly\u0161et o bolestech a probl\u00e9mech. Pro rodinu s d\u00edt\u011btem s ment\u00e1ln\u00edm posti\u017een\u00edm je z\u00e1kladn\u00ed probl\u00e9m naj\u00edt zuba\u0159e. Ale to je jen zkratka ukazuj\u00edc\u00ed na v\u00e1\u017en\u011bj\u0161\u00ed probl\u00e9my.<\/p>\n<p>foto: windchime sxc.hu<\/p>\n<table class=\"docHdrTable\">\n<tbody>\n<tr>\n<td class=\"docHdrNavesti\"><\/td>\n<td>Mlad\u00e1 fronta Dnes\u00a0\u00a0\u00a0\u00a0\u00a0\u00a0 http:\/\/www.idnes.cz\/<\/td>\n<\/tr>\n<\/tbody>\n<\/table>\n","protected":false},"excerpt":{"rendered":"<div class=\"mh-excerpt\"><p>\u010ctvrt stolet\u00ed pracuje docent Jan Michal\u00edk z olomouck\u00e9 univerzity s rodinami, kter\u00e9 pe\u010duj\u00ed o posti\u017een\u00e9 a t\u011b\u017ece nemocn\u00e9. A upozor\u0148uje, \u017ee jde v\u017edy o velkou <a class=\"mh-excerpt-more\" href=\"https:\/\/www.invarena.cz\/?p=17665\" title=\"\u017de nemoc rodinu pos\u00edl\u00ed, to \u0159\u00edkaj\u00ed hlavn\u011b laici\">[&#8230;]<\/a><\/p>\n<\/div>","protected":false},"author":1,"featured_media":14487,"comment_status":"open","ping_status":"closed","sticky":false,"template":"","format":"standard","meta":{"footnotes":""},"categories":[12],"tags":[],"class_list":["post-17665","post","type-post","status-publish","format-standard","has-post-thumbnail","hentry","category-rozhovory"],"_links":{"self":[{"href":"https:\/\/www.invarena.cz\/index.php?rest_route=\/wp\/v2\/posts\/17665","targetHints":{"allow":["GET"]}}],"collection":[{"href":"https:\/\/www.invarena.cz\/index.php?rest_route=\/wp\/v2\/posts"}],"about":[{"href":"https:\/\/www.invarena.cz\/index.php?rest_route=\/wp\/v2\/types\/post"}],"author":[{"embeddable":true,"href":"https:\/\/www.invarena.cz\/index.php?rest_route=\/wp\/v2\/users\/1"}],"replies":[{"embeddable":true,"href":"https:\/\/www.invarena.cz\/index.php?rest_route=%2Fwp%2Fv2%2Fcomments&post=17665"}],"version-history":[{"count":0,"href":"https:\/\/www.invarena.cz\/index.php?rest_route=\/wp\/v2\/posts\/17665\/revisions"}],"wp:featuredmedia":[{"embeddable":true,"href":"https:\/\/www.invarena.cz\/index.php?rest_route=\/wp\/v2\/media\/14487"}],"wp:attachment":[{"href":"https:\/\/www.invarena.cz\/index.php?rest_route=%2Fwp%2Fv2%2Fmedia&parent=17665"}],"wp:term":[{"taxonomy":"category","embeddable":true,"href":"https:\/\/www.invarena.cz\/index.php?rest_route=%2Fwp%2Fv2%2Fcategories&post=17665"},{"taxonomy":"post_tag","embeddable":true,"href":"https:\/\/www.invarena.cz\/index.php?rest_route=%2Fwp%2Fv2%2Ftags&post=17665"}],"curies":[{"name":"wp","href":"https:\/\/api.w.org\/{rel}","templated":true}]}}