{"id":17673,"date":"2014-10-25T12:15:46","date_gmt":"2014-10-25T10:15:46","guid":{"rendered":"http:\/\/www.invarena.cz\/?p=17673"},"modified":"2014-10-25T15:22:04","modified_gmt":"2014-10-25T13:22:04","slug":"strih-katerina-morozova","status":"publish","type":"post","link":"https:\/\/www.invarena.cz\/?p=17673","title":{"rendered":"St\u0159ih: Kate\u0159ina Morozov\u00e1"},"content":{"rendered":"<p><strong>Dvacetilet\u00e1 Kate\u0159ina Morozov\u00e1 je studentkou vysok\u00e9 \u0161koly. Nastoupila nyn\u00ed na filmovou akademii v P\u00edsku a sv\u00e9mu snu st\u00e1t se filmovou st\u0159iha\u010dkou je zas o kousek bl\u00ed\u017e. <\/strong><!--more--><\/p>\n<p>Pro n\u00e1s zdrav\u00e9 je jej\u00ed p\u0159\u00edb\u011bh d\u016fkazem, \u017ee s osudem stoj\u00ed za to se poprat.<br \/>\nM\u00e1lokdo by mo\u017en\u00e1 na \u00fapln\u00e9m za\u010d\u00e1tku uv\u011b\u0159il, co tahle d\u00edvka i p\u0159es sv\u016fj handicap jednou dok\u00e1\u017ee.<\/p>\n<p>Jana MOROZOV\u00c1, matka:\u00a0 P\u0159i tom <span class=\"highlight\">posti\u017een\u00ed<\/span>, kdy\u017e se narodila, nebyli schopni \u0159\u00edct, co je mo\u017en\u00fd a vlastn\u011b neodhadli zdravotn\u00ed stav vlastn\u011b v podstat\u011b v\u016fbec. Kdy\u017e byla jako d\u00edt\u011b, tak si mysleli, \u017ee t\u0159eba bude chodit a sna\u017eili se o to, jen\u017ee to nen\u00ed.<\/p>\n<p>Katka se narodila se srostl\u00fdmi klouby a nefunk\u010dn\u00edmi svaly. Do 4 let vyr\u016fstala v d\u011btsk\u00e9m domov\u011b. Bez pomoci druh\u00fdch se neoble\u010de, ani nenaj\u00ed, del\u0161\u00ed dobu ji bol\u00ed i sed\u011bt. L\u00e9pe j\u00ed je vle\u017ee.<\/p>\n<p>Kate\u0159ina MOROZOV\u00c1 \/2013\/, :\u00a0\u00a0 J\u00e1 jsem se s t\u00edm u\u017e nau\u010dila \u017e\u00edt a ka\u017edej \u010dlov\u011bk s handicapem m\u00e1 dv\u011b mo\u017enosti, bu\u010f se s t\u00edm nau\u010d\u00ed \u017e\u00edt tak jako j\u00e1, anebo prost\u011b se bude ut\u00e1p\u011bt v depres\u00edch.redaktorka:<\/p>\n<p>Tuhle v\u011btu pronesla Katka p\u0159i prvn\u00edm spole\u010dn\u00e9m nat\u00e1\u010den\u00ed. Tehdy byla studentkou Jedli\u010dkova \u00fastavu. Je to rok a p\u016fl zp\u00e1tky. Od t\u00e9 doby se toho dost zm\u011bnilo.<\/p>\n<p>Kate\u0159ina MOROZOV\u00c1 \/\u00fanor 2014\/, :\u00a0\u00a0\u00a0 Ur\u010dit\u011b m\u00e1m strach z maturity, asi jako ka\u017edej, ale no, tak mysl\u00edm si, \u017ee ty p\u0159\u00edpravy na maturitu za\u010dnou a\u017e po plese, dneska bych si to tady cht\u011bla u\u017e\u00edt.<br \/>\nSt\u0159\u00edhat ale nep\u0159estala. S ty\u010dkou v puse nebo bradou. Toto je jej\u00ed video, kter\u00e9 na maturitn\u00ed ples sest\u0159\u00edhala pro svou t\u0159\u00eddu. Odmaturovala v \u010dervnu.Po 4 letech se rozlou\u010dila s Jedli\u010dkov\u00fdm \u00fastavem, s m\u00edstem, kter\u00e9 j\u00ed pr\u00fd hodn\u011b nau\u010dilo a kde na\u0161la nov\u00e9 p\u0159\u00e1tele.<\/p>\n<p>Kate\u0159ina MOROZOV\u00c1, :\u00a0 Necejt\u00edm jako ani radost, ani jako smutek, ale jako radost m\u00e1m, jo, \u017ee jsem to jako ud\u011blala, ale je to takov\u00fd prost\u011b zvl\u00e1\u0161tn\u00ed. Bude mi to tady chyb\u011bt.<\/p>\n<p>&nbsp;<\/p>\n<p>Ne je z Katky vysoko\u0161kola\u010dka. \u0158editel filmov\u00e9 akademie v p\u00edsku splnil sv\u016fj slib. Po maturit\u011b Katku na \u0161kolu p\u0159ijal, nav\u00edc si tady studium sponzoruj\u00ed, odpustili j\u00ed \u0161koln\u00e9.<\/p>\n<p>Milo\u0148 TER\u010c, \u0159editel, Filmov\u00e1 akademie M. Ond\u0159\u00ed\u010dka v P\u00edsku:<br \/>\nBude m\u00edt pocit, \u017ee m\u00e1 vysoko tu spole\u010dnost, \u017ee nebude sed\u011bt doma, nebude se odd\u00e1vat tomu sv\u00fdmu osudu, a to si mysl\u00edm, \u017ee je d\u016fle\u017eit\u00fd a pokud jsem Katku vid\u011bl, tak ona tu v\u016fli m\u00e1, prost\u011b jako chu\u0165 do \u017eivota taky a mysl\u00edm si, \u017ee to je i povzbuzen\u00ed pro ty ostatn\u00ed spolu\u017e\u00e1ky.<\/p>\n<p>Jana MOROZOV\u00c1, matka:\u00a0 J\u00e1 jsem jako nad\u0161en\u00e1 z toho, \u017ee to dot\u00e1hla, proto\u017ee si myslela, \u017ee to nezvl\u00e1dne a cht\u011bla to i vzd\u00e1t jeden \u010das a j\u00e1 jsem \u0159\u00edkala: &#8222;Kdy\u017e to nezkus\u00ed\u0161, tak nezjist\u00ed\u0161, \u017ee to prost\u011b nejde.&#8220;<\/p>\n<p>Kate\u0159ina MOROZOV\u00c1, :\u00a0\u00a0 Chv\u00edle takov\u00fd ur\u010dit\u011b byly, kdy jsem to cht\u011bla s t\u00edm seknout, proto\u017ee lidi byli v\u00edc nad\u0161en\u00fd ne\u017e j\u00e1, a to mi bralo tu motivaci sem j\u00edt, jakoby ode m\u011b n\u011bco o\u010dek\u00e1vaj\u00ed, mn\u011b p\u0159i\u0161lo, \u017ee je t\u0159eba zklamu n\u011b\u010d\u00edm.<\/p>\n<p>Milo\u0148 TER\u010c,<br \/>\nV\u017edycky se \u010dlov\u011bk boj\u00ed, tak je to p\u0159edzv\u011bst toho, \u017ee k t\u011bm v\u011bcem p\u0159istupuje odpov\u011bdn\u011b a \u017ee prost\u011b to nechce br\u00e1t na lehkou v\u00e1hu.<br \/>\nZat\u00edmco ostatn\u00ed si p\u0159i p\u0159edn\u00e1\u0161k\u00e1ch d\u011blaj\u00ed pozn\u00e1mky, Katka nem\u016f\u017ee. V\u0161e si nahr\u00e1v\u00e1 na mobil, prvn\u00ed den jela do \u0161koly 3 kilometry v de\u0161ti na tomto voz\u00edku. Ten se do auta nevejde.<\/p>\n<p>Kate\u0159ina MOROZOV\u00c1, :\u00a0 Ten vozejk tady pot\u0159ebuju, abych byla samostatn\u011bj\u0161\u00ed a, toti\u017e na tom mechani\u010d\u00e1ku, to bych hlavn\u011b dneska celej den nezvl\u00e1dla, se mi na tom \u0161patn\u011b sed\u00ed. Kdy\u017e m\u00e1m ten elektri\u010d\u00e1k, tak pr\u00e1v\u011b to je pro m\u011b snaz\u0161\u00ed, \u017ee si jako ani nemus\u00edm nikomu moc \u0159\u00edkat, aby m\u011b n\u011bkam vyvezl ven.<\/p>\n<p>F. A. BRABEC, re\u017eis\u00e9r; kameraman:<br \/>\nJ\u00e1 si mysl\u00edm, \u017ee to maj\u00ed bejt rovnopr\u00e1vn\u00fd lidi s n\u00e1ma a v\u0161echno, pakli\u017ee m\u00e1 n\u011bkdo talent, tak ho m\u00e1 v t\u00fd hlav\u011b, t\u0159eba j\u00e1 si mysl\u00edm. Talent p\u0159ece j\u00e1 nem\u00e1m taky v noh\u00e1ch \u00fapln\u011b jako kameraman.<\/p>\n<p>&nbsp;<\/p>\n<p>Patrik ULRICH, student:<br \/>\nKdy\u017e m\u00e1me projekci v kin\u011b, co\u017e je v prvn\u00edm pat\u0159e, tak j\u00ed mus\u00edme, na ka\u017ed\u00fdho z n\u00e1s t\u0159eba vyjde slu\u017eba a budeme j\u00ed pom\u00e1hat nahoru, budeme j\u00ed nosit v n\u00e1ru\u010d\u00ed do biografu.<br \/>\nNa filmov\u00e9 akademii v P\u00edsku u\u017e v minulosti n\u011bkolik handicapovan\u00fdch studovalo, na voz\u00edku a s tak velk\u00fdm handicapem zat\u00edm nikdo. Katka je prvn\u00ed.<\/p>\n<p>Jana MOROZOV\u00c1, matka:\u00a0\u00a0 Takov\u00e1 hrdost a obdivem, proto\u017ee ty v\u011bci n\u011bkdo nedok\u00e1\u017ee ani jako zdravej.<br \/>\nDo \u0161koln\u00ed st\u0159i\u017eny se Katka pod\u00edv\u00e1 a\u017e po prvn\u00edm semestru, tedy pokud ud\u011bl\u00e1 zkou\u0161ky. Te\u010f j\u00ed na akademii nejv\u00edc zaujala fotografie.<\/p>\n<p>Kate\u0159ina MOROZOV\u00c1, :\u00a0 Budeme fotit a na to se fakt t\u011b\u0161\u00edm. V\u011bt\u0161inou jako naslepo fot\u00edm, ale v\u011bt\u0161inou to vyjde, a kdy\u017e tak to vyfot\u00edm v\u00edckr\u00e1t<\/p>\n<p>Jana MOROZOV\u00c1, matka:\u00a0\u00a0 Ur\u010dit\u011b je samostatn\u011bj\u0161\u00ed a mysl\u00edm si, \u017ee p\u0159emej\u0161l\u00ed o \u017eivot\u011b, \u017ee by prost\u011b cht\u011bla n\u011bco d\u011blat a dok\u00e1zat, no, d\u0159\u00edv si myslela, \u017ee prost\u011b bude doma, n\u011bjak to prost\u011b zvl\u00e1dne s t\u00edm handicapem a te\u010fka m\u00e1 n\u011bjakej prost\u011b c\u00edl. Ona by opravdu ten film cht\u011bla st\u0159ihat.<br \/>\nJestli jednou opravdu bude, kdo v\u00ed? Ka\u017edop\u00e1dn\u011b se na cestu za sv\u00fdm snem vydala, a to je nejd\u016fle\u017eit\u011bj\u0161\u00ed, a\u0165 u\u017e to dopadne jakkoli.<\/p>\n<p>Milo\u0148 TER\u010c,<br \/>\nTo, kdyby t\u0159eba toho studia zanechala, tak u\u017e jenom to, \u017ee projevila n\u011bjakej z\u00e1jem, n\u011bjak\u00fd p\u0159\u00e1n\u00ed a to cht\u00edt se n\u011b\u010demu nau\u010dit, je samo o sob\u011b velice silnej moment pro lidi, kter\u00fd t\u0159eba zdaleka nemaj\u00ed ten handicap, tak\u017ee u\u017e i tenhle ten krok j\u00e1 jako u n\u00ed vysoce cen\u00edm.<\/p>\n<p>Kate\u0159ina MOROZOV\u00c1, :\u00a0\u00a0 Strach po\u0159\u00e1d jakoby n\u011bjakej m\u00e1m, jo, jakoby, jak to bude jakoby v budoucnu, proto\u017ee te\u010fko jsem po\u0159\u00e1d na za\u010d\u00e1tku. Jsem ur\u010dit\u011b spokojen\u00e1 i \u0161\u0165astn\u00e1.<\/p>\n<div id=\"divDocFoot\"><\/div>\n<p>&nbsp;<\/p>\n<p>&nbsp;<\/p>\n<div id=\"updPanDown\"><\/div>\n","protected":false},"excerpt":{"rendered":"<div class=\"mh-excerpt\"><p>Dvacetilet\u00e1 Kate\u0159ina Morozov\u00e1 je studentkou vysok\u00e9 \u0161koly. Nastoupila nyn\u00ed na filmovou akademii v P\u00edsku a sv\u00e9mu snu st\u00e1t se filmovou st\u0159iha\u010dkou je zas o kousek <a class=\"mh-excerpt-more\" href=\"https:\/\/www.invarena.cz\/?p=17673\" title=\"St\u0159ih: Kate\u0159ina Morozov\u00e1\">[&#8230;]<\/a><\/p>\n<\/div>","protected":false},"author":1,"featured_media":17737,"comment_status":"open","ping_status":"closed","sticky":false,"template":"","format":"standard","meta":{"footnotes":""},"categories":[9],"tags":[],"class_list":["post-17673","post","type-post","status-publish","format-standard","has-post-thumbnail","hentry","category-zpravy"],"_links":{"self":[{"href":"https:\/\/www.invarena.cz\/index.php?rest_route=\/wp\/v2\/posts\/17673","targetHints":{"allow":["GET"]}}],"collection":[{"href":"https:\/\/www.invarena.cz\/index.php?rest_route=\/wp\/v2\/posts"}],"about":[{"href":"https:\/\/www.invarena.cz\/index.php?rest_route=\/wp\/v2\/types\/post"}],"author":[{"embeddable":true,"href":"https:\/\/www.invarena.cz\/index.php?rest_route=\/wp\/v2\/users\/1"}],"replies":[{"embeddable":true,"href":"https:\/\/www.invarena.cz\/index.php?rest_route=%2Fwp%2Fv2%2Fcomments&post=17673"}],"version-history":[{"count":0,"href":"https:\/\/www.invarena.cz\/index.php?rest_route=\/wp\/v2\/posts\/17673\/revisions"}],"wp:featuredmedia":[{"embeddable":true,"href":"https:\/\/www.invarena.cz\/index.php?rest_route=\/wp\/v2\/media\/17737"}],"wp:attachment":[{"href":"https:\/\/www.invarena.cz\/index.php?rest_route=%2Fwp%2Fv2%2Fmedia&parent=17673"}],"wp:term":[{"taxonomy":"category","embeddable":true,"href":"https:\/\/www.invarena.cz\/index.php?rest_route=%2Fwp%2Fv2%2Fcategories&post=17673"},{"taxonomy":"post_tag","embeddable":true,"href":"https:\/\/www.invarena.cz\/index.php?rest_route=%2Fwp%2Fv2%2Ftags&post=17673"}],"curies":[{"name":"wp","href":"https:\/\/api.w.org\/{rel}","templated":true}]}}